{"id":8645,"date":"2024-06-28T11:25:12","date_gmt":"2024-06-28T11:25:12","guid":{"rendered":"https:\/\/surmasterprojects.com\/?p=8645"},"modified":"2025-08-28T10:35:52","modified_gmt":"2025-08-28T10:35:52","slug":"cala-dor-mallorca-guia-de-viaje-completa","status":"publish","type":"post","link":"https:\/\/surmasterprojects.com\/de\/blog\/cala-dor-mallorca-guia-de-viaje-completa\/","title":{"rendered":"Cala d\u2019Or Mallorca: Kompletter Reisef\u00fchrer"},"content":{"rendered":"<p>[et_pb_section fb_built=\u00bb1&#8243; _builder_version=\u00bb4.21.0&#8243; _module_preset=\u00bbdefault\u00bb global_colors_info=\u00bb{}\u00bb][et_pb_row _builder_version=\u00bb4.24.2&#8243; custom_padding=\u00bb21px|||||\u00bb locked=\u00bboff\u00bb global_colors_info=\u00bb{}\u00bb][et_pb_column type=\u00bb4_4&#8243; _builder_version=\u00bb4.16&#8243; global_colors_info=\u00bb{}\u00bb][et_pb_text _builder_version=\u00bb4.25.2&#8243; header_font=\u00bbBellefair||||||||\u00bb header_font_size=\u00bb48px\u00bb header_line_height=\u00bb1.2em\u00bb header_2_font=\u00bbBellefair||||||||\u00bb header_2_text_color=\u00bb#000000&#8243; header_2_font_size=\u00bb48px\u00bb header_2_line_height=\u00bb1.2em\u00bb header_6_font=\u00bbMontserrat|700||on|||||\u00bb header_6_text_color=\u00bb#ff4e00&#8243; header_6_font_size=\u00bb12px\u00bb header_6_letter_spacing=\u00bb2px\u00bb header_6_line_height=\u00bb1.2em\u00bb text_orientation=\u00bbcenter\u00bb max_width=\u00bb700px\u00bb module_alignment=\u00bbcenter\u00bb header_2_font_size_tablet=\u00bb42px\u00bb header_2_font_size_phone=\u00bb34px\u00bb header_2_font_size_last_edited=\u00bbon|desktop\u00bb header_6_font_size_tablet=\u00bb42px\u00bb header_6_font_size_phone=\u00bb34px\u00bb header_6_font_size_last_edited=\u00bboff|phone\u00bb text_text_align=\u00bbjustify\u00bb locked=\u00bboff\u00bb global_colors_info=\u00bb{}\u00bb header_2_2_font_size_tablet=\u00bb42px\u00bb header_3_2_font_size_tablet=\u00bb42px\u00bb header_4_2_font_size_tablet=\u00bb42px\u00bb header_5_2_font_size_tablet=\u00bb42px\u00bb header_6_2_font_size_tablet=\u00bb42px\u00bb header_2_2_font_size_phone=\u00bb34px\u00bb header_3_2_font_size_phone=\u00bb34px\u00bb header_4_2_font_size_phone=\u00bb34px\u00bb header_5_2_font_size_phone=\u00bb34px\u00bb header_6_2_font_size_phone=\u00bb34px\u00bb header_2_2_font_size_last_edited=\u00bbon|tablet\u00bb header_3_2_font_size_last_edited=\u00bbon|tablet\u00bb header_4_2_font_size_last_edited=\u00bbon|tablet\u00bb header_5_2_font_size_last_edited=\u00bbon|tablet\u00bb header_6_2_font_size_last_edited=\u00bbon|tablet\u00bb header_2_3_font_size_tablet=\u00bb34px\u00bb header_3_3_font_size_tablet=\u00bb34px\u00bb header_4_3_font_size_tablet=\u00bb34px\u00bb header_5_3_font_size_tablet=\u00bb34px\u00bb header_6_3_font_size_tablet=\u00bb34px\u00bb header_2_3_font_size_phone=\u00bb28px\u00bb header_3_3_font_size_phone=\u00bb28px\u00bb header_4_3_font_size_phone=\u00bb28px\u00bb header_5_3_font_size_phone=\u00bb28px\u00bb header_6_3_font_size_phone=\u00bb28px\u00bb header_2_3_font_size_last_edited=\u00bbon|phone\u00bb header_3_3_font_size_last_edited=\u00bbon|phone\u00bb header_4_3_font_size_last_edited=\u00bbon|phone\u00bb header_5_3_font_size_last_edited=\u00bbon|phone\u00bb header_6_3_font_size_last_edited=\u00bbon|phone\u00bb header_2_4_font_size_tablet=\u00bb22px\u00bb header_3_4_font_size_tablet=\u00bb22px\u00bb header_4_4_font_size_tablet=\u00bb22px\u00bb header_5_4_font_size_tablet=\u00bb22px\u00bb header_6_4_font_size_tablet=\u00bb22px\u00bb header_2_4_font_size_phone=\u00bb18px\u00bb header_3_4_font_size_phone=\u00bb18px\u00bb header_4_4_font_size_phone=\u00bb18px\u00bb header_5_4_font_size_phone=\u00bb18px\u00bb header_6_4_font_size_phone=\u00bb18px\u00bb header_2_4_font_size_last_edited=\u00bbon|phone\u00bb header_3_4_font_size_last_edited=\u00bbon|phone\u00bb header_4_4_font_size_last_edited=\u00bbon|phone\u00bb header_5_4_font_size_last_edited=\u00bbon|phone\u00bb header_6_4_font_size_last_edited=\u00bbon|phone\u00bb header_2_5_font_size_phone=\u00bb16px\u00bb header_3_5_font_size_phone=\u00bb16px\u00bb header_4_5_font_size_phone=\u00bb16px\u00bb header_5_5_font_size_phone=\u00bb16px\u00bb header_6_5_font_size_phone=\u00bb16px\u00bb header_2_5_font_size_last_edited=\u00bbon|tablet\u00bb header_3_5_font_size_last_edited=\u00bbon|tablet\u00bb header_4_5_font_size_last_edited=\u00bbon|tablet\u00bb header_5_5_font_size_last_edited=\u00bbon|tablet\u00bb header_6_5_font_size_last_edited=\u00bbon|tablet\u00bb]<\/p>\n<h6>CALA D&#8217;OR: GU\u00cdA DE VIAJE COMPLETA<\/h6>\n<h1>Gu\u00eda de Viaje a Cala d&#8217;Or (Palma de Mallorca)<\/h1>\n<p>[\/et_pb_text][et_pb_image src=\u00bbhttps:\/\/surmasterprojects.com\/wp-content\/uploads\/2023\/09\/cala-dor-aerea-1024&#215;450-1.jpg\u00bb title_text=\u00bbVista-panor\u00e1mica-de-Cala-dOr\u00bb align=\u00bbcenter\u00bb _builder_version=\u00bb4.25.2&#8243; global_colors_info=\u00bb{}\u00bb][\/et_pb_image][\/et_pb_column][\/et_pb_row][et_pb_row column_structure=\u00bb1_2,1_2&#8243; _builder_version=\u00bb4.16&#8243; custom_padding=\u00bb||0px|||\u00bb global_colors_info=\u00bb{}\u00bb][et_pb_column type=\u00bb1_2&#8243; _builder_version=\u00bb4.16&#8243; global_colors_info=\u00bb{}\u00bb][et_pb_text _builder_version=\u00bb4.27.4&#8243; header_font=\u00bbBellefair||||||||\u00bb header_text_color=\u00bb#000000&#8243; header_font_size=\u00bb48px\u00bb header_line_height=\u00bb1.2em\u00bb header_2_font=\u00bbBellefair||||||||\u00bb header_2_text_align=\u00bbleft\u00bb header_2_text_color=\u00bb#000000&#8243; header_2_font_size=\u00bb48px\u00bb header_2_line_height=\u00bb1.2em\u00bb header_3_font=\u00bbBellefair||||||||\u00bb header_3_text_color=\u00bb#000000&#8243; header_3_font_size=\u00bb38px\u00bb header_3_line_height=\u00bb1.2em\u00bb header_4_font=\u00bbBellefair||||||||\u00bb header_4_text_color=\u00bb#000000&#8243; header_4_font_size=\u00bb30px\u00bb header_4_line_height=\u00bb1.4em\u00bb header_5_font=\u00bbBellefair||||||||\u00bb header_5_text_color=\u00bb#000000&#8243; header_5_font_size=\u00bb22px\u00bb header_5_line_height=\u00bb1.2em\u00bb header_6_font=\u00bbMontserrat|700||on|||||\u00bb header_6_text_color=\u00bb#ff4e00&#8243; header_6_font_size=\u00bb12px\u00bb header_6_letter_spacing=\u00bb2px\u00bb header_6_line_height=\u00bb1.2em\u00bb hover_enabled=\u00bb0&#8243; header_font_size_tablet=\u00bb42px\u00bb header_font_size_phone=\u00bb34px\u00bb header_font_size_last_edited=\u00bbon|tablet\u00bb header_2_font_size_tablet=\u00bb42px\u00bb header_2_font_size_phone=\u00bb34px\u00bb header_2_font_size_last_edited=\u00bbon|tablet\u00bb header_3_font_size_tablet=\u00bb34px\u00bb header_3_font_size_phone=\u00bb28px\u00bb header_3_font_size_last_edited=\u00bbon|phone\u00bb header_4_font_size_tablet=\u00bb22px\u00bb header_4_font_size_phone=\u00bb18px\u00bb header_4_font_size_last_edited=\u00bbon|phone\u00bb header_5_font_size_tablet=\u00bb\u00bb header_5_font_size_phone=\u00bb16px\u00bb header_5_font_size_last_edited=\u00bbon|tablet\u00bb border_color_all=\u00bb#ff4e00&#8243; border_width_bottom=\u00bb4px\u00bb text_text_align=\u00bbjustify\u00bb locked=\u00bboff\u00bb global_colors_info=\u00bb{}\u00bb header_2_2_font_size_tablet=\u00bb42px\u00bb header_3_2_font_size_tablet=\u00bb42px\u00bb header_4_2_font_size_tablet=\u00bb42px\u00bb header_5_2_font_size_tablet=\u00bb42px\u00bb header_6_2_font_size_tablet=\u00bb42px\u00bb header_2_2_font_size_phone=\u00bb34px\u00bb header_3_2_font_size_phone=\u00bb34px\u00bb header_4_2_font_size_phone=\u00bb34px\u00bb header_5_2_font_size_phone=\u00bb34px\u00bb header_6_2_font_size_phone=\u00bb34px\u00bb header_2_2_font_size_last_edited=\u00bbon|tablet\u00bb header_3_2_font_size_last_edited=\u00bbon|tablet\u00bb header_4_2_font_size_last_edited=\u00bbon|tablet\u00bb header_5_2_font_size_last_edited=\u00bbon|tablet\u00bb header_6_2_font_size_last_edited=\u00bbon|tablet\u00bb header_2_3_font_size_tablet=\u00bb34px\u00bb header_3_3_font_size_tablet=\u00bb34px\u00bb header_4_3_font_size_tablet=\u00bb34px\u00bb header_5_3_font_size_tablet=\u00bb34px\u00bb header_6_3_font_size_tablet=\u00bb34px\u00bb header_2_3_font_size_phone=\u00bb28px\u00bb header_3_3_font_size_phone=\u00bb28px\u00bb header_4_3_font_size_phone=\u00bb28px\u00bb header_5_3_font_size_phone=\u00bb28px\u00bb header_6_3_font_size_phone=\u00bb28px\u00bb header_2_3_font_size_last_edited=\u00bbon|phone\u00bb header_3_3_font_size_last_edited=\u00bbon|phone\u00bb header_4_3_font_size_last_edited=\u00bbon|phone\u00bb header_5_3_font_size_last_edited=\u00bbon|phone\u00bb header_6_3_font_size_last_edited=\u00bbon|phone\u00bb header_2_4_font_size_tablet=\u00bb22px\u00bb header_3_4_font_size_tablet=\u00bb22px\u00bb header_4_4_font_size_tablet=\u00bb22px\u00bb header_5_4_font_size_tablet=\u00bb22px\u00bb header_6_4_font_size_tablet=\u00bb22px\u00bb header_2_4_font_size_phone=\u00bb18px\u00bb header_3_4_font_size_phone=\u00bb18px\u00bb header_4_4_font_size_phone=\u00bb18px\u00bb header_5_4_font_size_phone=\u00bb18px\u00bb header_6_4_font_size_phone=\u00bb18px\u00bb header_2_4_font_size_last_edited=\u00bbon|phone\u00bb header_3_4_font_size_last_edited=\u00bbon|phone\u00bb header_4_4_font_size_last_edited=\u00bbon|phone\u00bb header_5_4_font_size_last_edited=\u00bbon|phone\u00bb header_6_4_font_size_last_edited=\u00bbon|phone\u00bb header_2_5_font_size_phone=\u00bb16px\u00bb header_3_5_font_size_phone=\u00bb16px\u00bb header_4_5_font_size_phone=\u00bb16px\u00bb header_5_5_font_size_phone=\u00bb16px\u00bb header_6_5_font_size_phone=\u00bb16px\u00bb header_2_5_font_size_last_edited=\u00bbon|tablet\u00bb header_3_5_font_size_last_edited=\u00bbon|tablet\u00bb header_4_5_font_size_last_edited=\u00bbon|tablet\u00bb header_5_5_font_size_last_edited=\u00bbon|tablet\u00bb header_6_5_font_size_last_edited=\u00bbon|tablet\u00bb sticky_enabled=\u00bb0&#8243;]<\/p>\n<h4>Cala d&#8217;Or es un localidad de Palma de Mallorca situado\u00a0al sur de Portocolom y cerca de Portopetro y Cala Figuera.<\/h4>\n<p>[\/et_pb_text][et_pb_text _builder_version=\u00bb4.25.2&#8243; text_font=\u00bb||||||||\u00bb text_font_size=\u00bb16px\u00bb text_line_height=\u00bb2em\u00bb text_orientation=\u00bbjustified\u00bb custom_margin=\u00bb||24px|||\u00bb text_font_size_tablet=\u00bb15px\u00bb text_font_size_phone=\u00bb14px\u00bb text_font_size_last_edited=\u00bbon|phone\u00bb header_2_font_size_tablet=\u00bb\u00bb header_2_font_size_phone=\u00bb\u00bb header_2_font_size_last_edited=\u00bbon|phone\u00bb header_2_letter_spacing_tablet=\u00bb\u00bb header_2_letter_spacing_phone=\u00bb\u00bb header_2_letter_spacing_last_edited=\u00bbon|phone\u00bb header_2_line_height_tablet=\u00bb\u00bb header_2_line_height_phone=\u00bb1.3em\u00bb header_2_line_height_last_edited=\u00bbon|phone\u00bb locked=\u00bboff\u00bb global_colors_info=\u00bb{}\u00bb]<\/p>\n<p>Este destino es muy popular entre familias, parejas y grupos de amigos debido a su animada vida nocturna y hermosas calas. En esta gu\u00eda de viaje a Cala d&#8217;Or (Palma de Mallorca), exploraremos todo lo que necesitas saber para disfrutar al m\u00e1ximo de este para\u00edso balear.<\/p>\n<p>[\/et_pb_text][et_pb_image src=\u00bbhttps:\/\/surmasterprojects.com\/wp-content\/uploads\/2023\/08\/calador-1.jpg\u00bb title_text=\u00bbcalador-1&#8243; _builder_version=\u00bb4.25.2&#8243; _module_preset=\u00bbdefault\u00bb custom_margin=\u00bb33px|||||\u00bb global_colors_info=\u00bb{}\u00bb][\/et_pb_image][\/et_pb_column][et_pb_column type=\u00bb1_2&#8243; _builder_version=\u00bb4.16&#8243; global_colors_info=\u00bb{}\u00bb][et_pb_text _builder_version=\u00bb4.27.4&#8243; text_font=\u00bb||||||||\u00bb text_font_size=\u00bb16px\u00bb text_line_height=\u00bb2em\u00bb header_2_line_height=\u00bb1.2em\u00bb header_3_line_height=\u00bb1.2em\u00bb text_orientation=\u00bbjustified\u00bb hover_enabled=\u00bb0&#8243; text_font_size_tablet=\u00bb15px\u00bb text_font_size_phone=\u00bb14px\u00bb text_font_size_last_edited=\u00bbon|phone\u00bb header_2_font_size_tablet=\u00bb\u00bb header_2_font_size_phone=\u00bb\u00bb header_2_font_size_last_edited=\u00bbon|phone\u00bb header_2_letter_spacing_tablet=\u00bb\u00bb header_2_letter_spacing_phone=\u00bb\u00bb header_2_letter_spacing_last_edited=\u00bbon|phone\u00bb locked=\u00bboff\u00bb global_colors_info=\u00bb{}\u00bb sticky_enabled=\u00bb0&#8243;]<\/p>\n<h2>Introducci\u00f3n a Cala d&#8217;Or: El Para\u00edso de Palma de Mallorca<\/h2>\n<p>Cala d&#8217;Or, conocida como la \u00abCala de Oro\u00bb, es famosa por sus impresionantes calas, aguas cristalinas y el vibrante puerto natural de Cala Llonga. Este puerto es uno de los m\u00e1s importantes de Mallorca y est\u00e1 rodeado de una gran cantidad de restaurantes, bares y tiendas.<\/p>\n<h3>Historia y Origen de Cala d&#8217;Or<\/h3>\n<p>Cala d&#8217;Or fue fundada en la d\u00e9cada de 1930 por un arquitecto catal\u00e1n que se inspir\u00f3 en el estilo ibicenco. Este estilo arquitect\u00f3nico sigue predominando en la zona, creando un entorno pintoresco y arm\u00f3nico.<\/p>\n<p><span>La historia de Cala d\u2019Or es tan diversa como su paisaje. Desde las ra\u00edces romanas hasta la influencia \u00e1rabe, cada per\u00edodo ha dejado una huella \u00fanica en esta regi\u00f3n costera.<\/span><\/p>\n<p><span>Si te interesa saber m\u00e1s no te pierdas nuestro <a href=\"https:\/\/surmasterprojects.com\/es\/blog\/historia-y-cultura-de-cala-dor\/\">art\u00edculo sobre la histor\u00eda y cultura de Cala d&#8217;Or<\/a><\/span><\/p>\n<h3>Clima y Mejor \u00c9poca para Visitar Cala d&#8217;Or<\/h3>\n<p>El clima mediterr\u00e1neo de Cala d&#8217;Or garantiza veranos c\u00e1lidos e inviernos suaves. La mejor \u00e9poca para visitar es de mayo a septiembre, cuando las temperaturas oscilan entre 25 y 30 grados Celsius, perfectas para disfrutar de la playa y actividades al aire libre.<\/p>\n<p>[\/et_pb_text][\/et_pb_column][\/et_pb_row][et_pb_row column_structure=\u00bb1_2,1_2&#8243; _builder_version=\u00bb4.16&#8243; custom_margin=\u00bb-1px|auto||auto||\u00bb custom_padding=\u00bb||0px|||\u00bb global_colors_info=\u00bb{}\u00bb][et_pb_column type=\u00bb1_2&#8243; _builder_version=\u00bb4.16&#8243; global_colors_info=\u00bb{}\u00bb][et_pb_text _builder_version=\u00bb4.25.2&#8243; text_font=\u00bb||||||||\u00bb text_font_size=\u00bb16px\u00bb text_line_height=\u00bb2em\u00bb header_2_line_height=\u00bb1.2em\u00bb header_3_line_height=\u00bb1.2em\u00bb text_orientation=\u00bbjustified\u00bb text_font_size_tablet=\u00bb15px\u00bb text_font_size_phone=\u00bb14px\u00bb text_font_size_last_edited=\u00bbon|phone\u00bb header_2_font_size_tablet=\u00bb\u00bb header_2_font_size_phone=\u00bb\u00bb header_2_font_size_last_edited=\u00bbon|phone\u00bb header_2_letter_spacing_tablet=\u00bb\u00bb header_2_letter_spacing_phone=\u00bb\u00bb header_2_letter_spacing_last_edited=\u00bbon|phone\u00bb header_2_line_height_phone=\u00bb1.3em\u00bb header_2_line_height_last_edited=\u00bboff|desktop\u00bb locked=\u00bboff\u00bb global_colors_info=\u00bb{}\u00bb]<\/p>\n<h2>C\u00f3mo Llegar a Cala d&#8217;Or desde Palma de Mallorca<\/h2>\n<h2>Llegar en Coche de Alquiler<\/h2>\n<p>La distancia entre Palma de Mallorca y Cala d&#8217;Or es de unos 70 kil\u00f3metros. Puedes alquilar un coche y tomar la Ma-19, lo que te llevar\u00e1 aproximadamente 1 hora y 20 minutos. Te recomendamos usar Auto Europe para comparar y reservar tu coche de alquiler.<\/p>\n<h2>Llegar en Transporte P\u00fablico<\/h2>\n<p>Tambi\u00e9n puedes llegar en transporte p\u00fablico tomando el bus TIB 501 hasta Felanitx y luego el bus L514, o el bus 501 hasta Campos y despu\u00e9s la l\u00ednea 515. El trayecto dura aproximadamente 1 hora y media. La parada de bus est\u00e1 en la Avenida de Calonge, a 8 minutos caminando de Cala Petita.<\/p>\n<p>[\/et_pb_text][et_pb_image src=\u00bbhttps:\/\/surmasterprojects.com\/wp-content\/uploads\/2023\/08\/cala-gran-cala-dor-scaled.jpg\u00bb title_text=\u00bbcala gran cala dor\u00bb _builder_version=\u00bb4.25.2&#8243; _module_preset=\u00bbdefault\u00bb custom_margin=\u00bb33px|||||\u00bb global_colors_info=\u00bb{}\u00bb][\/et_pb_image][\/et_pb_column][et_pb_column type=\u00bb1_2&#8243; _builder_version=\u00bb4.16&#8243; global_colors_info=\u00bb{}\u00bb][et_pb_image src=\u00bbhttps:\/\/surmasterprojects.com\/wp-content\/uploads\/2023\/12\/rotonda-calador.jpg\u00bb title_text=\u00bbrotonda-calador\u00bb _builder_version=\u00bb4.25.2&#8243; _module_preset=\u00bbdefault\u00bb custom_margin=\u00bb8px|||||\u00bb global_colors_info=\u00bb{}\u00bb][\/et_pb_image][et_pb_text _builder_version=\u00bb4.25.2&#8243; text_font=\u00bb||||||||\u00bb text_font_size=\u00bb16px\u00bb text_line_height=\u00bb2em\u00bb header_2_line_height=\u00bb1.2em\u00bb header_3_line_height=\u00bb1.2em\u00bb text_orientation=\u00bbjustified\u00bb text_font_size_tablet=\u00bb15px\u00bb text_font_size_phone=\u00bb14px\u00bb text_font_size_last_edited=\u00bbon|phone\u00bb header_2_font_size_tablet=\u00bb\u00bb header_2_font_size_phone=\u00bb\u00bb header_2_font_size_last_edited=\u00bbon|phone\u00bb header_2_letter_spacing_tablet=\u00bb\u00bb header_2_letter_spacing_phone=\u00bb\u00bb header_2_letter_spacing_last_edited=\u00bbon|phone\u00bb locked=\u00bboff\u00bb global_colors_info=\u00bb{}\u00bb]<\/p>\n<h2>Las Mejores Playas en Cala d&#8217;Or, Palma de Mallorca<\/h2>\n<p>Cala d&#8217;Or es conocida por sus impresionantes playas y calas, perfectas para todo tipo de viajeros.<\/p>\n<h3>Playa Cala Gran: La Principal Atracci\u00f3n<\/h3>\n<p>Cala Gran es la playa m\u00e1s grande y popular de Cala d&#8217;Or. Con arena blanca y aguas turquesas, es ideal para nadar y practicar deportes acu\u00e1ticos. La playa est\u00e1 rodeada de restaurantes y bares, ofreciendo todas las comodidades necesarias.<\/p>\n<h3>Playa Cala Esmeralda: Un Rinc\u00f3n Escondido<\/h3>\n<p>Cala Esmeralda es una peque\u00f1a cala de aguas cristalinas y tranquilas, perfecta para quienes buscan un lugar m\u00e1s \u00edntimo. Su entorno natural y su ambiente relajado la convierten en una joya escondida de Cala d&#8217;Or.<\/p>\n<p>[\/et_pb_text][\/et_pb_column][\/et_pb_row][et_pb_row column_structure=\u00bb1_2,1_2&#8243; _builder_version=\u00bb4.16&#8243; custom_padding=\u00bb28px||0px|||\u00bb global_colors_info=\u00bb{}\u00bb][et_pb_column type=\u00bb1_2&#8243; _builder_version=\u00bb4.16&#8243; global_colors_info=\u00bb{}\u00bb][et_pb_text _builder_version=\u00bb4.27.4&#8243; text_font=\u00bb||||||||\u00bb text_font_size=\u00bb16px\u00bb text_line_height=\u00bb2em\u00bb header_2_line_height=\u00bb1.2em\u00bb header_3_line_height=\u00bb1.2em\u00bb text_orientation=\u00bbjustified\u00bb hover_enabled=\u00bb0&#8243; text_font_size_tablet=\u00bb15px\u00bb text_font_size_phone=\u00bb14px\u00bb text_font_size_last_edited=\u00bbon|phone\u00bb header_2_font_size_tablet=\u00bb\u00bb header_2_font_size_phone=\u00bb\u00bb header_2_font_size_last_edited=\u00bbon|phone\u00bb header_2_letter_spacing_tablet=\u00bb\u00bb header_2_letter_spacing_phone=\u00bb\u00bb header_2_letter_spacing_last_edited=\u00bbon|phone\u00bb locked=\u00bboff\u00bb global_colors_info=\u00bb{}\u00bb sticky_enabled=\u00bb0&#8243;]<\/p>\n<h2>Otras Calas Destacadas en Cala d&#8217;Or<\/h2>\n<h3>Cala Ferrera<\/h3>\n<p>Cala Ferrera es una peque\u00f1a cala de arena y rocas, con servicios como alquiler de hamacas, sombrillas y socorristas. Es perfecta para familias y personas con movilidad reducida.<\/p>\n<h3>Cala Serena<\/h3>\n<p>Cala Serena es una cala semi virgen de f\u00e1cil acceso, ideal para ni\u00f1os y buceadores debido a sus aguas protegidas y tranquilas.<\/p>\n<p>&nbsp;<\/p>\n<h2>Actividades y Atracciones en Cala d&#8217;Or<\/h2>\n<p>Adem\u00e1s de sus playas, Cala d&#8217;Or ofrece una variedad de actividades y atracciones para todos los gustos.<\/p>\n<h3>Excursiones en Barco y Deportes Acu\u00e1ticos<\/h3>\n<p>Las excursiones en barco son una forma fant\u00e1stica de explorar la costa de Cala d&#8217;Or y sus calas escondidas. Tambi\u00e9n se pueden practicar deportes acu\u00e1ticos como el paddle surf, el kayak y el buceo. Tambien puedes encontrar diversas rutas para recorrer en bicicleta, consulta nuestro <a href=\"https:\/\/surmasterprojects.com\/es\/blog\/cala-dor-en-bicicleta-rutas-y-bellezas-naturales-al-alcance-de-tu-pedal\/\">art\u00edculo sobre rutas en bicicleta en Cala d&#8217;Or<\/a>.<\/p>\n<h3>Paseos y Caminatas por el Parque Natural de Mondrag\u00f3<\/h3>\n<p>A pocos kil\u00f3metros de Cala d&#8217;Or se encuentra el Parque Natural de Mondrag\u00f3, un lugar perfecto para los amantes de la naturaleza. El parque ofrece rutas de senderismo que atraviesan paisajes impresionantes y calas v\u00edrgenes.<\/p>\n<p>Si viajas en familia te recomendamos nuestro <a href=\"https:\/\/surmasterprojects.com\/es\/blog\/actividades-para-ninos-y-padres\/\">art\u00edculo sobre actividades en familia en Cala d&#8217;Or<\/a>.<\/p>\n<h2>Eventos y fiestas en Cala d&#8217;Or<\/h2>\n<p>Cala d&#8217;Or no solo cautiva con su belleza, tambi\u00e9n se convierte en un vibrante hervidero de tradiciones y alegr\u00eda gracias a los eventos y festivales celebrados a lo largo del a\u00f1o. Si quieres saber m\u00e1s not e pierdas nuestro <a href=\"https:\/\/surmasterprojects.com\/es\/blog\/explorando-la-riqueza-cultural-a-traves-de-eventos-y-festivales-en-cala-dor\/\">art\u00edculo sobre eventos y fiestas en Cala d&#8217;Or<\/a>.<\/p>\n<p>Y para los amantes del jazz, Cala d&#8217;Or celebra cada a\u00f1o el <a href=\"https:\/\/surmasterprojects.com\/es\/blog\/cala-dor-jazz-festival\/\">Cala d\u2019Or Jazz festiva<\/a>l, uno de los eventos m\u00e1s importantes para los amantes de este g\u00e9nero musical.<\/p>\n<p>[\/et_pb_text][\/et_pb_column][et_pb_column type=\u00bb1_2&#8243; _builder_version=\u00bb4.16&#8243; global_colors_info=\u00bb{}\u00bb][et_pb_image src=\u00bbhttps:\/\/surmasterprojects.com\/wp-content\/uploads\/2024\/05\/1076px-Cala_Ferrera2.jpg\u00bb title_text=\u00bb1076px-Cala_Ferrera2&#8243; _builder_version=\u00bb4.25.2&#8243; _module_preset=\u00bbdefault\u00bb custom_margin=\u00bb33px|||||\u00bb global_colors_info=\u00bb{}\u00bb][\/et_pb_image][et_pb_text _builder_version=\u00bb4.27.4&#8243; text_font=\u00bb||||||||\u00bb text_font_size=\u00bb16px\u00bb text_line_height=\u00bb2em\u00bb header_2_line_height=\u00bb1.2em\u00bb header_3_line_height=\u00bb1.2em\u00bb text_orientation=\u00bbjustified\u00bb hover_enabled=\u00bb0&#8243; text_font_size_tablet=\u00bb15px\u00bb text_font_size_phone=\u00bb14px\u00bb text_font_size_last_edited=\u00bbon|phone\u00bb header_2_font_size_tablet=\u00bb\u00bb header_2_font_size_phone=\u00bb\u00bb header_2_font_size_last_edited=\u00bbon|phone\u00bb header_2_letter_spacing_tablet=\u00bb\u00bb header_2_letter_spacing_phone=\u00bb\u00bb header_2_letter_spacing_last_edited=\u00bbon|phone\u00bb locked=\u00bboff\u00bb global_colors_info=\u00bb{}\u00bb sticky_enabled=\u00bb0&#8243;]<\/p>\n<h2>Alojamiento en Cala d&#8217;Or: D\u00f3nde Hospedarse<\/h2>\n<p>Cala d&#8217;Or cuenta con una amplia variedad de opciones de alojamiento, desde hoteles de lujo hasta apartamentos y villas privadas. Uno de los alojamientos m\u00e1s recomendados es el<\/p>\n<h3>Hoteles de Lujo en Cala d&#8217;Or<\/h3>\n<p>Para quienes buscan una experiencia de alta gama, Cala d&#8217;Or ofrece varios hoteles de lujo con vistas al mar, piscinas infinitas y servicios de primera clase. Uno de los <a href=\"https:\/\/www.hoteldor.com\/\">mejores alojamientos en Cala d&#8217;Or es el Hotel D&#8217;Or<\/a>.<\/p>\n<h3>Opciones de Alojamiento Econ\u00f3mico<\/h3>\n<p>Tambi\u00e9n hay opciones m\u00e1s econ\u00f3micas, como hostales y apartamentos, que ofrecen comodidad y buen servicio a precios razonables, ideales para familias y viajeros con presupuesto limitado.<\/p>\n<p>&nbsp;<\/p>\n<h2>Sitios imprescindibles en Cala d&#8217;Or que debes visitar<\/h2>\n<p>El encanto de Cala d\u2019Or se refleja tambi\u00e9n en su arquitectura \u00fanica. Pasea por el puerto deportivo y marav\u00edllate con la elegancia de sus yates y barcos o haz una excursi\u00f3n al Castillo de Santueri. Si quieres m\u00e1s informaci\u00f3n no te pierdas nuestro <a href=\"https:\/\/surmasterprojects.com\/es\/blog\/que-ver-en-cala-dor-un-destino-inigualable\/\">art\u00edculo sobre que ver en Cala d&#8217;Or.<\/a><\/p>\n<p>[\/et_pb_text][\/et_pb_column][\/et_pb_row][et_pb_row column_structure=\u00bb1_2,1_2&#8243; _builder_version=\u00bb4.16&#8243; custom_padding=\u00bb28px||0px|||\u00bb global_colors_info=\u00bb{}\u00bb][et_pb_column type=\u00bb1_2&#8243; _builder_version=\u00bb4.16&#8243; global_colors_info=\u00bb{}\u00bb][et_pb_text _builder_version=\u00bb4.27.4&#8243; text_font=\u00bb||||||||\u00bb text_font_size=\u00bb16px\u00bb text_line_height=\u00bb2em\u00bb header_2_line_height=\u00bb1.2em\u00bb header_3_line_height=\u00bb1.2em\u00bb text_orientation=\u00bbjustified\u00bb hover_enabled=\u00bb0&#8243; text_font_size_tablet=\u00bb15px\u00bb text_font_size_phone=\u00bb14px\u00bb text_font_size_last_edited=\u00bbon|phone\u00bb header_2_font_size_tablet=\u00bb\u00bb header_2_font_size_phone=\u00bb\u00bb header_2_font_size_last_edited=\u00bbon|phone\u00bb header_2_letter_spacing_tablet=\u00bb\u00bb header_2_letter_spacing_phone=\u00bb\u00bb header_2_letter_spacing_last_edited=\u00bbon|phone\u00bb locked=\u00bboff\u00bb global_colors_info=\u00bb{}\u00bb sticky_enabled=\u00bb0&#8243;]<\/p>\n<h2>Gastronom\u00eda en Cala d&#8217;Or: D\u00f3nde Comer y Beber<\/h2>\n<p>La oferta gastron\u00f3mica de Cala d&#8217;Or es amplia y variada, con una mezcla de cocina local e internacional.<\/p>\n<h3>Restaurantes de Cocina Mallorquina<\/h3>\n<p>Para una experiencia aut\u00e9ntica, prueba los restaurantes que sirven cocina mallorquina. Platos como el tumbet, la sobrasada y las ensaimadas son indispensables. Algunos de los mejores restaurantes en Cala d&#8217;Or son el <a href=\"https:\/\/surmasterprojects.com\/es\/restaurante-sivina\/\">Restaurante Sivina<\/a>, el <a href=\"https:\/\/surmasterprojects.com\/es\/restaurante-bocana\/\">Restaurante Bocana Tapas &amp; Cocktails<\/a>, el <a href=\"https:\/\/surmasterprojects.com\/es\/tacoslab-restaurante-cala-dor\/\">Restaurante TacosLab<\/a> y el <a href=\"https:\/\/surmasterprojects.com\/es\/restaurante-don-leone\/\">Restaurante Don Leone<\/a>.<\/p>\n<h3>Bares y Vida Nocturna en Cala d&#8217;Or<\/h3>\n<p>La vida nocturna en Cala d&#8217;Or es vibrante, con numerosos bares y clubes que ofrecen m\u00fasica en vivo, c\u00f3cteles y entretenimiento hasta altas horas de la noche. Si buscas un bar o un pub d\u00f3nde <a href=\"https:\/\/surmasterprojects.com\/es\/dugans-irish-pub-cala-dor\/\">tomar algo y disfrutar de buena m\u00fasica en Cala d&#8217;Or te recomendamos el Dugans Irish Pub<\/a>.<\/p>\n<p>[\/et_pb_text][\/et_pb_column][et_pb_column type=\u00bb1_2&#8243; _builder_version=\u00bb4.16&#8243; global_colors_info=\u00bb{}\u00bb][et_pb_image src=\u00bbhttps:\/\/surmasterprojects.com\/wp-content\/uploads\/2024\/05\/960px-Cala_Serena_12.jpg\u00bb title_text=\u00bb960px-Cala_Serena_12&#8243; _builder_version=\u00bb4.25.2&#8243; _module_preset=\u00bbdefault\u00bb custom_margin=\u00bb33px|||||\u00bb global_colors_info=\u00bb{}\u00bb][\/et_pb_image][\/et_pb_column][\/et_pb_row][et_pb_row _builder_version=\u00bb4.21.0&#8243; custom_margin=\u00bb36px|auto||auto||\u00bb custom_padding=\u00bb34px||0px|||\u00bb global_colors_info=\u00bb{}\u00bb][et_pb_column type=\u00bb4_4&#8243; _builder_version=\u00bb4.16&#8243; global_colors_info=\u00bb{}\u00bb][et_pb_divider color=\u00bb#f75e00&#8243; divider_weight=\u00bb4px\u00bb _builder_version=\u00bb4.21.0&#8243; _module_preset=\u00bbdefault\u00bb width=\u00bb40%\u00bb module_alignment=\u00bbcenter\u00bb global_colors_info=\u00bb{}\u00bb][\/et_pb_divider][et_pb_text quote_border_color=\u00bb#E09900&#8243; _builder_version=\u00bb4.27.4&#8243; text_font=\u00bb||||||||\u00bb text_font_size=\u00bb16px\u00bb text_line_height=\u00bb2em\u00bb header_2_line_height=\u00bb1.2em\u00bb header_3_line_height=\u00bb1.2em\u00bb text_orientation=\u00bbjustified\u00bb hover_enabled=\u00bb0&#8243; text_font_size_tablet=\u00bb15px\u00bb text_font_size_phone=\u00bb14px\u00bb text_font_size_last_edited=\u00bbon|phone\u00bb header_2_font_size_tablet=\u00bb\u00bb header_2_font_size_phone=\u00bb\u00bb header_2_font_size_last_edited=\u00bbon|phone\u00bb header_2_letter_spacing_tablet=\u00bb\u00bb header_2_letter_spacing_phone=\u00bb\u00bb header_2_letter_spacing_last_edited=\u00bbon|phone\u00bb locked=\u00bboff\u00bb global_colors_info=\u00bb{}\u00bb sticky_enabled=\u00bb0&#8243;]<\/p>\n<blockquote>\n<h2><span style=\"font-weight: 400;\">Preguntas Frecuentes sobre Cala d&#8217;Or (Palma de Mallorca)<\/span><\/h2>\n<\/blockquote>\n<h3>\u00bfCu\u00e1l es la mejor \u00e9poca para visitar Cala d&#8217;Or?<\/h3>\n<p>La mejor \u00e9poca para visitar Cala d&#8217;Or es durante los meses de mayo a septiembre, cuando el clima es c\u00e1lido y perfecto para disfrutar de las playas y actividades al aire libre.<\/p>\n<h3>\u00bfQu\u00e9 actividades se pueden realizar en Cala d&#8217;Or?<\/h3>\n<p>En Cala d&#8217;Or se pueden realizar diversas actividades, como excursiones en barco, deportes acu\u00e1ticos, senderismo en el Parque Natural de Mondrag\u00f3 y disfrutar de la vibrante vida nocturna.<\/p>\n<h3>\u00bfD\u00f3nde puedo hospedarme en Cala d&#8217;Or?<\/h3>\n<p>En Cala d&#8217;Or destaca el Hotel d&#8217;Or como uno de los mejores hoteles de la zona, aunque hay una amplia variedad de alojamientos, desde hoteles de lujo hasta opciones m\u00e1s econ\u00f3micas como hostales y apartamentos, adecuados para todos los presupuestos. Si quieres m\u00e1s informaci\u00f3n lee nuestro <a href=\"https:\/\/surmasterprojects.com\/es\/blog\/donde-alojarse-en-cala-dor-palma-de-mallorca\/\">art\u00edculo sobre d\u00f3nde alojarse en Cala d&#8217;Or<\/a>.<\/p>\n<h3>\u00bfLlueve mucho en Cala d&#8217;Or en septiembre?<\/h3>\n<p>No, aunque hay mayor probabilidad de lluvia en septiembre que en los meses de verano, las precipitaciones suelen ser moderadas.<\/p>\n<h3>\u00bfC\u00f3mo llegar a Cala d&#8217;Or desde el aeropuerto de Palma de Mallorca?<\/h3>\n<p>Puedes llegar en coche de alquiler recorriendo la Ma-19 en aproximadamente 1 hora, o en transporte p\u00fablico tomando el bus A1 desde el aeropuerto hasta Palma de Mallorca y luego el bus 501 hasta Felanitx y la l\u00ednea 514 hasta Cala d&#8217;Or. El trayecto en bus dura unas 2 horas.<\/p>\n<p>[\/et_pb_text][\/et_pb_column][\/et_pb_row][\/et_pb_section]<\/p>\n","protected":false},"excerpt":{"rendered":"<p>CALA D&#8217;OR: GU\u00cdA DE VIAJE COMPLETA Gu\u00eda de Viaje a Cala d&#8217;Or (Palma de Mallorca)Cala d&#8217;Or es un localidad de Palma de Mallorca situado\u00a0al sur de Portocolom y cerca de Portopetro y Cala Figuera.Este destino es muy popular entre familias, parejas y grupos de amigos debido a su animada vida nocturna y hermosas calas. En [&hellip;]<\/p>\n","protected":false},"author":1,"featured_media":7731,"comment_status":"open","ping_status":"open","sticky":false,"template":"","format":"standard","meta":{"_et_pb_use_builder":"on","_et_pb_old_content":"","_et_gb_content_width":"2880","footnotes":""},"categories":[1],"tags":[],"class_list":["post-8645","post","type-post","status-publish","format-standard","has-post-thumbnail","hentry","category-cala-dor-guia-completa"],"yoast_head":"<!-- This site is optimized with the Yoast SEO plugin v27.4 - https:\/\/yoast.com\/product\/yoast-seo-wordpress\/ -->\n<title>Surmaster Projects<\/title>\n<meta name=\"robots\" content=\"index, follow, max-snippet:-1, max-image-preview:large, max-video-preview:-1\" \/>\n<link rel=\"canonical\" href=\"https:\/\/surmasterprojects.com\/de\/blog\/cala-dor-mallorca-guia-de-viaje-completa\/\" \/>\n<meta property=\"og:locale\" content=\"de_DE\" \/>\n<meta property=\"og:type\" content=\"article\" \/>\n<meta property=\"og:description\" content=\"CALA D&#039;OR: GU\u00cdA DE VIAJE COMPLETA Gu\u00eda de Viaje a Cala d&#039;Or (Palma de Mallorca)Cala d&#039;Or es un localidad de Palma de Mallorca situado\u00a0al sur de Portocolom y cerca de Portopetro y Cala Figuera.Este destino es muy popular entre familias, parejas y grupos de amigos debido a su animada vida nocturna y hermosas calas. En [&hellip;]\" \/>\n<meta property=\"og:url\" content=\"https:\/\/surmasterprojects.com\/de\/blog\/cala-dor-mallorca-guia-de-viaje-completa\/\" \/>\n<meta property=\"og:site_name\" content=\"Surmaster Projects\" \/>\n<meta property=\"article:published_time\" content=\"2024-06-28T11:25:12+00:00\" \/>\n<meta property=\"article:modified_time\" content=\"2025-08-28T10:35:52+00:00\" \/>\n<meta property=\"og:image\" content=\"https:\/\/surmasterprojects.com\/wp-content\/uploads\/2023\/09\/cala-dor-aerea-1024x450-1.jpg\" \/>\n\t<meta property=\"og:image:width\" content=\"1024\" \/>\n\t<meta property=\"og:image:height\" content=\"450\" \/>\n\t<meta property=\"og:image:type\" content=\"image\/jpeg\" \/>\n<meta name=\"author\" content=\"admin\" \/>\n<meta name=\"twitter:card\" content=\"summary_large_image\" \/>\n<meta name=\"twitter:label1\" content=\"Verfasst von\" \/>\n\t<meta name=\"twitter:data1\" content=\"admin\" \/>\n\t<meta name=\"twitter:label2\" content=\"Gesch\u00e4tzte Lesezeit\" \/>\n\t<meta name=\"twitter:data2\" content=\"7\u00a0Minuten\" \/>\n<script type=\"application\/ld+json\" class=\"yoast-schema-graph\">{\"@context\":\"https:\\\/\\\/schema.org\",\"@graph\":[{\"@type\":\"Article\",\"@id\":\"https:\\\/\\\/surmasterprojects.com\\\/blog\\\/cala-dor-mallorca-guia-de-viaje-completa\\\/#article\",\"isPartOf\":{\"@id\":\"https:\\\/\\\/surmasterprojects.com\\\/blog\\\/cala-dor-mallorca-guia-de-viaje-completa\\\/\"},\"author\":{\"name\":\"admin\",\"@id\":\"https:\\\/\\\/surmasterprojects.com\\\/es\\\/#\\\/schema\\\/person\\\/e91face8d14f85c1a1e8281796c8dc8f\"},\"headline\":\"Cala d&#8217;Or Mallorca: Guia de Viaje Completa\",\"datePublished\":\"2024-06-28T11:25:12+00:00\",\"dateModified\":\"2025-08-28T10:35:52+00:00\",\"mainEntityOfPage\":{\"@id\":\"https:\\\/\\\/surmasterprojects.com\\\/blog\\\/cala-dor-mallorca-guia-de-viaje-completa\\\/\"},\"wordCount\":3488,\"commentCount\":0,\"publisher\":{\"@id\":\"https:\\\/\\\/surmasterprojects.com\\\/es\\\/#organization\"},\"image\":{\"@id\":\"https:\\\/\\\/surmasterprojects.com\\\/blog\\\/cala-dor-mallorca-guia-de-viaje-completa\\\/#primaryimage\"},\"thumbnailUrl\":\"https:\\\/\\\/surmasterprojects.com\\\/wp-content\\\/uploads\\\/2023\\\/09\\\/cala-dor-aerea-1024x450-1.jpg\",\"articleSection\":[\"Cala d'Or: Gu\u00eda Completa\"],\"inLanguage\":\"de\",\"potentialAction\":[{\"@type\":\"CommentAction\",\"name\":\"Comment\",\"target\":[\"https:\\\/\\\/surmasterprojects.com\\\/blog\\\/cala-dor-mallorca-guia-de-viaje-completa\\\/#respond\"]}]},{\"@type\":\"WebPage\",\"@id\":\"https:\\\/\\\/surmasterprojects.com\\\/blog\\\/cala-dor-mallorca-guia-de-viaje-completa\\\/\",\"url\":\"https:\\\/\\\/surmasterprojects.com\\\/blog\\\/cala-dor-mallorca-guia-de-viaje-completa\\\/\",\"name\":\"\",\"isPartOf\":{\"@id\":\"https:\\\/\\\/surmasterprojects.com\\\/es\\\/#website\"},\"primaryImageOfPage\":{\"@id\":\"https:\\\/\\\/surmasterprojects.com\\\/blog\\\/cala-dor-mallorca-guia-de-viaje-completa\\\/#primaryimage\"},\"image\":{\"@id\":\"https:\\\/\\\/surmasterprojects.com\\\/blog\\\/cala-dor-mallorca-guia-de-viaje-completa\\\/#primaryimage\"},\"thumbnailUrl\":\"https:\\\/\\\/surmasterprojects.com\\\/wp-content\\\/uploads\\\/2023\\\/09\\\/cala-dor-aerea-1024x450-1.jpg\",\"datePublished\":\"2024-06-28T11:25:12+00:00\",\"dateModified\":\"2025-08-28T10:35:52+00:00\",\"breadcrumb\":{\"@id\":\"https:\\\/\\\/surmasterprojects.com\\\/blog\\\/cala-dor-mallorca-guia-de-viaje-completa\\\/#breadcrumb\"},\"inLanguage\":\"de\",\"potentialAction\":[{\"@type\":\"ReadAction\",\"target\":[\"https:\\\/\\\/surmasterprojects.com\\\/blog\\\/cala-dor-mallorca-guia-de-viaje-completa\\\/\"]}]},{\"@type\":\"ImageObject\",\"inLanguage\":\"de\",\"@id\":\"https:\\\/\\\/surmasterprojects.com\\\/blog\\\/cala-dor-mallorca-guia-de-viaje-completa\\\/#primaryimage\",\"url\":\"https:\\\/\\\/surmasterprojects.com\\\/wp-content\\\/uploads\\\/2023\\\/09\\\/cala-dor-aerea-1024x450-1.jpg\",\"contentUrl\":\"https:\\\/\\\/surmasterprojects.com\\\/wp-content\\\/uploads\\\/2023\\\/09\\\/cala-dor-aerea-1024x450-1.jpg\",\"width\":1024,\"height\":450},{\"@type\":\"BreadcrumbList\",\"@id\":\"https:\\\/\\\/surmasterprojects.com\\\/blog\\\/cala-dor-mallorca-guia-de-viaje-completa\\\/#breadcrumb\",\"itemListElement\":[{\"@type\":\"ListItem\",\"position\":1,\"name\":\"Portada\",\"item\":\"https:\\\/\\\/surmasterprojects.com\\\/es\\\/\"},{\"@type\":\"ListItem\",\"position\":2,\"name\":\"Cala d&#8217;Or Mallorca: Guia de Viaje Completa\"}]},{\"@type\":\"WebSite\",\"@id\":\"https:\\\/\\\/surmasterprojects.com\\\/es\\\/#website\",\"url\":\"https:\\\/\\\/surmasterprojects.com\\\/es\\\/\",\"name\":\"Surmaster Projects\",\"description\":\"\",\"publisher\":{\"@id\":\"https:\\\/\\\/surmasterprojects.com\\\/es\\\/#organization\"},\"potentialAction\":[{\"@type\":\"SearchAction\",\"target\":{\"@type\":\"EntryPoint\",\"urlTemplate\":\"https:\\\/\\\/surmasterprojects.com\\\/es\\\/?s={search_term_string}\"},\"query-input\":{\"@type\":\"PropertyValueSpecification\",\"valueRequired\":true,\"valueName\":\"search_term_string\"}}],\"inLanguage\":\"de\"},{\"@type\":\"Organization\",\"@id\":\"https:\\\/\\\/surmasterprojects.com\\\/es\\\/#organization\",\"name\":\"Surmaster Projects\",\"url\":\"https:\\\/\\\/surmasterprojects.com\\\/es\\\/\",\"logo\":{\"@type\":\"ImageObject\",\"inLanguage\":\"de\",\"@id\":\"https:\\\/\\\/surmasterprojects.com\\\/es\\\/#\\\/schema\\\/logo\\\/image\\\/\",\"url\":\"https:\\\/\\\/surmasterprojects.com\\\/wp-content\\\/uploads\\\/2022\\\/04\\\/cropped-Logo_GrupoSurmaster_negativo.png\",\"contentUrl\":\"https:\\\/\\\/surmasterprojects.com\\\/wp-content\\\/uploads\\\/2022\\\/04\\\/cropped-Logo_GrupoSurmaster_negativo.png\",\"width\":512,\"height\":512,\"caption\":\"Surmaster Projects\"},\"image\":{\"@id\":\"https:\\\/\\\/surmasterprojects.com\\\/es\\\/#\\\/schema\\\/logo\\\/image\\\/\"}},{\"@type\":\"Person\",\"@id\":\"https:\\\/\\\/surmasterprojects.com\\\/es\\\/#\\\/schema\\\/person\\\/e91face8d14f85c1a1e8281796c8dc8f\",\"name\":\"admin\",\"image\":{\"@type\":\"ImageObject\",\"inLanguage\":\"de\",\"@id\":\"https:\\\/\\\/surmasterprojects.com\\\/wp-content\\\/litespeed\\\/avatar\\\/891d1cd506ea39e67ffae4cde18491f4.jpg?ver=1776813681\",\"url\":\"https:\\\/\\\/surmasterprojects.com\\\/wp-content\\\/litespeed\\\/avatar\\\/891d1cd506ea39e67ffae4cde18491f4.jpg?ver=1776813681\",\"contentUrl\":\"https:\\\/\\\/surmasterprojects.com\\\/wp-content\\\/litespeed\\\/avatar\\\/891d1cd506ea39e67ffae4cde18491f4.jpg?ver=1776813681\",\"caption\":\"admin\"},\"sameAs\":[\"http:\\\/\\\/surmasterprojects.com\"]}]}<\/script>\n<!-- \/ Yoast SEO plugin. -->","yoast_head_json":{"title":"Surmaster Projects","robots":{"index":"index","follow":"follow","max-snippet":"max-snippet:-1","max-image-preview":"max-image-preview:large","max-video-preview":"max-video-preview:-1"},"canonical":"https:\/\/surmasterprojects.com\/de\/blog\/cala-dor-mallorca-guia-de-viaje-completa\/","og_locale":"de_DE","og_type":"article","og_description":"CALA D'OR: GU\u00cdA DE VIAJE COMPLETA Gu\u00eda de Viaje a Cala d'Or (Palma de Mallorca)Cala d'Or es un localidad de Palma de Mallorca situado\u00a0al sur de Portocolom y cerca de Portopetro y Cala Figuera.Este destino es muy popular entre familias, parejas y grupos de amigos debido a su animada vida nocturna y hermosas calas. En [&hellip;]","og_url":"https:\/\/surmasterprojects.com\/de\/blog\/cala-dor-mallorca-guia-de-viaje-completa\/","og_site_name":"Surmaster Projects","article_published_time":"2024-06-28T11:25:12+00:00","article_modified_time":"2025-08-28T10:35:52+00:00","og_image":[{"width":1024,"height":450,"url":"https:\/\/surmasterprojects.com\/wp-content\/uploads\/2023\/09\/cala-dor-aerea-1024x450-1.jpg","type":"image\/jpeg"}],"author":"admin","twitter_card":"summary_large_image","twitter_misc":{"Verfasst von":"admin","Gesch\u00e4tzte Lesezeit":"7\u00a0Minuten"},"schema":{"@context":"https:\/\/schema.org","@graph":[{"@type":"Article","@id":"https:\/\/surmasterprojects.com\/blog\/cala-dor-mallorca-guia-de-viaje-completa\/#article","isPartOf":{"@id":"https:\/\/surmasterprojects.com\/blog\/cala-dor-mallorca-guia-de-viaje-completa\/"},"author":{"name":"admin","@id":"https:\/\/surmasterprojects.com\/es\/#\/schema\/person\/e91face8d14f85c1a1e8281796c8dc8f"},"headline":"Cala d&#8217;Or Mallorca: Guia de Viaje Completa","datePublished":"2024-06-28T11:25:12+00:00","dateModified":"2025-08-28T10:35:52+00:00","mainEntityOfPage":{"@id":"https:\/\/surmasterprojects.com\/blog\/cala-dor-mallorca-guia-de-viaje-completa\/"},"wordCount":3488,"commentCount":0,"publisher":{"@id":"https:\/\/surmasterprojects.com\/es\/#organization"},"image":{"@id":"https:\/\/surmasterprojects.com\/blog\/cala-dor-mallorca-guia-de-viaje-completa\/#primaryimage"},"thumbnailUrl":"https:\/\/surmasterprojects.com\/wp-content\/uploads\/2023\/09\/cala-dor-aerea-1024x450-1.jpg","articleSection":["Cala d'Or: Gu\u00eda Completa"],"inLanguage":"de","potentialAction":[{"@type":"CommentAction","name":"Comment","target":["https:\/\/surmasterprojects.com\/blog\/cala-dor-mallorca-guia-de-viaje-completa\/#respond"]}]},{"@type":"WebPage","@id":"https:\/\/surmasterprojects.com\/blog\/cala-dor-mallorca-guia-de-viaje-completa\/","url":"https:\/\/surmasterprojects.com\/blog\/cala-dor-mallorca-guia-de-viaje-completa\/","name":"","isPartOf":{"@id":"https:\/\/surmasterprojects.com\/es\/#website"},"primaryImageOfPage":{"@id":"https:\/\/surmasterprojects.com\/blog\/cala-dor-mallorca-guia-de-viaje-completa\/#primaryimage"},"image":{"@id":"https:\/\/surmasterprojects.com\/blog\/cala-dor-mallorca-guia-de-viaje-completa\/#primaryimage"},"thumbnailUrl":"https:\/\/surmasterprojects.com\/wp-content\/uploads\/2023\/09\/cala-dor-aerea-1024x450-1.jpg","datePublished":"2024-06-28T11:25:12+00:00","dateModified":"2025-08-28T10:35:52+00:00","breadcrumb":{"@id":"https:\/\/surmasterprojects.com\/blog\/cala-dor-mallorca-guia-de-viaje-completa\/#breadcrumb"},"inLanguage":"de","potentialAction":[{"@type":"ReadAction","target":["https:\/\/surmasterprojects.com\/blog\/cala-dor-mallorca-guia-de-viaje-completa\/"]}]},{"@type":"ImageObject","inLanguage":"de","@id":"https:\/\/surmasterprojects.com\/blog\/cala-dor-mallorca-guia-de-viaje-completa\/#primaryimage","url":"https:\/\/surmasterprojects.com\/wp-content\/uploads\/2023\/09\/cala-dor-aerea-1024x450-1.jpg","contentUrl":"https:\/\/surmasterprojects.com\/wp-content\/uploads\/2023\/09\/cala-dor-aerea-1024x450-1.jpg","width":1024,"height":450},{"@type":"BreadcrumbList","@id":"https:\/\/surmasterprojects.com\/blog\/cala-dor-mallorca-guia-de-viaje-completa\/#breadcrumb","itemListElement":[{"@type":"ListItem","position":1,"name":"Portada","item":"https:\/\/surmasterprojects.com\/es\/"},{"@type":"ListItem","position":2,"name":"Cala d&#8217;Or Mallorca: Guia de Viaje Completa"}]},{"@type":"WebSite","@id":"https:\/\/surmasterprojects.com\/es\/#website","url":"https:\/\/surmasterprojects.com\/es\/","name":"Surmaster Projects","description":"","publisher":{"@id":"https:\/\/surmasterprojects.com\/es\/#organization"},"potentialAction":[{"@type":"SearchAction","target":{"@type":"EntryPoint","urlTemplate":"https:\/\/surmasterprojects.com\/es\/?s={search_term_string}"},"query-input":{"@type":"PropertyValueSpecification","valueRequired":true,"valueName":"search_term_string"}}],"inLanguage":"de"},{"@type":"Organization","@id":"https:\/\/surmasterprojects.com\/es\/#organization","name":"Surmaster Projects","url":"https:\/\/surmasterprojects.com\/es\/","logo":{"@type":"ImageObject","inLanguage":"de","@id":"https:\/\/surmasterprojects.com\/es\/#\/schema\/logo\/image\/","url":"https:\/\/surmasterprojects.com\/wp-content\/uploads\/2022\/04\/cropped-Logo_GrupoSurmaster_negativo.png","contentUrl":"https:\/\/surmasterprojects.com\/wp-content\/uploads\/2022\/04\/cropped-Logo_GrupoSurmaster_negativo.png","width":512,"height":512,"caption":"Surmaster Projects"},"image":{"@id":"https:\/\/surmasterprojects.com\/es\/#\/schema\/logo\/image\/"}},{"@type":"Person","@id":"https:\/\/surmasterprojects.com\/es\/#\/schema\/person\/e91face8d14f85c1a1e8281796c8dc8f","name":"admin","image":{"@type":"ImageObject","inLanguage":"de","@id":"https:\/\/surmasterprojects.com\/wp-content\/litespeed\/avatar\/891d1cd506ea39e67ffae4cde18491f4.jpg?ver=1776813681","url":"https:\/\/surmasterprojects.com\/wp-content\/litespeed\/avatar\/891d1cd506ea39e67ffae4cde18491f4.jpg?ver=1776813681","contentUrl":"https:\/\/surmasterprojects.com\/wp-content\/litespeed\/avatar\/891d1cd506ea39e67ffae4cde18491f4.jpg?ver=1776813681","caption":"admin"},"sameAs":["http:\/\/surmasterprojects.com"]}]}},"_links":{"self":[{"href":"https:\/\/surmasterprojects.com\/de\/wp-json\/wp\/v2\/posts\/8645","targetHints":{"allow":["GET"]}}],"collection":[{"href":"https:\/\/surmasterprojects.com\/de\/wp-json\/wp\/v2\/posts"}],"about":[{"href":"https:\/\/surmasterprojects.com\/de\/wp-json\/wp\/v2\/types\/post"}],"author":[{"embeddable":true,"href":"https:\/\/surmasterprojects.com\/de\/wp-json\/wp\/v2\/users\/1"}],"replies":[{"embeddable":true,"href":"https:\/\/surmasterprojects.com\/de\/wp-json\/wp\/v2\/comments?post=8645"}],"version-history":[{"count":4,"href":"https:\/\/surmasterprojects.com\/de\/wp-json\/wp\/v2\/posts\/8645\/revisions"}],"predecessor-version":[{"id":9104,"href":"https:\/\/surmasterprojects.com\/de\/wp-json\/wp\/v2\/posts\/8645\/revisions\/9104"}],"wp:featuredmedia":[{"embeddable":true,"href":"https:\/\/surmasterprojects.com\/de\/wp-json\/wp\/v2\/media\/7731"}],"wp:attachment":[{"href":"https:\/\/surmasterprojects.com\/de\/wp-json\/wp\/v2\/media?parent=8645"}],"wp:term":[{"taxonomy":"category","embeddable":true,"href":"https:\/\/surmasterprojects.com\/de\/wp-json\/wp\/v2\/categories?post=8645"},{"taxonomy":"post_tag","embeddable":true,"href":"https:\/\/surmasterprojects.com\/de\/wp-json\/wp\/v2\/tags?post=8645"}],"curies":[{"name":"wp","href":"https:\/\/api.w.org\/{rel}","templated":true}]}}