{"id":9295,"date":"2025-10-09T11:58:42","date_gmt":"2025-10-09T11:58:42","guid":{"rendered":"https:\/\/surmasterprojects.com\/?p=9295"},"modified":"2025-11-07T11:17:25","modified_gmt":"2025-11-07T11:17:25","slug":"los-pueblos-mas-bonitos-de-mallorca","status":"publish","type":"post","link":"https:\/\/surmasterprojects.com\/de\/blog\/los-pueblos-mas-bonitos-de-mallorca\/","title":{"rendered":"Die sch\u00f6nsten D\u00f6rfer Mallorcas"},"content":{"rendered":"<p class=\"translation-block\">Mallorca ist viel mehr als paradiesische Str\u00e4nde und t\u00fcrkisfarbenes Wasser. Die Insel beherbergt ein Netz von D\u00f6rfern voller Geschichte, Tradition und unvergesslicher Landschaften. Vom maritimen Flair im Osten bis zu den Steind\u00f6rfern in der Serra de Tramuntana \u2013 jeder Ort hat seinen eigenen Charakter. In dieser Route stellen wir dir die sch\u00f6nsten D\u00f6rfer Mallorcas vor, mit besonderem Augenmerk auf Portocolom und Cala d\u2019Or, zwei Juwelen im mallorquinischen Osten, die Meer, Gastronomie und Authentizit\u00e4t vereinen.<\/p>\n\n\n\n<h2 class=\"wp-block-heading\">Erlebe den authentischen Charme der mallorquinischen D\u00f6rfer<\/h2>\n\n\n\n<p class=\"translation-block\">Wer die D\u00f6rfer Mallorcas erkundet, taucht in das echte Wesen der Insel ein. In jedem Ort entdeckst du ein entspanntes Lebensgef\u00fchl, gepflegte Architektur und eine K\u00fcche, die lokale Traditionen bewahrt. Die Ostk\u00fcste, wo Portocolom und Cala d\u2019Or hervorstechen, bietet ein ruhiges, strahlendes Mittelmeer, w\u00e4hrend die Serra de Tramuntana mit Bergd\u00f6rfern \u00fcberrascht, die wirken, als st\u00fcnde die Zeit still.<\/p>\n\n\n\n<h2 class=\"wp-block-heading\">Tipps f\u00fcr die Route durch die sch\u00f6nsten D\u00f6rfer Mallorca<\/h2>\n\n\n\n<h3 class=\"wp-block-heading\">Wie man sich auf Mallorca fortbewegt<\/h3>\n\n\n\n<p>Ein Auto ist die beste Wahl, um die Insel frei zu erkunden. Die Stra\u00dfen sind in sehr gutem Zustand und erm\u00f6glichen es, K\u00fcsten- und Inlandbesuche bequem zu kombinieren. Ohne Auto gibt es lokale Busse, jedoch mit eingeschr\u00e4nkten Fahrpl\u00e4nen.<\/p>\n\n\n\n<h3 class=\"wp-block-heading\">Wie viele Tage man einplanen sollte<\/h3>\n\n\n\n<p class=\"translation-block\">Mit vier bis f\u00fcnf Tagen kannst du mehrere D\u00f6rfer ohne Eile genie\u00dfen. Mit mehr Zeit lohnt es sich, in verschiedenen Orten zu \u00fcbernachten: eine Nacht mit Meerblick in Portocolom, eine weitere in Cala d\u2019Or und eine in der Tramuntana.<\/p>\n\n\n\n<h3 class=\"wp-block-heading\">Beste Reisezeit f\u00fcr charmante D\u00f6rfer<\/h3>\n\n\n\n<p>Fr\u00fchling und Herbst sind ideal wegen des angenehmen Klimas und weniger Touristen. Im Sommer hingegen erwachen K\u00fcstenorte wie Cala d\u2019Or und Portocolom zu lebendigem Treiben mit Feststimmung, Nachtm\u00e4rkten und Terrassen direkt am Meer.<\/p>\n\n\n\n<h2 class=\"wp-block-heading\">Die sch\u00f6nsten D\u00f6rfer Mallorcas, die du nicht verpassen solltest<\/h2>\n\n\n\n<h3 class=\"wp-block-heading\">Portocolom \u2013 der sch\u00f6nste Naturhafen Mallorcas<\/h3>\n\n\n\n<p>Portocolom ist eines der authentischsten Fischerd\u00f6rfer der Insel. Sein Naturhafen, die bunten H\u00e4user und der Leuchtturm, der \u00fcber die Bucht wacht, bilden eine unvergleichliche mediterrane Postkarte. Im Gegensatz zu manchen touristischeren Gegenden bewahrt Portocolom seine maritime Seele \u2013 traditionelle Lla\u00fcts liegen am Kai, und viele Bewohner leben noch immer vom Meer.<\/p>\n\n\n\n<figure class=\"wp-block-image size-full\"><img loading=\"lazy\" decoding=\"async\" width=\"1024\" height=\"585\" src=\"https:\/\/surmasterprojects.com\/wp-content\/uploads\/2024\/02\/faro-portocolom-2.jpg\" alt=\"\" class=\"wp-image-8172\" srcset=\"https:\/\/surmasterprojects.com\/wp-content\/uploads\/2024\/02\/faro-portocolom-2.jpg 1024w, https:\/\/surmasterprojects.com\/wp-content\/uploads\/2024\/02\/faro-portocolom-2-980x560.jpg 980w, https:\/\/surmasterprojects.com\/wp-content\/uploads\/2024\/02\/faro-portocolom-2-480x274.jpg 480w\" sizes=\"(min-width: 0px) and (max-width: 480px) 480px, (min-width: 481px) and (max-width: 980px) 980px, (min-width: 981px) 1024px, 100vw\" \/><\/figure>\n\n\n\n<h4 class=\"wp-block-heading\">Sehensw\u00fcrdigkeiten in Portocolom<\/h4>\n\n\n\n<p class=\"translation-block\">Spaziere durch den Alten Hafen, wo die Zeit stehengeblieben zu sein scheint. Pastellfarbene Fassaden und das Licht auf dem Wasser schaffen eine einzigartige Atmosph\u00e4re. Steige zum Leuchtturm Sa Punta hinauf \u2013 ein gro\u00dfartiger Aussichtspunkt \u00fcber die Bucht \u2013 und besuche die Str\u00e4nde S\u2019Arenal Gran und S\u2019Arenal Petit f\u00fcr ruhige Stunden am Meer.<\/p>\n\n\n\n<p class=\"translation-block\">Sehenswert sind auch die Kirche Mare de D\u00e9u del Carme, die Schutzpatronin der Seeleute, sowie der Aussichtspunkt Es Riuet\u00f3 mit herrlichem Blick auf den Hafen.<\/p>\n\n\n\n<h4 class=\"wp-block-heading\">Essen direkt am Meer<\/h4>\n\n\n\n<p class=\"translation-block\">Um gut und mit Aussicht zu essen, ist das <strong><a href=\"https:\/\/hpcportocolom.com\/de\/veranstaltungen\/\" target=\"_self\">HPC Portocolom<\/a><\/strong> eine ausgezeichnete Wahl. Die Speisekarte kombiniert mediterrane Gerichte mit regionalen Produkten in einem eleganten, aber entspannten Ambiente. Eine weitere hervorragende Option ist <strong><a href=\"https:\/\/babboportocolom.com\/de\/veranstaltungen\/\" target=\"_self\">Babbo Portocolom<\/a><\/strong>, mit modernem Touch und herzlichem Service \u2013 ein Favorit bei Einheimischen und Besuchern gleicherma\u00dfen.<\/p>\n\n\n\n<p class=\"translation-block\">Und wenn du nach dem Mittag- oder Abendessen einen guten Cocktail genie\u00dfen m\u00f6chtest, findest du das <a href=\"https:\/\/surmasterprojects.com\/de\/blue-and-drinks-porto-colom\/\" target=\"_self\"><strong>Blue &amp; Drinks<\/strong><\/a>. Mit seiner bezaubernden Terrasse bietet es einen einzigartigen Ort, um eine au\u00dfergew\u00f6hnliche Atmosph\u00e4re zu erleben.<\/p>\n\n\n\n<h4 class=\"wp-block-heading\">Wo man in Portocolom \u00fcbernachten kann<\/h4>\n\n\n\n<p class=\"translation-block\">Das <strong><a href=\"https:\/\/www.hostalportocolom.com\/de\/\" target=\"_self\">Hostal HPC Portocolom<\/a><\/strong>, direkt am Meer gelegen, bietet helle Zimmer, eine Terrasse und ein hervorragendes Restaurant. Es ist perfekt f\u00fcr alle, die die Ruhe des Ortes genie\u00dfen m\u00f6chten, ohne auf Komfort zu verzichten.<\/p>\n\n\n\n<h3 class=\"wp-block-heading\">Cala d\u2019Or \u2013 mediterrane Eleganz zwischen t\u00fcrkisfarbenen Buchten<\/h3>\n\n\n\n<p>Cala d\u2019Or ist ein Juwel des mallorquinischen Ostens. Sein wei\u00dfer Architekturstil, inspiriert von Ibiza, und das Netz kleiner, kristallklarer Buchten machen den Ort zu einem idealen Reiseziel f\u00fcr alle, die Meer, Komfort und eine gepflegte Atmosph\u00e4re suchen. Die Fu\u00dfg\u00e4ngerzonen voller Gesch\u00e4fte und Terrassen verspr\u00fchen ein kosmopolitisches Flair, ohne dabei die mediterrane Essenz zu verlieren.<\/p>\n\n\n\n<figure class=\"wp-block-image size-large is-resized\"><img loading=\"lazy\" decoding=\"async\" width=\"1024\" height=\"576\" src=\"https:\/\/surmasterprojects.com\/wp-content\/uploads\/2024\/02\/calador-vistas-aereas-1024x576.jpeg\" alt=\"\" class=\"wp-image-8179\" style=\"width:1012px;height:auto\" srcset=\"https:\/\/surmasterprojects.com\/wp-content\/uploads\/2024\/02\/calador-vistas-aereas-1024x576.jpeg 1024w, https:\/\/surmasterprojects.com\/wp-content\/uploads\/2024\/02\/calador-vistas-aereas-980x551.jpeg 980w, https:\/\/surmasterprojects.com\/wp-content\/uploads\/2024\/02\/calador-vistas-aereas-480x270.jpeg 480w\" sizes=\"(min-width: 0px) and (max-width: 480px) 480px, (min-width: 481px) and (max-width: 980px) 980px, (min-width: 981px) 1024px, 100vw\" \/><\/figure>\n\n\n\n<h4 class=\"wp-block-heading\">Was man in Cala d\u2019Or unternehmen kann<\/h4>\n\n\n\n<p class=\"translation-block\">Nimm dir einen Tag Zeit, um die bekanntesten Buchten zu genie\u00dfen: Cala Gran, Cala Ferrera, Cala Esmeralda oder Cala Serena \u2013 alle zu Fu\u00df erreichbar und mit idealem Wasser zum Schwimmen oder Paddlesurfen.\nSpaziere durch den Yachthafen, einen der sch\u00f6nsten im S\u00fcden der Insel, und gehe zum Leuchtturm von Cala Egos bei Sonnenuntergang, um eine unvergessliche Aussicht zu erleben.<\/p>\n\n\n\n<p>Abends ver\u00e4ndert sich die Atmosph\u00e4re: Der Hafenbereich erwacht mit Bars, Restaurants und Lokalen mit Live-Musik zum Leben.<\/p>\n\n\n\n<h4 class=\"wp-block-heading\">Die besten Restaurants in Cala d\u2019Or<\/h4>\n\n\n\n<p class=\"translation-block\">Wenn du gutes Essen liebst, darfst du das <strong><a href=\"https:\/\/www.bocanacalador.com\/en\/\" target=\"_self\">Restaurant Bocana<\/a><\/strong> am Hafen nicht verpassen \u2013 spezialisiert auf moderne mediterrane K\u00fcche und frischen Fisch. Ebenfalls sehr empfehlenswert ist <strong><a href=\"https:\/\/www.donleonecalador.com\/en\/\" target=\"_self\">Don Leone<\/a><\/strong> mit famili\u00e4rer Atmosph\u00e4re und abwechslungsreicher Speisekarte sowie <strong><a href=\"https:\/\/restaurantesivina.com\/en\/\" target=\"_self\">Sivina<\/a><\/strong>, ideal f\u00fcr ein ruhiges Abendessen zwischen Pinien und Meeresbrise.\nLiebhaber der mexikanischen K\u00fcche haben Gl\u00fcck, denn sie finden das Restaurant <strong><a href=\"https:\/\/restaurantetacospatron.com\/en\/\" target=\"_self\">Tacos Patr\u00f3n<\/a><\/strong>, eines der bestbewerteten mexikanischen Restaurants auf Mallorca.\nUnd wenn du nach dem Abendessen noch Lust auf einen Drink hast, ist das <strong><a href=\"https:\/\/www.pubdugans.com\/en\/\" target=\"_self\">Dugans Irish Pub<\/a><\/strong> ein absoluter Klassiker \u2013 bekannt f\u00fcr Live-Musik und eine lebhafte Atmosph\u00e4re.<\/p>\n\n\n\n<h4 class=\"wp-block-heading\">Wo man \u00fcbernachten kann, um das K\u00fcstenflair zu genie\u00dfen<\/h4>\n\n\n\n<p class=\"translation-block\">Das <strong><a href=\"https:\/\/www.hoteldor.com\/de\/\" target=\"_self\">Hotel d\u2019Or<\/a><\/strong> ist eine der besten Optionen dank seiner ausgezeichneten Lage im Zentrum und seiner gem\u00fctlichen Atmosph\u00e4re. Es liegt nur wenige Schritte vom Hafen, den Buchten und den wichtigsten Freizeitbereichen entfernt \u2013 ideal f\u00fcr alle, die Komfort genie\u00dfen m\u00f6chten, ohne auf ein Auto angewiesen zu sein.<\/p>\n\n\n\n<h3 class=\"wp-block-heading\">Valldemossa \u2013 Geschichte, Kunst und Tradition in der Tramuntana<\/h3>\n\n\n\n<p class=\"translation-block\">Valldemossa ist eines der emblematischsten D\u00f6rfer Mallorcas. Im Herzen der Serra de Tramuntana, UNESCO-Welterbe, bewahrt es den Charme traditioneller mallorquinischer Architektur mit gepflasterten Stra\u00dfen, blumengeschm\u00fcckten Balkonen und goldfarbenen Steinh\u00e4usern.<\/p>\n\n\n\n<figure class=\"wp-block-image size-full is-resized\"><img loading=\"lazy\" decoding=\"async\" width=\"791\" height=\"522\" src=\"https:\/\/surmasterprojects.com\/wp-content\/uploads\/2024\/11\/valldemossa-mallorca.png\" alt=\"\" class=\"wp-image-9012\" style=\"width:924px;height:auto\" srcset=\"https:\/\/surmasterprojects.com\/wp-content\/uploads\/2024\/11\/valldemossa-mallorca.png 791w, https:\/\/surmasterprojects.com\/wp-content\/uploads\/2024\/11\/valldemossa-mallorca-480x317.png 480w\" sizes=\"(min-width: 0px) and (max-width: 480px) 480px, (min-width: 481px) 791px, 100vw\" \/><\/figure>\n\n\n\n<h4 class=\"wp-block-heading\">Sehensw\u00fcrdigkeiten in Valldemossa<\/h4>\n\n\n\n<p class=\"translation-block\">Die Kartause von Valldemossa ist ihr bekanntestes Wahrzeichen. Hier wohnten der Komponist Fr\u00e9d\u00e9ric Chopin und die Schriftstellerin George Sand im Winter 1838. Heute kann man ihre Zelle mit pers\u00f6nlichen Gegenst\u00e4nden und ein kleines Museum besichtigen.\nErkunde die Altstadt mit ihren kleinen Kunsthandwerksl\u00e4den und charmanten Caf\u00e9s. Vom Aussichtspunkt Mirador de Lledoners genie\u00dft du eine der besten Panoramen des Tals.\nBevor du gehst, probiere die ber\u00fchmte Coca de Patata mit hei\u00dfer Schokolade \u2013 ein Klassiker, der nach Mallorca schmeckt.<\/p>\n\n\n\n<h3 class=\"wp-block-heading\">Dei\u00e0 \u2013 das bohemische K\u00fcnstlerdorf<\/h3>\n\n\n\n<p>Dei\u00e0 ist ein kleines Dorf, das zwischen Meer und Bergen h\u00e4ngt. Seine Sch\u00f6nheit hat seit Anfang des 20. Jahrhunderts K\u00fcnstler, Schriftsteller und Musiker angezogen und es zu einem Symbol des bohemischen Geistes der Insel gemacht.<\/p>\n\n\n\n<figure class=\"wp-block-image size-full is-resized\"><img loading=\"lazy\" decoding=\"async\" width=\"787\" height=\"477\" src=\"https:\/\/surmasterprojects.com\/wp-content\/uploads\/2024\/11\/deia-mallorca.png\" alt=\"\" class=\"wp-image-9013\" style=\"width:1015px;height:auto\" srcset=\"https:\/\/surmasterprojects.com\/wp-content\/uploads\/2024\/11\/deia-mallorca.png 787w, https:\/\/surmasterprojects.com\/wp-content\/uploads\/2024\/11\/deia-mallorca-480x291.png 480w\" sizes=\"(min-width: 0px) and (max-width: 480px) 480px, (min-width: 481px) 787px, 100vw\" \/><\/figure>\n\n\n\n<h4 class=\"wp-block-heading\">Sehensw\u00fcrdigkeiten in Dei\u00e0<\/h4>\n\n\n\n<p class=\"translation-block\">Beginne deine Tour im Robert Graves Haus-Museum, dem englischen Dichter, der sich in das Dorf verliebte und hier bis zu seinem Tod lebte. Spaziere weiter durch die gepflasterten Stra\u00dfen bis zur Kirche San Juan Bautista, hoch oben gelegen, mit einem Aussichtspunkt, der einen spektakul\u00e4ren Blick bietet.\nVerpasse nicht den Abstieg zur Cala Dei\u00e0, einer kleinen Felsenbucht umgeben von Klippen, wo du baden oder frischen Fisch in einem der Restaurants direkt am Meer genie\u00dfen kannst.<\/p>\n\n\n\n<h3 class=\"wp-block-heading\">S\u00f3ller \u2013 zwischen Orangenhainen und Modernisme<\/h3>\n\n\n\n<p>S\u00f3ller ist eines der Juwelen im Nordwesten der Insel. Eingebettet in ein fruchtbares Tal voller Orangenb\u00e4ume, vereint es die Eleganz seiner modernistischen Architektur mit der Atmosph\u00e4re eines traditionellen mallorquinischen Dorfes.<\/p>\n\n\n\n<figure class=\"wp-block-image size-large is-resized\"><img loading=\"lazy\" decoding=\"async\" width=\"1217\" height=\"685\" src=\"https:\/\/surmasterprojects.com\/wp-content\/uploads\/2025\/11\/train-soller-edited.png\" alt=\"\" class=\"wp-image-9362\" style=\"width:1018px;height:auto\" srcset=\"https:\/\/surmasterprojects.com\/wp-content\/uploads\/2025\/11\/train-soller-edited.png 1217w, https:\/\/surmasterprojects.com\/wp-content\/uploads\/2025\/11\/train-soller-edited-980x552.png 980w, https:\/\/surmasterprojects.com\/wp-content\/uploads\/2025\/11\/train-soller-edited-480x270.png 480w\" sizes=\"(min-width: 0px) and (max-width: 480px) 480px, (min-width: 481px) and (max-width: 980px) 980px, (min-width: 981px) 1217px, 100vw\" \/><\/figure>\n\n\n\n<h4 class=\"wp-block-heading\">Sehensw\u00fcrdigkeiten in S\u00f3ller<\/h4>\n\n\n\n<p class=\"translation-block\">Beginne am Pla\u00e7a de la Constituci\u00f3, dem Herzen des Dorfes, mit der Kirche Sant Bartomeu und dem modernistischen Geb\u00e4ude der Bank von S\u00f3ller, entworfen von Joan Rubi\u00f3, einem Sch\u00fcler Gaud\u00eds.\nVon dort aus kannst du die historische Holzstra\u00dfenbahn zum Hafen von S\u00f3ller nehmen \u2013 eine einzigartige Erfahrung, die das Dorfzentrum mit dem Meer verbindet.\nVergiss nicht, den Botanischen Garten von S\u00f3ller zu besuchen und einen frisch gepressten Orangensaft auf einer der Terrassen zu genie\u00dfen.<\/p>\n\n\n\n<h3 class=\"wp-block-heading\">Fornalutx \u2013 das malerischste Dorf der Tramuntana<\/h3>\n\n\n\n<p class=\"translation-block\">Nur wenige Minuten von S\u00f3ller entfernt liegt Fornalutx, eines der sch\u00f6nsten D\u00f6rfer Spaniens. Seine gepflasterten Stra\u00dfen, H\u00e4user mit arabischen Dachziegeln und steinerne Treppen laden dazu ein, das Dorf in Ruhe zu erkunden.<\/p>\n\n\n\n<figure class=\"wp-block-image size-large\"><img loading=\"lazy\" decoding=\"async\" width=\"1024\" height=\"682\" src=\"https:\/\/surmasterprojects.com\/wp-content\/uploads\/2025\/10\/fornaluxt-mallorca-1024x682.jpeg\" alt=\"\" class=\"wp-image-9359\" srcset=\"https:\/\/surmasterprojects.com\/wp-content\/uploads\/2025\/10\/fornaluxt-mallorca-1024x682.jpeg 1024w, https:\/\/surmasterprojects.com\/wp-content\/uploads\/2025\/10\/fornaluxt-mallorca-980x653.jpeg 980w, https:\/\/surmasterprojects.com\/wp-content\/uploads\/2025\/10\/fornaluxt-mallorca-480x320.jpeg 480w\" sizes=\"(min-width: 0px) and (max-width: 480px) 480px, (min-width: 481px) and (max-width: 980px) 980px, (min-width: 981px) 1024px, 100vw\" \/><\/figure>\n\n\n\n<h4 class=\"wp-block-heading\">Sehensw\u00fcrdigkeiten in Fornalutx<\/h4>\n\n\n\n<p class=\"translation-block\">Spaziere durch die blumengeschm\u00fcckten Gassen, gehe zum Aussichtspunkt Mirador de Ses Barques, um das Tal zu \u00fcberblicken, und halte an der Pla\u00e7a d\u2019Espanya, wo immer ein Einheimischer zu einem Gespr\u00e4ch bereit ist.\nFornalutx ist der ideale Ort f\u00fcr alle, die Ruhe, Natur und Authentizit\u00e4t suchen.<\/p>\n\n\n\n<h3 class=\"wp-block-heading\">Pollen\u00e7a und Alc\u00fadia \u2013 Geschichte und Meer im Norden der Insel<\/h3>\n\n\n\n<p>Der Norden Mallorcas beherbergt zwei D\u00f6rfer mit viel Charakter: Pollen\u00e7a und Alc\u00fadia. Beide verbinden Kulturerbe, Kultur und traumhafte Str\u00e4nde. <strong>Pollen\u00e7a<\/strong> y <strong>Alc\u00fadia<\/strong>. Ambos combinan patrimonio, cultura y playas de ensue\u00f1o.<\/p>\n\n\n\n<h4 class=\"wp-block-heading\">Pollen\u00e7a<\/h4>\n\n\n\n<p class=\"translation-block\">Pollen\u00e7a beeindruckt mit k\u00fcnstlerischem Flair und der imposanten Kalvarienberg-Treppe mit 365 Stufen, die zu einer kleinen Kapelle f\u00fchrt, von der aus man das gesamte Tal \u00fcberblicken kann. Die Hauptplatz ist perfekt, um sich hinzusetzen, einen Drink zu genie\u00dfen und die lokale Atmosph\u00e4re zu erleben.<\/p>\n\n\n\n<figure class=\"wp-block-image size-large\"><img loading=\"lazy\" decoding=\"async\" width=\"1024\" height=\"576\" src=\"https:\/\/surmasterprojects.com\/wp-content\/uploads\/2025\/10\/pollensa-mallorca-1024x576.jpg\" alt=\"\" class=\"wp-image-9360\" srcset=\"https:\/\/surmasterprojects.com\/wp-content\/uploads\/2025\/10\/pollensa-mallorca-980x551.jpg 980w, https:\/\/surmasterprojects.com\/wp-content\/uploads\/2025\/10\/pollensa-mallorca-480x270.jpg 480w\" sizes=\"(min-width: 0px) and (max-width: 480px) 480px, (min-width: 481px) and (max-width: 980px) 980px, (min-width: 981px) 1024px, 100vw\" \/><\/figure>\n\n\n\n<h4 class=\"wp-block-heading\">Alc\u00fadia<\/h4>\n\n\n\n<p>Alc\u00fadia besitzt eine beeindruckende Stadtmauer und eine historische Altstadt voller Geschichte. Innerhalb der Mauern findest du enge Gassen, herrschaftliche H\u00e4user und ein lebhaftes Gesch\u00e4ftsleben. Der Hafen und die nahegelegenen Str\u00e4nde sind ideal, um den Tag zwischen Kultur und Meer zu vervollst\u00e4ndigen.<\/p>\n\n\n\n<figure class=\"wp-block-image size-large\"><img loading=\"lazy\" decoding=\"async\" width=\"1024\" height=\"597\" src=\"https:\/\/surmasterprojects.com\/wp-content\/uploads\/2025\/10\/alcudia-mallorca-1024x597.jpg\" alt=\"\" class=\"wp-image-9361\" srcset=\"https:\/\/surmasterprojects.com\/wp-content\/uploads\/2025\/10\/alcudia-mallorca-980x572.jpg 980w, https:\/\/surmasterprojects.com\/wp-content\/uploads\/2025\/10\/alcudia-mallorca-480x280.jpg 480w\" sizes=\"(min-width: 0px) and (max-width: 480px) 480px, (min-width: 481px) and (max-width: 980px) 980px, (min-width: 981px) 1024px, 100vw\" \/><\/figure>\n\n\n\n<p class=\"translation-block\">Die sch\u00f6nsten D\u00f6rfer Mallorcas zu erkunden bedeutet, das authentischste Gesicht der Insel zu erleben. Vom maritimen Herz Portocoloms und dem eleganten Ambiente von Cala d\u2019Or bis zur Magie von Valldemossa, Dei\u00e0, S\u00f3ller und Fornalutx \u2013 jedes Dorf bewahrt ein St\u00fcck mallorquinischer Seele. Erg\u00e4nze deine Route mit einem guten Essen im Bocana, Sivina, Don Leone, HPC Portocolom oder Babbo Portocolom und \u00fcbernachte im Hostal HPC Portocolom oder im Hotel d\u2019Or, um das komplette Erlebnis zu genie\u00dfen.\nMallorca erwartet dich mit Meer, Bergen, Geschichte und mediterranem Genuss.<\/p>","protected":false},"excerpt":{"rendered":"<p>Mallorca es mucho m\u00e1s que playas paradis\u00edacas y calas de aguas turquesas. La isla guarda una red de pueblos llenos de historia, tradici\u00f3n y paisajes inolvidables. Desde el ambiente marinero del este hasta las aldeas de piedra en la Serra de Tramuntana, cada rinc\u00f3n tiene su propio car\u00e1cter. En este recorrido te mostramos los pueblos [&hellip;]<\/p>\n","protected":false},"author":1,"featured_media":9274,"comment_status":"open","ping_status":"open","sticky":false,"template":"","format":"standard","meta":{"_et_pb_use_builder":"off","_et_pb_old_content":"<!-- wp:paragraph -->\n<p>Mallorca es mucho m\u00e1s que playas paradis\u00edacas y calas de aguas turquesas. La isla guarda una red de pueblos llenos de historia, tradici\u00f3n y paisajes inolvidables. Desde el ambiente marinero del este hasta las aldeas de piedra en la Serra de Tramuntana, cada rinc\u00f3n tiene su propio car\u00e1cter. En este recorrido te mostramos los <strong>pueblos m\u00e1s bonitos de Mallorca<\/strong>, con especial atenci\u00f3n a <strong>Portocolom<\/strong> y <strong>Cala d\u2019Or<\/strong>, dos joyas del Levante mallorqu\u00edn que combinan mar, gastronom\u00eda y autenticidad.<\/p>\n<!-- \/wp:paragraph -->\n\n<!-- wp:heading -->\n<h2 class=\"wp-block-heading\">Conoce el encanto aut\u00e9ntico de los pueblos mallorquines<\/h2>\n<!-- \/wp:heading -->\n\n<!-- wp:paragraph -->\n<p>Recorrer los pueblos de Mallorca es adentrarse en su esencia m\u00e1s genuina. En cada localidad descubrir\u00e1s un ritmo de vida pausado, una arquitectura cuidada y una gastronom\u00eda que conserva la tradici\u00f3n local. La <strong>costa del Levante<\/strong>, donde destacan <strong>Portocolom<\/strong> y <strong>Cala d\u2019Or<\/strong>, ofrece el Mediterr\u00e1neo m\u00e1s tranquilo y luminoso, mientras que la <strong>Serra de Tramuntana<\/strong> sorprende con pueblos de monta\u00f1a que parecen detenidos en el tiempo.<\/p>\n<!-- \/wp:paragraph -->\n\n<!-- wp:heading -->\n<h2 class=\"wp-block-heading\">Mapa y consejos para recorrer los pueblos m\u00e1s bonitos de Mallorca<\/h2>\n<!-- \/wp:heading -->\n\n<!-- wp:heading {\"level\":3} -->\n<h3 class=\"wp-block-heading\">C\u00f3mo moverte por Mallorca<\/h3>\n<!-- \/wp:heading -->\n\n<!-- wp:paragraph -->\n<p>El coche es la mejor opci\u00f3n para desplazarte por la isla con libertad. Las carreteras est\u00e1n en muy buen estado y te permiten enlazar f\u00e1cilmente visitas costeras y de interior. Si no dispones de coche, hay autobuses locales, aunque su frecuencia puede ser limitada.<\/p>\n<!-- \/wp:paragraph -->\n\n<!-- wp:heading {\"level\":3} -->\n<h3 class=\"wp-block-heading\">Cu\u00e1ntos d\u00edas dedicar a tu ruta<\/h3>\n<!-- \/wp:heading -->\n\n<!-- wp:paragraph -->\n<p>Con <strong>cuatro o cinco d\u00edas<\/strong> podr\u00e1s disfrutar de varios pueblos sin prisas. Si cuentas con m\u00e1s tiempo, aprovecha para dormir en distintos puntos: una noche frente al mar en Portocolom, otra en Cala d\u2019Or y alguna en la Tramuntana.<\/p>\n<!-- \/wp:paragraph -->\n\n<!-- wp:heading {\"level\":3} -->\n<h3 class=\"wp-block-heading\">Mejor \u00e9poca para visitar los pueblos con encanto<\/h3>\n<!-- \/wp:heading -->\n\n<!-- wp:paragraph -->\n<p>La primavera y el oto\u00f1o son ideales por su clima templado y menor afluencia tur\u00edstica. En verano, los pueblos costeros como Cala d\u2019Or y Portocolom se llenan de vida, con ambiente festivo, mercados nocturnos y terrazas frente al mar.<\/p>\n<!-- \/wp:paragraph -->\n\n<!-- wp:heading -->\n<h2 class=\"wp-block-heading\">Los pueblos m\u00e1s bonitos de Mallorca que no te puedes perder<\/h2>\n<!-- \/wp:heading -->\n\n<!-- wp:heading {\"level\":3} -->\n<h3 class=\"wp-block-heading\">Portocolom \u2013 el puerto natural m\u00e1s bonito de Mallorca<\/h3>\n<!-- \/wp:heading -->\n\n<!-- wp:paragraph -->\n<p>Portocolom es uno de los pueblos pesqueros m\u00e1s aut\u00e9nticos de la isla. Su puerto natural, las casas de colores y el faro que domina la bah\u00eda conforman una postal mediterr\u00e1nea inigualable. A diferencia de otras zonas m\u00e1s tur\u00edsticas, Portocolom conserva su esencia marinera, con lla\u00fcts (barcas tradicionales) amarrados junto al muelle y vecinos que a\u00fan viven del mar.<\/p>\n<!-- \/wp:paragraph -->\n\n<!-- wp:heading {\"level\":4} -->\n<h4 class=\"wp-block-heading\">Qu\u00e9 ver en Portocolom<\/h4>\n<!-- \/wp:heading -->\n\n<!-- wp:paragraph -->\n<p>Pasea por el <strong>Puerto Viejo<\/strong>, donde el tiempo parece haberse detenido. Las fachadas pintadas en tonos pastel y los reflejos del agua crean una atm\u00f3sfera \u00fanica. Sube al <strong>Faro de Sa Punta<\/strong>, un excelente mirador para contemplar la bah\u00eda, y ac\u00e9rcate a las playas de <strong>S\u2019Arenal Gran<\/strong> y <strong>S\u2019Arenal Petit<\/strong>, perfectas para nadar o tomar el sol en un entorno tranquilo.<\/p>\n<!-- \/wp:paragraph -->\n\n<!-- wp:paragraph -->\n<p>Tambi\u00e9n puedes visitar la <strong>Iglesia de la Mare de D\u00e9u del Carme<\/strong>, patrona de los marineros, o el <strong>Mirador de Es Riuet\u00f3<\/strong>, desde donde se aprecian vistas panor\u00e1micas del puerto.<\/p>\n<!-- \/wp:paragraph -->\n\n<!-- wp:heading {\"level\":4} -->\n<h4 class=\"wp-block-heading\">D\u00f3nde comer frente al mar<\/h4>\n<!-- \/wp:heading -->\n\n<!-- wp:paragraph -->\n<p>Para comer bien y con vistas, <strong><a href=\"https:\/\/hpcportocolom.com\/\">HPC Portocolom<\/a><\/strong> es una apuesta segura. Su carta combina platos mediterr\u00e1neos con productos locales y un ambiente elegante pero relajado. Otra excelente opci\u00f3n es <strong><a href=\"https:\/\/babboportocolom.com\/\">Babbo Portocolom<\/a><\/strong>, con un toque moderno y un trato cercano que lo convierten en uno de los favoritos entre residentes y visitantes.<\/p>\n<!-- \/wp:paragraph -->\n\n<!-- wp:paragraph -->\n<p>Y si despues de la comida o la cena quieres disfrutar de un buen cocktail puedes encontrar el <a href=\"https:\/\/surmasterprojects.com\/es\/blue-and-drinks-porto-colom\/\"><strong>Blue &amp; Drinks<\/strong><\/a>, con una encantadora terraza ofrece un espacio \u00fanico donde disfrutar de un ambiente excepcional.<\/p>\n<!-- \/wp:paragraph -->\n\n<!-- wp:heading {\"level\":4} -->\n<h4 class=\"wp-block-heading\">D\u00f3nde alojarte en Portocolom<\/h4>\n<!-- \/wp:heading -->\n\n<!-- wp:paragraph -->\n<p>El <strong><a href=\"https:\/\/www.hostalportocolom.com\/\">Hostal HPC Portocolom<\/a><\/strong>, situado frente al mar, ofrece habitaciones luminosas, terraza y un restaurante excelente. Es perfecto para quienes buscan disfrutar de la calma del pueblo sin renunciar a la comodidad.<\/p>\n<!-- \/wp:paragraph -->\n\n<!-- wp:heading {\"level\":3} -->\n<h3 class=\"wp-block-heading\">Cala d\u2019Or \u2013 elegancia mediterr\u00e1nea entre calas turquesa<\/h3>\n<!-- \/wp:heading -->\n\n<!-- wp:paragraph -->\n<p>Cala d\u2019Or es una joya del Levante mallorqu\u00edn. Su estilo arquitect\u00f3nico blanco, inspirado en Ibiza, y su red de peque\u00f1as calas de aguas cristalinas la convierten en un destino ideal para quienes buscan mar, confort y una atm\u00f3sfera cuidada. Sus calles peatonales, llenas de tiendas y terrazas, desprenden un aire cosmopolita pero sin perder su esencia mediterr\u00e1nea.<\/p>\n<!-- \/wp:paragraph -->\n\n<!-- wp:heading {\"level\":4} -->\n<h4 class=\"wp-block-heading\">Qu\u00e9 hacer en Cala d\u2019Or<\/h4>\n<!-- \/wp:heading -->\n\n<!-- wp:paragraph -->\n<p>Dedica un d\u00eda a disfrutar de sus calas m\u00e1s conocidas: <strong>Cala Gran<\/strong>, <strong>Cala Ferrera<\/strong>, <strong>Cala Esmeralda<\/strong> o <strong>Cala Serena<\/strong>, todas accesibles a pie y con aguas perfectas para nadar o practicar paddle surf.<br>Pasea por el <strong>puerto deportivo<\/strong>, uno de los m\u00e1s bonitos del sur de la isla, y ac\u00e9rcate hasta el <strong>Faro de Cala Egos<\/strong> al atardecer para disfrutar de unas vistas inolvidables.<\/p>\n<!-- \/wp:paragraph -->\n\n<!-- wp:paragraph -->\n<p>Por la noche, el ambiente cambia: la zona del puerto se llena de vida con bares, restaurantes y locales con m\u00fasica en directo.<\/p>\n<!-- \/wp:paragraph -->\n\n<!-- wp:heading {\"level\":4} -->\n<h4 class=\"wp-block-heading\">Los mejores restaurantes de Cala d\u2019Or<\/h4>\n<!-- \/wp:heading -->\n\n<!-- wp:paragraph -->\n<p>Si te gusta la buena mesa, no puedes perderte el <strong><a href=\"https:\/\/www.bocanacalador.com\/\">Restaurante Bocana<\/a><\/strong>, junto al puerto, especializado en cocina mediterr\u00e1nea moderna y pescado fresco. Tambi\u00e9n destacan <strong><a href=\"https:\/\/www.donleonecalador.com\/\">Don Leone<\/a><\/strong>, con un ambiente familiar y una carta variada, y <strong><a href=\"https:\/\/restaurantesivina.com\/\">Sivina<\/a><\/strong>, ideal para una cena tranquila entre pinos y brisa marina. Los amantes de la gastronom\u00eda mexicana estan de suerte, ya que podr\u00e1n encontrar el restaurante <strong><a href=\"https:\/\/restaurantetacospatron.com\/\">Tacos Patr\u00f3n<\/a><\/strong>, valorado como uno de los mejores restaurantes de comida mexicana de Mallorca.<br>Y si despu\u00e9s de cenar te apetece una copa, <strong><a href=\"https:\/\/www.pubdugans.com\/\">Dugans Irish Pub<\/a><\/strong> es un cl\u00e1sico imprescindible, conocido por su m\u00fasica en directo y su ambiente animado.<\/p>\n<!-- \/wp:paragraph -->\n\n<!-- wp:heading {\"level\":4} -->\n<h4 class=\"wp-block-heading\">D\u00f3nde alojarte para disfrutar del ambiente costero<\/h4>\n<!-- \/wp:heading -->\n\n<!-- wp:paragraph -->\n<p>El <strong><a href=\"https:\/\/www.hoteldor.com\/\">Hotel d\u2019Or<\/a><\/strong> es una de las mejores opciones por su excelente ubicaci\u00f3n en el centro y su ambiente acogedor. Est\u00e1 a pocos pasos del puerto, las calas y las principales zonas de ocio, ideal para quienes buscan comodidad sin depender del coche.<\/p>\n<!-- \/wp:paragraph -->\n\n<!-- wp:heading {\"level\":3} -->\n<h3 class=\"wp-block-heading\">Valldemossa \u2013 historia, arte y tradici\u00f3n en la Tramuntana<\/h3>\n<!-- \/wp:heading -->\n\n<!-- wp:paragraph -->\n<p>Valldemossa es uno de los pueblos m\u00e1s emblem\u00e1ticos de Mallorca. Situado en pleno coraz\u00f3n de la <strong>Serra de Tramuntana<\/strong>, Patrimonio de la Humanidad, conserva el encanto de la arquitectura tradicional mallorquina con calles empedradas, balcones floridos y casas de piedra dorada.<\/p>\n<!-- \/wp:paragraph -->\n\n<!-- wp:heading {\"level\":4} -->\n<h4 class=\"wp-block-heading\">Qu\u00e9 ver en Valldemossa<\/h4>\n<!-- \/wp:heading -->\n\n<!-- wp:paragraph -->\n<p>La <strong>Cartuja de Valldemossa<\/strong> es su monumento m\u00e1s famoso. All\u00ed residieron el compositor <strong>Fr\u00e9d\u00e9ric Chopin<\/strong> y la escritora <strong>George Sand<\/strong> durante el invierno de 1838, y hoy se puede visitar su celda con objetos personales y un peque\u00f1o museo.<br>Recorre el <strong>casco antiguo<\/strong>, lleno de peque\u00f1as tiendas de artesan\u00eda y caf\u00e9s con encanto. Desde el <strong>Mirador de Lledoners<\/strong> disfrutar\u00e1s de una de las mejores panor\u00e1micas del valle.<br>Y antes de marcharte, prueba la famosa <strong>coca de patata<\/strong> con un chocolate caliente: un cl\u00e1sico que sabe a Mallorca.<\/p>\n<!-- \/wp:paragraph -->\n\n<!-- wp:heading {\"level\":3} -->\n<h3 class=\"wp-block-heading\">Dei\u00e0 \u2013 el rinc\u00f3n bohemio de los artistas<\/h3>\n<!-- \/wp:heading -->\n\n<!-- wp:paragraph -->\n<p>Dei\u00e0 es un peque\u00f1o pueblo colgado entre el mar y la monta\u00f1a. Su belleza ha atra\u00eddo a artistas, escritores y m\u00fasicos desde principios del siglo XX, convirti\u00e9ndolo en un s\u00edmbolo del esp\u00edritu bohemio de la isla.<\/p>\n<!-- \/wp:paragraph -->\n\n<!-- wp:heading {\"level\":4} -->\n<h4 class=\"wp-block-heading\">Qu\u00e9 ver en Dei\u00e0<\/h4>\n<!-- \/wp:heading -->\n\n<!-- wp:paragraph -->\n<p>Empieza tu recorrido en la <strong>Casa Museo de Robert Graves<\/strong>, el poeta ingl\u00e9s que se enamor\u00f3 del pueblo y vivi\u00f3 aqu\u00ed hasta su muerte. Contin\u00faa por sus calles empedradas hasta la <strong>Iglesia de San Juan Bautista<\/strong>, situada en lo alto, con un mirador que ofrece una vista espectacular.<br>No te pierdas la bajada a <strong>Cala Dei\u00e0<\/strong>, una peque\u00f1a cala de roca rodeada de acantilados, donde podr\u00e1s ba\u00f1arte o almorzar pescado fresco en alguno de los restaurantes a pie de mar.<\/p>\n<!-- \/wp:paragraph -->\n\n<!-- wp:heading {\"level\":3} -->\n<h3 class=\"wp-block-heading\">S\u00f3ller \u2013 entre naranjos y arquitectura modernista<\/h3>\n<!-- \/wp:heading -->\n\n<!-- wp:paragraph -->\n<p>S\u00f3ller es una de las joyas del noroeste de la isla. Enclavado en un f\u00e9rtil valle cubierto de naranjos, combina la elegancia de su arquitectura modernista con el ambiente de un pueblo mallorqu\u00edn tradicional.<\/p>\n<!-- \/wp:paragraph -->\n\n<!-- wp:heading {\"level\":4} -->\n<h4 class=\"wp-block-heading\">Qu\u00e9 ver en S\u00f3ller<\/h4>\n<!-- \/wp:heading -->\n\n<!-- wp:paragraph -->\n<p>Empieza por la <strong>Plaza de la Constituci\u00f3n<\/strong>, coraz\u00f3n del pueblo, donde destacan la <strong>Iglesia de Sant Bartomeu<\/strong> y el edificio modernista del <strong>Banco de S\u00f3ller<\/strong>, obra de Joan Rubi\u00f3, disc\u00edpulo de Gaud\u00ed.<br>Desde all\u00ed puedes tomar el <strong>tranv\u00eda de madera<\/strong> hasta el <strong>Puerto de S\u00f3ller<\/strong>, una experiencia \u00fanica que conecta el centro del pueblo con el mar.<br>No olvides visitar el <strong>Jard\u00edn Bot\u00e1nico de S\u00f3ller<\/strong> y probar un zumo de naranja reci\u00e9n exprimido en alguna de sus terrazas.<\/p>\n<!-- \/wp:paragraph -->\n\n<!-- wp:heading {\"level\":3} -->\n<h3 class=\"wp-block-heading\">Fornalutx \u2013 el pueblo m\u00e1s pintoresco de la Tramuntana<\/h3>\n<!-- \/wp:heading -->\n\n<!-- wp:paragraph -->\n<p>A solo unos minutos de S\u00f3ller, <strong>Fornalutx<\/strong> es considerado uno de los pueblos m\u00e1s bonitos de Espa\u00f1a. Sus calles empedradas, sus casas con tejas \u00e1rabes y sus escaleras de piedra invitan a recorrerlo sin prisa.<\/p>\n<!-- \/wp:paragraph -->\n\n<!-- wp:heading {\"level\":4} -->\n<h4 class=\"wp-block-heading\">Qu\u00e9 ver en Fornalutx<\/h4>\n<!-- \/wp:heading -->\n\n<!-- wp:paragraph -->\n<p>Pasea por sus callejones decorados con flores, sube al <strong>Mirador de Ses Barques<\/strong> para contemplar el valle y detente en la <strong>Plaza de Espa\u00f1a<\/strong>, donde siempre hay alg\u00fan local dispuesto a charlar.<br>Es el lugar ideal para quienes buscan calma, naturaleza y autenticidad.<\/p>\n<!-- \/wp:paragraph -->\n\n<!-- wp:heading {\"level\":3} -->\n<h3 class=\"wp-block-heading\">Pollen\u00e7a y Alc\u00fadia \u2013 historia y mar en el norte de la isla<\/h3>\n<!-- \/wp:heading -->\n\n<!-- wp:paragraph -->\n<p>El norte de Mallorca guarda dos pueblos con mucho car\u00e1cter: <strong>Pollen\u00e7a<\/strong> y <strong>Alc\u00fadia<\/strong>. Ambos combinan patrimonio, cultura y playas de ensue\u00f1o.<\/p>\n<!-- \/wp:paragraph -->\n\n<!-- wp:heading {\"level\":4} -->\n<h4 class=\"wp-block-heading\">Pollen\u00e7a<\/h4>\n<!-- \/wp:heading -->\n\n<!-- wp:paragraph -->\n<p>Pollen\u00e7a cautiva con su aire art\u00edstico y su impresionante escalinata del <strong>Calvario<\/strong>, con 365 escalones que conducen a una peque\u00f1a ermita desde la que se divisa todo el valle. Su plaza mayor es perfecta para sentarse a tomar algo y disfrutar del ambiente local.<\/p>\n<!-- \/wp:paragraph -->\n\n<!-- wp:heading {\"level\":4} -->\n<h4 class=\"wp-block-heading\">Alc\u00fadia<\/h4>\n<!-- \/wp:heading -->\n\n<!-- wp:paragraph -->\n<p>Alc\u00fadia, por su parte, conserva un magn\u00edfico recinto amurallado y un casco antiguo lleno de historia. Dentro de sus murallas encontrar\u00e1s calles estrechas, casas se\u00f1oriales y una animada vida comercial. Adem\u00e1s, su puerto y las playas cercanas son ideales para completar el d\u00eda entre cultura y mar.<\/p>\n<!-- \/wp:paragraph -->\n\n<!-- wp:paragraph -->\n<p>Recorrer los pueblos m\u00e1s bonitos de Mallorca es adentrarse en su esencia m\u00e1s aut\u00e9ntica. Desde el alma marinera de <strong>Portocolom<\/strong> y el ambiente elegante de <strong>Cala d\u2019Or<\/strong> hasta la magia de <strong>Valldemossa<\/strong>, <strong>Dei\u00e0<\/strong>, <strong>S\u00f3ller<\/strong> y <strong>Fornalutx<\/strong>, cada pueblo guarda un pedazo del esp\u00edritu mallorqu\u00edn.<br>A\u00f1ade a tu itinerario una buena comida en <strong>Bocana<\/strong>, <strong>Sivina<\/strong>, <strong>Don Leone<\/strong>, <strong>HPC Portocolom<\/strong> o <strong>Babbo Portocolom<\/strong>, y al\u00f3jate en el <strong>Hostal HPC Portocolom<\/strong> o el <strong>Hotel d\u2019Or<\/strong> para vivir la experiencia completa. Mallorca te espera con mar, monta\u00f1a, historia y sabor mediterr\u00e1neo.<\/p>\n<!-- \/wp:paragraph -->","_et_gb_content_width":"1080","footnotes":""},"categories":[19],"tags":[],"class_list":["post-9295","post","type-post","status-publish","format-standard","has-post-thumbnail","hentry","category-guia-viaje-mallorca"],"yoast_head":"<!-- This site is optimized with the Yoast SEO plugin v27.4 - https:\/\/yoast.com\/product\/yoast-seo-wordpress\/ -->\n<title>Surmaster Projects<\/title>\n<meta name=\"description\" content=\"Los pueblos m\u00e1s bonitos de Mallorca: Portocolom, Cala d\u2019Or, Valldemossa, Dei\u00e0, S\u00f3ller y m\u00e1s. Gu\u00eda completa con qu\u00e9 ver, d\u00f3nde comer y dormir.\" \/>\n<meta name=\"robots\" content=\"index, follow, max-snippet:-1, max-image-preview:large, max-video-preview:-1\" \/>\n<link rel=\"canonical\" href=\"https:\/\/surmasterprojects.com\/de\/blog\/los-pueblos-mas-bonitos-de-mallorca\/\" \/>\n<meta property=\"og:locale\" content=\"de_DE\" \/>\n<meta property=\"og:type\" content=\"article\" \/>\n<meta property=\"og:description\" content=\"Los pueblos m\u00e1s bonitos de Mallorca: Portocolom, Cala d\u2019Or, Valldemossa, Dei\u00e0, S\u00f3ller y m\u00e1s. Gu\u00eda completa con qu\u00e9 ver, d\u00f3nde comer y dormir.\" \/>\n<meta property=\"og:url\" content=\"https:\/\/surmasterprojects.com\/de\/blog\/los-pueblos-mas-bonitos-de-mallorca\/\" \/>\n<meta property=\"og:site_name\" content=\"Surmaster Projects\" \/>\n<meta property=\"article:published_time\" content=\"2025-10-09T11:58:42+00:00\" \/>\n<meta property=\"article:modified_time\" content=\"2025-11-07T11:17:25+00:00\" \/>\n<meta property=\"og:image\" content=\"https:\/\/surmasterprojects.com\/wp-content\/uploads\/2025\/08\/celebrar-eventos-en-portocolom.jpg\" \/>\n\t<meta property=\"og:image:width\" content=\"1920\" \/>\n\t<meta property=\"og:image:height\" content=\"1280\" \/>\n\t<meta property=\"og:image:type\" content=\"image\/jpeg\" \/>\n<meta name=\"author\" content=\"admin\" \/>\n<meta name=\"twitter:card\" content=\"summary_large_image\" \/>\n<meta name=\"twitter:label1\" content=\"Verfasst von\" \/>\n\t<meta name=\"twitter:data1\" content=\"admin\" \/>\n\t<meta name=\"twitter:label2\" content=\"Gesch\u00e4tzte Lesezeit\" \/>\n\t<meta name=\"twitter:data2\" content=\"8\u00a0Minuten\" \/>\n<script type=\"application\/ld+json\" class=\"yoast-schema-graph\">{\"@context\":\"https:\\\/\\\/schema.org\",\"@graph\":[{\"@type\":\"Article\",\"@id\":\"https:\\\/\\\/surmasterprojects.com\\\/blog\\\/los-pueblos-mas-bonitos-de-mallorca\\\/#article\",\"isPartOf\":{\"@id\":\"https:\\\/\\\/surmasterprojects.com\\\/blog\\\/los-pueblos-mas-bonitos-de-mallorca\\\/\"},\"author\":{\"name\":\"admin\",\"@id\":\"https:\\\/\\\/surmasterprojects.com\\\/es\\\/#\\\/schema\\\/person\\\/e91face8d14f85c1a1e8281796c8dc8f\"},\"headline\":\"Los pueblos m\u00e1s bonitos de Mallorca\",\"datePublished\":\"2025-10-09T11:58:42+00:00\",\"dateModified\":\"2025-11-07T11:17:25+00:00\",\"mainEntityOfPage\":{\"@id\":\"https:\\\/\\\/surmasterprojects.com\\\/blog\\\/los-pueblos-mas-bonitos-de-mallorca\\\/\"},\"wordCount\":1770,\"commentCount\":0,\"publisher\":{\"@id\":\"https:\\\/\\\/surmasterprojects.com\\\/es\\\/#organization\"},\"image\":{\"@id\":\"https:\\\/\\\/surmasterprojects.com\\\/blog\\\/los-pueblos-mas-bonitos-de-mallorca\\\/#primaryimage\"},\"thumbnailUrl\":\"https:\\\/\\\/surmasterprojects.com\\\/wp-content\\\/uploads\\\/2025\\\/08\\\/celebrar-eventos-en-portocolom.jpg\",\"articleSection\":[\"Mallorca (Baleares): Gu\u00eda completa\"],\"inLanguage\":\"de\",\"potentialAction\":[{\"@type\":\"CommentAction\",\"name\":\"Comment\",\"target\":[\"https:\\\/\\\/surmasterprojects.com\\\/blog\\\/los-pueblos-mas-bonitos-de-mallorca\\\/#respond\"]}]},{\"@type\":\"WebPage\",\"@id\":\"https:\\\/\\\/surmasterprojects.com\\\/blog\\\/los-pueblos-mas-bonitos-de-mallorca\\\/\",\"url\":\"https:\\\/\\\/surmasterprojects.com\\\/blog\\\/los-pueblos-mas-bonitos-de-mallorca\\\/\",\"name\":\"\",\"isPartOf\":{\"@id\":\"https:\\\/\\\/surmasterprojects.com\\\/es\\\/#website\"},\"primaryImageOfPage\":{\"@id\":\"https:\\\/\\\/surmasterprojects.com\\\/blog\\\/los-pueblos-mas-bonitos-de-mallorca\\\/#primaryimage\"},\"image\":{\"@id\":\"https:\\\/\\\/surmasterprojects.com\\\/blog\\\/los-pueblos-mas-bonitos-de-mallorca\\\/#primaryimage\"},\"thumbnailUrl\":\"https:\\\/\\\/surmasterprojects.com\\\/wp-content\\\/uploads\\\/2025\\\/08\\\/celebrar-eventos-en-portocolom.jpg\",\"datePublished\":\"2025-10-09T11:58:42+00:00\",\"dateModified\":\"2025-11-07T11:17:25+00:00\",\"description\":\"Los pueblos m\u00e1s bonitos de Mallorca: Portocolom, Cala d\u2019Or, Valldemossa, Dei\u00e0, S\u00f3ller y m\u00e1s. Gu\u00eda completa con qu\u00e9 ver, d\u00f3nde comer y dormir.\",\"breadcrumb\":{\"@id\":\"https:\\\/\\\/surmasterprojects.com\\\/blog\\\/los-pueblos-mas-bonitos-de-mallorca\\\/#breadcrumb\"},\"inLanguage\":\"de\",\"potentialAction\":[{\"@type\":\"ReadAction\",\"target\":[\"https:\\\/\\\/surmasterprojects.com\\\/blog\\\/los-pueblos-mas-bonitos-de-mallorca\\\/\"]}]},{\"@type\":\"ImageObject\",\"inLanguage\":\"de\",\"@id\":\"https:\\\/\\\/surmasterprojects.com\\\/blog\\\/los-pueblos-mas-bonitos-de-mallorca\\\/#primaryimage\",\"url\":\"https:\\\/\\\/surmasterprojects.com\\\/wp-content\\\/uploads\\\/2025\\\/08\\\/celebrar-eventos-en-portocolom.jpg\",\"contentUrl\":\"https:\\\/\\\/surmasterprojects.com\\\/wp-content\\\/uploads\\\/2025\\\/08\\\/celebrar-eventos-en-portocolom.jpg\",\"width\":1920,\"height\":1280},{\"@type\":\"BreadcrumbList\",\"@id\":\"https:\\\/\\\/surmasterprojects.com\\\/blog\\\/los-pueblos-mas-bonitos-de-mallorca\\\/#breadcrumb\",\"itemListElement\":[{\"@type\":\"ListItem\",\"position\":1,\"name\":\"Portada\",\"item\":\"https:\\\/\\\/surmasterprojects.com\\\/es\\\/\"},{\"@type\":\"ListItem\",\"position\":2,\"name\":\"Los pueblos m\u00e1s bonitos de Mallorca\"}]},{\"@type\":\"WebSite\",\"@id\":\"https:\\\/\\\/surmasterprojects.com\\\/es\\\/#website\",\"url\":\"https:\\\/\\\/surmasterprojects.com\\\/es\\\/\",\"name\":\"Surmaster Projects\",\"description\":\"\",\"publisher\":{\"@id\":\"https:\\\/\\\/surmasterprojects.com\\\/es\\\/#organization\"},\"potentialAction\":[{\"@type\":\"SearchAction\",\"target\":{\"@type\":\"EntryPoint\",\"urlTemplate\":\"https:\\\/\\\/surmasterprojects.com\\\/es\\\/?s={search_term_string}\"},\"query-input\":{\"@type\":\"PropertyValueSpecification\",\"valueRequired\":true,\"valueName\":\"search_term_string\"}}],\"inLanguage\":\"de\"},{\"@type\":\"Organization\",\"@id\":\"https:\\\/\\\/surmasterprojects.com\\\/es\\\/#organization\",\"name\":\"Surmaster Projects\",\"url\":\"https:\\\/\\\/surmasterprojects.com\\\/es\\\/\",\"logo\":{\"@type\":\"ImageObject\",\"inLanguage\":\"de\",\"@id\":\"https:\\\/\\\/surmasterprojects.com\\\/es\\\/#\\\/schema\\\/logo\\\/image\\\/\",\"url\":\"https:\\\/\\\/surmasterprojects.com\\\/wp-content\\\/uploads\\\/2022\\\/04\\\/cropped-Logo_GrupoSurmaster_negativo.png\",\"contentUrl\":\"https:\\\/\\\/surmasterprojects.com\\\/wp-content\\\/uploads\\\/2022\\\/04\\\/cropped-Logo_GrupoSurmaster_negativo.png\",\"width\":512,\"height\":512,\"caption\":\"Surmaster Projects\"},\"image\":{\"@id\":\"https:\\\/\\\/surmasterprojects.com\\\/es\\\/#\\\/schema\\\/logo\\\/image\\\/\"}},{\"@type\":\"Person\",\"@id\":\"https:\\\/\\\/surmasterprojects.com\\\/es\\\/#\\\/schema\\\/person\\\/e91face8d14f85c1a1e8281796c8dc8f\",\"name\":\"admin\",\"image\":{\"@type\":\"ImageObject\",\"inLanguage\":\"de\",\"@id\":\"https:\\\/\\\/surmasterprojects.com\\\/wp-content\\\/litespeed\\\/avatar\\\/891d1cd506ea39e67ffae4cde18491f4.jpg?ver=1776813681\",\"url\":\"https:\\\/\\\/surmasterprojects.com\\\/wp-content\\\/litespeed\\\/avatar\\\/891d1cd506ea39e67ffae4cde18491f4.jpg?ver=1776813681\",\"contentUrl\":\"https:\\\/\\\/surmasterprojects.com\\\/wp-content\\\/litespeed\\\/avatar\\\/891d1cd506ea39e67ffae4cde18491f4.jpg?ver=1776813681\",\"caption\":\"admin\"},\"sameAs\":[\"http:\\\/\\\/surmasterprojects.com\"]}]}<\/script>\n<!-- \/ Yoast SEO plugin. -->","yoast_head_json":{"title":"Surmaster Projects","description":"Die sch\u00f6nsten D\u00f6rfer Mallorcas: Portocolom, Cala d\u2019Or, Valldemossa, Dei\u00e0, S\u00f3ller und mehr. Vollst\u00e4ndiger Reisef\u00fchrer mit Sehensw\u00fcrdigkeiten, Restaurants und \u00dcbernachtungsm\u00f6glichkeiten.","robots":{"index":"index","follow":"follow","max-snippet":"max-snippet:-1","max-image-preview":"max-image-preview:large","max-video-preview":"max-video-preview:-1"},"canonical":"https:\/\/surmasterprojects.com\/de\/blog\/los-pueblos-mas-bonitos-de-mallorca\/","og_locale":"de_DE","og_type":"article","og_description":"Los pueblos m\u00e1s bonitos de Mallorca: Portocolom, Cala d\u2019Or, Valldemossa, Dei\u00e0, S\u00f3ller y m\u00e1s. Gu\u00eda completa con qu\u00e9 ver, d\u00f3nde comer y dormir.","og_url":"https:\/\/surmasterprojects.com\/de\/blog\/los-pueblos-mas-bonitos-de-mallorca\/","og_site_name":"Surmaster Projects","article_published_time":"2025-10-09T11:58:42+00:00","article_modified_time":"2025-11-07T11:17:25+00:00","og_image":[{"width":1920,"height":1280,"url":"https:\/\/surmasterprojects.com\/wp-content\/uploads\/2025\/08\/celebrar-eventos-en-portocolom.jpg","type":"image\/jpeg"}],"author":"admin","twitter_card":"summary_large_image","twitter_misc":{"Verfasst von":"admin","Gesch\u00e4tzte Lesezeit":"8\u00a0Minuten"},"schema":{"@context":"https:\/\/schema.org","@graph":[{"@type":"Article","@id":"https:\/\/surmasterprojects.com\/blog\/los-pueblos-mas-bonitos-de-mallorca\/#article","isPartOf":{"@id":"https:\/\/surmasterprojects.com\/blog\/los-pueblos-mas-bonitos-de-mallorca\/"},"author":{"name":"admin","@id":"https:\/\/surmasterprojects.com\/es\/#\/schema\/person\/e91face8d14f85c1a1e8281796c8dc8f"},"headline":"Los pueblos m\u00e1s bonitos de Mallorca","datePublished":"2025-10-09T11:58:42+00:00","dateModified":"2025-11-07T11:17:25+00:00","mainEntityOfPage":{"@id":"https:\/\/surmasterprojects.com\/blog\/los-pueblos-mas-bonitos-de-mallorca\/"},"wordCount":1770,"commentCount":0,"publisher":{"@id":"https:\/\/surmasterprojects.com\/es\/#organization"},"image":{"@id":"https:\/\/surmasterprojects.com\/blog\/los-pueblos-mas-bonitos-de-mallorca\/#primaryimage"},"thumbnailUrl":"https:\/\/surmasterprojects.com\/wp-content\/uploads\/2025\/08\/celebrar-eventos-en-portocolom.jpg","articleSection":["Mallorca (Baleares): Gu\u00eda completa"],"inLanguage":"de","potentialAction":[{"@type":"CommentAction","name":"Comment","target":["https:\/\/surmasterprojects.com\/blog\/los-pueblos-mas-bonitos-de-mallorca\/#respond"]}]},{"@type":"WebPage","@id":"https:\/\/surmasterprojects.com\/blog\/los-pueblos-mas-bonitos-de-mallorca\/","url":"https:\/\/surmasterprojects.com\/blog\/los-pueblos-mas-bonitos-de-mallorca\/","name":"","isPartOf":{"@id":"https:\/\/surmasterprojects.com\/es\/#website"},"primaryImageOfPage":{"@id":"https:\/\/surmasterprojects.com\/blog\/los-pueblos-mas-bonitos-de-mallorca\/#primaryimage"},"image":{"@id":"https:\/\/surmasterprojects.com\/blog\/los-pueblos-mas-bonitos-de-mallorca\/#primaryimage"},"thumbnailUrl":"https:\/\/surmasterprojects.com\/wp-content\/uploads\/2025\/08\/celebrar-eventos-en-portocolom.jpg","datePublished":"2025-10-09T11:58:42+00:00","dateModified":"2025-11-07T11:17:25+00:00","description":"Die sch\u00f6nsten D\u00f6rfer Mallorcas: Portocolom, Cala d\u2019Or, Valldemossa, Dei\u00e0, S\u00f3ller und mehr. Vollst\u00e4ndiger Reisef\u00fchrer mit Sehensw\u00fcrdigkeiten, Restaurants und \u00dcbernachtungsm\u00f6glichkeiten.","breadcrumb":{"@id":"https:\/\/surmasterprojects.com\/blog\/los-pueblos-mas-bonitos-de-mallorca\/#breadcrumb"},"inLanguage":"de","potentialAction":[{"@type":"ReadAction","target":["https:\/\/surmasterprojects.com\/blog\/los-pueblos-mas-bonitos-de-mallorca\/"]}]},{"@type":"ImageObject","inLanguage":"de","@id":"https:\/\/surmasterprojects.com\/blog\/los-pueblos-mas-bonitos-de-mallorca\/#primaryimage","url":"https:\/\/surmasterprojects.com\/wp-content\/uploads\/2025\/08\/celebrar-eventos-en-portocolom.jpg","contentUrl":"https:\/\/surmasterprojects.com\/wp-content\/uploads\/2025\/08\/celebrar-eventos-en-portocolom.jpg","width":1920,"height":1280},{"@type":"BreadcrumbList","@id":"https:\/\/surmasterprojects.com\/blog\/los-pueblos-mas-bonitos-de-mallorca\/#breadcrumb","itemListElement":[{"@type":"ListItem","position":1,"name":"Portada","item":"https:\/\/surmasterprojects.com\/es\/"},{"@type":"ListItem","position":2,"name":"Los pueblos m\u00e1s bonitos de Mallorca"}]},{"@type":"WebSite","@id":"https:\/\/surmasterprojects.com\/es\/#website","url":"https:\/\/surmasterprojects.com\/es\/","name":"Surmaster Projects","description":"","publisher":{"@id":"https:\/\/surmasterprojects.com\/es\/#organization"},"potentialAction":[{"@type":"SearchAction","target":{"@type":"EntryPoint","urlTemplate":"https:\/\/surmasterprojects.com\/es\/?s={search_term_string}"},"query-input":{"@type":"PropertyValueSpecification","valueRequired":true,"valueName":"search_term_string"}}],"inLanguage":"de"},{"@type":"Organization","@id":"https:\/\/surmasterprojects.com\/es\/#organization","name":"Surmaster Projects","url":"https:\/\/surmasterprojects.com\/es\/","logo":{"@type":"ImageObject","inLanguage":"de","@id":"https:\/\/surmasterprojects.com\/es\/#\/schema\/logo\/image\/","url":"https:\/\/surmasterprojects.com\/wp-content\/uploads\/2022\/04\/cropped-Logo_GrupoSurmaster_negativo.png","contentUrl":"https:\/\/surmasterprojects.com\/wp-content\/uploads\/2022\/04\/cropped-Logo_GrupoSurmaster_negativo.png","width":512,"height":512,"caption":"Surmaster Projects"},"image":{"@id":"https:\/\/surmasterprojects.com\/es\/#\/schema\/logo\/image\/"}},{"@type":"Person","@id":"https:\/\/surmasterprojects.com\/es\/#\/schema\/person\/e91face8d14f85c1a1e8281796c8dc8f","name":"admin","image":{"@type":"ImageObject","inLanguage":"de","@id":"https:\/\/surmasterprojects.com\/wp-content\/litespeed\/avatar\/891d1cd506ea39e67ffae4cde18491f4.jpg?ver=1776813681","url":"https:\/\/surmasterprojects.com\/wp-content\/litespeed\/avatar\/891d1cd506ea39e67ffae4cde18491f4.jpg?ver=1776813681","contentUrl":"https:\/\/surmasterprojects.com\/wp-content\/litespeed\/avatar\/891d1cd506ea39e67ffae4cde18491f4.jpg?ver=1776813681","caption":"admin"},"sameAs":["http:\/\/surmasterprojects.com"]}]}},"_links":{"self":[{"href":"https:\/\/surmasterprojects.com\/de\/wp-json\/wp\/v2\/posts\/9295","targetHints":{"allow":["GET"]}}],"collection":[{"href":"https:\/\/surmasterprojects.com\/de\/wp-json\/wp\/v2\/posts"}],"about":[{"href":"https:\/\/surmasterprojects.com\/de\/wp-json\/wp\/v2\/types\/post"}],"author":[{"embeddable":true,"href":"https:\/\/surmasterprojects.com\/de\/wp-json\/wp\/v2\/users\/1"}],"replies":[{"embeddable":true,"href":"https:\/\/surmasterprojects.com\/de\/wp-json\/wp\/v2\/comments?post=9295"}],"version-history":[{"count":6,"href":"https:\/\/surmasterprojects.com\/de\/wp-json\/wp\/v2\/posts\/9295\/revisions"}],"predecessor-version":[{"id":9365,"href":"https:\/\/surmasterprojects.com\/de\/wp-json\/wp\/v2\/posts\/9295\/revisions\/9365"}],"wp:featuredmedia":[{"embeddable":true,"href":"https:\/\/surmasterprojects.com\/de\/wp-json\/wp\/v2\/media\/9274"}],"wp:attachment":[{"href":"https:\/\/surmasterprojects.com\/de\/wp-json\/wp\/v2\/media?parent=9295"}],"wp:term":[{"taxonomy":"category","embeddable":true,"href":"https:\/\/surmasterprojects.com\/de\/wp-json\/wp\/v2\/categories?post=9295"},{"taxonomy":"post_tag","embeddable":true,"href":"https:\/\/surmasterprojects.com\/de\/wp-json\/wp\/v2\/tags?post=9295"}],"curies":[{"name":"wp","href":"https:\/\/api.w.org\/{rel}","templated":true}]}}