{"id":9417,"date":"2026-02-16T12:39:55","date_gmt":"2026-02-16T12:39:55","guid":{"rendered":"https:\/\/surmasterprojects.com\/?p=9417"},"modified":"2026-02-16T12:39:57","modified_gmt":"2026-02-16T12:39:57","slug":"la-catedral-de-palma-de-mallorca-historia-arquitectura-y-guia-para-tu-viaje","status":"publish","type":"post","link":"https:\/\/surmasterprojects.com\/de\/blog\/la-catedral-de-palma-de-mallorca-historia-arquitectura-y-guia-para-tu-viaje\/","title":{"rendered":"La Catedral de Palma de Mallorca: Historia, arquitectura y gu\u00eda para tu viaje"},"content":{"rendered":"<h1 class=\"wp-block-heading\">Catedral de Mallorca: historia, arquitectura y gu\u00eda imprescindible para tu viaje<\/h1>\n\n\n\n<p>Si est\u00e1s planeando un viaje a Mallorca, hay un lugar que define la isla incluso antes de pisarla: la imponente <strong>Catedral de Mallorca<\/strong>, conocida localmente como <strong>La Seu<\/strong>. Elev\u00e1ndose frente al <strong>mar Mediterr\u00e1neo<\/strong> en pleno coraz\u00f3n de <strong>Palma<\/strong>, es uno de los <strong>templos g\u00f3ticos m\u00e1s espectaculares de Europa<\/strong> y una visita absolutamente imprescindible para cualquier viajero europeo que quiera combinar <strong>cultura, historia y arquitectura<\/strong> en un solo lugar.<\/p>\n\n\n\n<h2 class=\"wp-block-heading\">Por qu\u00e9 la Catedral de Mallorca es una visita imprescindible en Palma<\/h2>\n\n\n\n<p>La Catedral de Mallorca no es solo el principal monumento de Palma: es el <strong>s\u00edmbolo visual de la isla<\/strong>. Su silueta domina el paseo mar\u00edtimo y crea una de las <strong>estampas m\u00e1s fotografiadas del Mediterr\u00e1neo<\/strong>. A diferencia de otras catedrales europeas rodeadas de edificios, La Seu se abre al mar, lo que le otorga una <strong>luminosidad \u00fanica<\/strong> y una sensaci\u00f3n de amplitud excepcional.<\/p>\n\n\n\n<p>Para el viajero europeo, representa una experiencia completa: <strong>patrimonio medieval<\/strong>, intervenciones modernistas, arte contempor\u00e1neo y <strong>vistas privilegiadas al mar<\/strong>. Si buscas <strong>qu\u00e9 ver en Palma de Mallorca<\/strong>, esta ser\u00e1 siempre la primera recomendaci\u00f3n.<\/p>\n\n\n\n<h2 class=\"wp-block-heading\">Historia de la Catedral de Mallorca: del siglo XIII al XXI<\/h2>\n\n\n\n<h3 class=\"wp-block-heading\">La conquista de Mallorca por Jaime I de Arag\u00f3n y el origen del templo<\/h3>\n\n\n\n<p>La historia de la catedral comienza en <strong>1229<\/strong>, cuando el rey Jaime I conquist\u00f3 Mallorca. Seg\u00fan la tradici\u00f3n, prometi\u00f3 levantar un gran templo dedicado a la Virgen si sobreviv\u00eda a una tormenta en alta mar. Tras la victoria, orden\u00f3 construir una <strong>catedral cristiana sobre la antigua mezquita<\/strong>, marcando el inicio de una nueva etapa hist\u00f3rica para la isla.<\/p>\n\n\n\n<p>Las obras comenzaron en <strong>1230<\/strong>, aunque la construcci\u00f3n se prolong\u00f3 durante siglos, algo habitual en las grandes <strong>catedrales medievales europeas<\/strong>.<\/p>\n\n\n\n<h3 class=\"wp-block-heading\">Siglos de construcci\u00f3n: del g\u00f3tico catal\u00e1n al barroco<\/h3>\n\n\n\n<p>La Seu es uno de los mejores ejemplos del <strong>g\u00f3tico levantino o g\u00f3tico mediterr\u00e1neo<\/strong>. A diferencia del g\u00f3tico franc\u00e9s, aqu\u00ed predominan los <strong>espacios amplios<\/strong>, las l\u00edneas depuradas y una menor ornamentaci\u00f3n exterior. La <strong>nave central<\/strong>, de casi <strong>44 metros de altura<\/strong>, es una de las m\u00e1s altas de Europa.<\/p>\n\n\n\n<p>Con el paso del tiempo se a\u00f1adieron elementos <strong>renacentistas y barrocos<\/strong>, reflejando la evoluci\u00f3n art\u00edstica de cada \u00e9poca y convirtiendo el templo en un aut\u00e9ntico <strong>compendio de historia arquitect\u00f3nica<\/strong>.<\/p>\n\n\n\n<h3 class=\"wp-block-heading\">El terremoto de 1851 y las grandes restauraciones<\/h3>\n\n\n\n<p>Bei der <strong>1851<\/strong>, un terremoto da\u00f1\u00f3 gravemente la fachada principal. Las posteriores restauraciones consolidaron la estructura y permitieron preservar el edificio. Gracias a estas intervenciones, hoy podemos admirar una catedral que combina <strong>estructura medieval y restauraciones modernas<\/strong>.<\/p>\n\n\n\n<h3 class=\"wp-block-heading\">La intervenci\u00f3n de Antoni Gaud\u00ed a comienzos del siglo XX<\/h3>\n\n\n\n<p>Entre <strong>1904 y 1914<\/strong>, el arquitecto modernista Antoni Gaud\u00ed fue invitado a reformar el interior. Elimin\u00f3 elementos barrocos, reubic\u00f3 el coro y dise\u00f1\u00f3 un espectacular <strong>baldaquino suspendido sobre el altar mayor<\/strong>. Su intervenci\u00f3n aport\u00f3 una nueva concepci\u00f3n del <strong>espacio, la luz y la verticalidad<\/strong>, respetando el g\u00f3tico original pero reinterpret\u00e1ndolo desde el <strong>modernismo catal\u00e1n<\/strong>.<\/p>\n\n\n\n<h3 class=\"wp-block-heading\">El arte contempor\u00e1neo de Miquel Barcel\u00f3 en la Capilla del Sant\u00edsimo<\/h3>\n\n\n\n<p>En el siglo XXI, el artista mallorqu\u00edn Miquel Barcel\u00f3 intervino la <strong>Capilla del Sant\u00edsimo<\/strong> con un impresionante <strong>mural cer\u00e1mico<\/strong> inspirado en el milagro de los panes y los peces. Esta obra convierte la catedral en un espacio donde conviven <strong>ocho siglos de arte<\/strong>, desde el medievo hasta la creaci\u00f3n contempor\u00e1nea.<\/p>\n\n\n\n<h2 class=\"wp-block-heading\">Arquitectura de La Seu: una joya del g\u00f3tico mediterr\u00e1neo<\/h2>\n\n\n\n<figure class=\"wp-block-image size-large\"><img loading=\"lazy\" decoding=\"async\" width=\"1024\" height=\"683\" src=\"https:\/\/surmasterprojects.com\/wp-content\/uploads\/2026\/02\/catedral-palma-de-mallorca-1024x683.jpg\" alt=\"\" class=\"wp-image-9419\" srcset=\"https:\/\/surmasterprojects.com\/wp-content\/uploads\/2026\/02\/catedral-palma-de-mallorca-980x654.jpg 980w, https:\/\/surmasterprojects.com\/wp-content\/uploads\/2026\/02\/catedral-palma-de-mallorca-480x320.jpg 480w\" sizes=\"(min-width: 0px) and (max-width: 480px) 480px, (min-width: 481px) and (max-width: 980px) 980px, (min-width: 981px) 1024px, 100vw\" \/><\/figure>\n\n\n\n<h3 class=\"wp-block-heading\">La nave g\u00f3tica y una de las rosetas m\u00e1s grandes del mundo<\/h3>\n\n\n\n<p>Uno de los elementos m\u00e1s impactantes es su <strong>roset\u00f3n mayor<\/strong>, de m\u00e1s de <strong>13 metros de di\u00e1metro<\/strong>, considerado uno de los mayores del mundo g\u00f3tico. Est\u00e1 formado por m\u00e1s de <strong>1.200 piezas de vidrio<\/strong>, y cuando la luz del sol lo atraviesa, el interior se transforma en un <strong>espect\u00e1culo de luz y color<\/strong> inolvidable.<\/p>\n\n\n\n<h3 class=\"wp-block-heading\">La Capilla Real y el baldaquino de Gaud\u00ed<\/h3>\n\n\n\n<p>Die <strong>baldaquino dise\u00f1ado por Gaud\u00ed<\/strong> evoca una corona de espinas y aporta una gran fuerza simb\u00f3lica al altar mayor. Es uno de los puntos m\u00e1s fotografiados del templo y un ejemplo perfecto del di\u00e1logo entre <strong>g\u00f3tico y modernismo<\/strong>.<\/p>\n\n\n\n<h3 class=\"wp-block-heading\">La Capilla del Sant\u00edsimo y el mural cer\u00e1mico de Barcel\u00f3<\/h3>\n\n\n\n<p>El mural de Barcel\u00f3, con sus formas org\u00e1nicas y textura casi submarina, conecta simb\u00f3licamente con el Mediterr\u00e1neo que rodea la isla. Es una parada imprescindible para los amantes del <strong>arte contempor\u00e1neo en Mallorca<\/strong>.<\/p>\n\n\n\n<h3 class=\"wp-block-heading\">El juego de luz: el espect\u00e1culo del \u201cOcho\u201d<\/h3>\n\n\n\n<p>Dos veces al a\u00f1o (el <strong>2 de febrero<\/strong> y el <strong>11 de noviembre<\/strong>) la luz del roset\u00f3n mayor se proyecta bajo el roset\u00f3n occidental formando una figura que parece un <strong>\u201c8\u201d perfecto<\/strong>. Este fen\u00f3meno, conocido como el <strong>espect\u00e1culo del Ocho<\/strong>, atrae a visitantes y fot\u00f3grafos de toda Europa.<\/p>\n\n\n\n<h2 class=\"wp-block-heading\">Qu\u00e9 ver dentro de la Catedral de Mallorca (recorrido recomendado)<\/h2>\n\n\n\n<figure class=\"wp-block-image size-large\"><img loading=\"lazy\" decoding=\"async\" width=\"1024\" height=\"473\" src=\"https:\/\/surmasterprojects.com\/wp-content\/uploads\/2026\/02\/la-seu-palma-mallorca-1024x473.jpg\" alt=\"\" class=\"wp-image-9420\" srcset=\"https:\/\/surmasterprojects.com\/wp-content\/uploads\/2026\/02\/la-seu-palma-mallorca-980x452.jpg 980w, https:\/\/surmasterprojects.com\/wp-content\/uploads\/2026\/02\/la-seu-palma-mallorca-480x222.jpg 480w\" sizes=\"(min-width: 0px) and (max-width: 480px) 480px, (min-width: 481px) and (max-width: 980px) 980px, (min-width: 981px) 1024px, 100vw\" \/><\/figure>\n\n\n\n<p>Durante tu visita no deber\u00edas perderte la <strong>nave central<\/strong>, el <strong>altar mayor<\/strong>, las <strong>capillas laterales<\/strong> y el <strong>Museo Catedralicio<\/strong>, donde se conservan piezas lit\u00fargicas y obras de gran valor hist\u00f3rico.<\/p>\n\n\n\n<p>Frente a la catedral se encuentra el Palacio Real de La Almudaina, antigua fortaleza musulmana transformada en residencia real. La combinaci\u00f3n de ambos monumentos ofrece una visi\u00f3n completa de la <strong>historia pol\u00edtica y religiosa de Mallorca<\/strong>.<\/p>\n\n\n\n<p>Si el acceso est\u00e1 disponible, subir a las <strong>terrazas de la catedral<\/strong> permite disfrutar de <strong>vistas panor\u00e1micas al mar y al casco antiguo de Palma<\/strong>.<\/p>\n\n\n\n<h2 class=\"wp-block-heading\">Horarios, precios y c\u00f3mo comprar entradas para la Catedral de Mallorca<\/h2>\n\n\n\n<p>La catedral abre generalmente de <strong>lunes a s\u00e1bado<\/strong>, con horarios reducidos en invierno. Es recomendable consultar la web oficial antes de la visita para confirmar horarios actualizados.<\/p>\n\n\n\n<p>El precio de la <strong>entrada est\u00e1ndar<\/strong> suele situarse entre <strong>8 y 10 euros<\/strong>, con descuentos para estudiantes y mayores. En <strong>temporada alta (mayo a octubre)<\/strong>, comprar <strong>entradas online<\/strong> es la mejor opci\u00f3n para evitar colas.<\/p>\n\n\n\n<p>Las <strong>visitas guiadas<\/strong> son altamente recomendables si deseas comprender en profundidad la historia y los detalles arquitect\u00f3nicos del templo.<\/p>\n\n\n\n<h2 class=\"wp-block-heading\">Mejor momento para visitar la Catedral de Mallorca<\/h2>\n\n\n\n<p>La <strong>primavera y el oto\u00f1o<\/strong> son las mejores \u00e9pocas para viajeros europeos que buscan <strong>temperaturas suaves y menor masificaci\u00f3n tur\u00edstica<\/strong>. En verano, conviene entrar a primera hora de la ma\u00f1ana.<\/p>\n\n\n\n<p>Si quieres vivir una experiencia \u00fanica, planifica tu visita en las fechas del <strong>fen\u00f3meno del Ocho<\/strong>, uno de los espect\u00e1culos lum\u00ednicos m\u00e1s singulares de Europa.<\/p>\n\n\n\n<h2 class=\"wp-block-heading\">C\u00f3mo llegar a la Catedral desde las principales zonas tur\u00edsticas<\/h2>\n\n\n\n<p>Desde el <strong>aeropuerto de Palma<\/strong>, el trayecto en autob\u00fas dura unos <strong>20\u201325 minutos<\/strong>. Si te alojas en la <strong>Playa de Palma<\/strong>, el acceso es r\u00e1pido y directo.<\/p>\n\n\n\n<p>Desde el norte de la isla, como Alc\u00fadia, el desplazamiento en coche dura aproximadamente <strong>una hora<\/strong>. Una vez en Palma, lo m\u00e1s pr\u00e1ctico es recorrer el <strong>casco hist\u00f3rico a pie<\/strong>, ya que el acceso en coche es limitado.<\/p>\n\n\n\n<h2 class=\"wp-block-heading\">Qu\u00e9 ver cerca de la Catedral en Palma<\/h2>\n\n\n\n<p>A pocos pasos encontrar\u00e1s el <strong>casco antiguo de Palma<\/strong>, con calles estrechas y patios se\u00f1oriales. Tambi\u00e9n puedes visitar los <strong>Ba\u00f1os \u00c1rabes<\/strong>, pasear por el <strong>Paseo del Borne<\/strong> o descubrir el animado <strong>barrio de Santa Catalina<\/strong>.<\/p>\n\n\n\n<p>Combinar la Catedral con un recorrido cultural y gastron\u00f3mico convierte tu d\u00eda en Palma en una <strong>experiencia completa en Mallorca<\/strong>.<\/p>\n\n\n\n<h2 class=\"wp-block-heading\">Preguntas frecuentes sobre la Catedral de Mallorca<\/h2>\n\n\n\n<figure class=\"wp-block-image size-full\"><img loading=\"lazy\" decoding=\"async\" width=\"960\" height=\"960\" src=\"https:\/\/surmasterprojects.com\/wp-content\/uploads\/2026\/02\/catedral-palma-de-mallorca-baleares.jpg\" alt=\"\" class=\"wp-image-9421\" srcset=\"https:\/\/surmasterprojects.com\/wp-content\/uploads\/2026\/02\/catedral-palma-de-mallorca-baleares.jpg 960w, https:\/\/surmasterprojects.com\/wp-content\/uploads\/2026\/02\/catedral-palma-de-mallorca-baleares-480x480.jpg 480w\" sizes=\"(min-width: 0px) and (max-width: 480px) 480px, (min-width: 481px) 960px, 100vw\" \/><\/figure>\n\n\n\n<h3 class=\"wp-block-heading\">\u00bfCu\u00e1nto tiempo se tarda en visitar la Catedral de Mallorca?<\/h3>\n\n\n\n<p>Entre <strong>una hora y hora y media<\/strong>.<\/p>\n\n\n\n<h3 class=\"wp-block-heading\">\u00bfEs mejor comprar entradas online?<\/h3>\n\n\n\n<p>S\u00ed, especialmente en <strong>temporada alta<\/strong> para evitar colas.<\/p>\n\n\n\n<h3 class=\"wp-block-heading\">\u00bfEs adecuada para ni\u00f1os?<\/h3>\n\n\n\n<p>S\u00ed, especialmente si se combina con otras actividades culturales en Palma.<\/p>\n\n\n\n<h3 class=\"wp-block-heading\">\u00bfQu\u00e9 tiene de especial la Catedral de Mallorca?<\/h3>\n\n\n\n<p>La <strong>Catedral de Mallorca<\/strong>, conocida como <strong>La Seu<\/strong>, es especial por varias razones \u00fanicas en Europa. Est\u00e1 situada <strong>frente al mar Mediterr\u00e1neo<\/strong>, algo poco habitual en grandes catedrales g\u00f3ticas, lo que le proporciona una <strong>luminosidad excepcional<\/strong>. Adem\u00e1s, posee una de las <strong>naves g\u00f3ticas m\u00e1s altas de Europa<\/strong> (44 metros), uno de los <strong>rosetones m\u00e1s grandes del mundo g\u00f3tico<\/strong> y combina en un mismo espacio <strong>arquitectura medieval, intervenci\u00f3n modernista de Gaud\u00ed y arte contempor\u00e1neo de Miquel Barcel\u00f3<\/strong>. Todo ello la convierte en uno de los templos m\u00e1s singulares del Mediterr\u00e1neo.<\/p>\n\n\n\n<h3 class=\"wp-block-heading\">\u00bfQu\u00e9 hizo Gaud\u00ed en la Catedral de Palma de Mallorca?<\/h3>\n\n\n\n<p>El arquitecto modernista <strong>Antoni Gaud\u00ed<\/strong> trabaj\u00f3 en la catedral entre <strong>1904 y 1914<\/strong>. Su intervenci\u00f3n transform\u00f3 profundamente el interior: elimin\u00f3 elementos barrocos, traslad\u00f3 el coro, mejor\u00f3 la iluminaci\u00f3n natural y dise\u00f1\u00f3 el famoso <strong>baldaquino suspendido sobre el altar mayor<\/strong>. Tambi\u00e9n incorpor\u00f3 elementos decorativos y lit\u00fargicos que reforzaban la verticalidad y la espiritualidad del espacio. Su reforma es uno de los grandes atractivos art\u00edsticos del templo.<\/p>\n\n\n\n<h3 class=\"wp-block-heading\">\u00bfQu\u00e9 d\u00eda es gratis la Catedral de Mallorca?<\/h3>\n\n\n\n<p>La Catedral de Mallorca no tiene un d\u00eda semanal fijo de entrada gratuita para visitas tur\u00edsticas. Sin embargo, el acceso es libre durante las <strong>celebraciones lit\u00fargicas<\/strong> (misas), aunque en ese caso la visita es exclusivamente religiosa y no tur\u00edstica. Ocasionalmente puede haber jornadas especiales de puertas abiertas, por lo que se recomienda consultar siempre la <strong>web oficial antes de la visita<\/strong>.<\/p>\n\n\n\n<h3 class=\"wp-block-heading\">\u00bfQui\u00e9n se cas\u00f3 en la Catedral de Mallorca?<\/h3>\n\n\n\n<p>Uno de los enlaces m\u00e1s conocidos celebrados en la Catedral de Mallorca fue el de la arist\u00f3crata espa\u00f1ola <strong>Cayetana Fitz-James Stuart, Duquesa de Alba<\/strong>, en 1947. Adem\u00e1s, la catedral ha acogido bodas de miembros de la nobleza mallorquina y familias destacadas de la sociedad balear, reforzando su papel como uno de los <strong>escenarios religiosos m\u00e1s importantes de la isla<\/strong>.<\/p>\n\n\n\n<h3 class=\"wp-block-heading\">\u00bfQu\u00e9 Catedral tiene el roset\u00f3n m\u00e1s grande del mundo?<\/h3>\n\n\n\n<p>El roset\u00f3n de la Catedral de Mallorca es uno de los <strong>m\u00e1s grandes del mundo g\u00f3tico<\/strong>, con m\u00e1s de <strong>13 metros de di\u00e1metro<\/strong>. Sin embargo, el r\u00e9cord del roset\u00f3n m\u00e1s grande del mundo lo ostenta la <strong>Catedral de Estrasburgo<\/strong>, en Francia. Aun as\u00ed, el roset\u00f3n mayor de La Seu es uno de los m\u00e1s impresionantes por su tama\u00f1o, complejidad geom\u00e9trica y espectacular juego de luz.<\/p>\n\n\n\n<h3 class=\"wp-block-heading\">\u00bfQu\u00e9 r\u00e9cord tiene la Catedral de Mallorca?<\/h3>\n\n\n\n<p>La Catedral de Mallorca ostenta varios r\u00e9cords destacados: posee una de las <strong>naves g\u00f3ticas m\u00e1s altas de Europa<\/strong> (44 metros), uno de los <strong>mayores rosetones del mundo g\u00f3tico<\/strong> y es una de las pocas grandes catedrales europeas construidas <strong>directamente frente al mar<\/strong>. Adem\u00e1s, el fen\u00f3meno lum\u00ednico del <strong>\u201cOcho\u201d<\/strong>, que ocurre dos veces al a\u00f1o, es uno de los espect\u00e1culos arquitect\u00f3nicos m\u00e1s singulares del continente.<\/p>\n\n\n\n<p>La <strong>Catedral de Mallorca<\/strong> no es solo un monumento: es el <strong>coraz\u00f3n hist\u00f3rico, espiritual y arquitect\u00f3nico de la isla<\/strong>. Para cualquier viajero europeo que est\u00e9 organizando su itinerario, incluir La Seu entre los imprescindibles es apostar por una experiencia que combina <strong>ocho siglos de historia, arte y luz mediterr\u00e1nea<\/strong>.<\/p>","protected":false},"excerpt":{"rendered":"<p>Catedral de Mallorca: historia, arquitectura y gu\u00eda imprescindible para tu viaje Si est\u00e1s planeando un viaje a Mallorca, hay un lugar que define la isla incluso antes de pisarla: la imponente Catedral de Mallorca, conocida localmente como La Seu. Elev\u00e1ndose frente al mar Mediterr\u00e1neo en pleno coraz\u00f3n de Palma, es uno de los templos g\u00f3ticos [&hellip;]<\/p>\n","protected":false},"author":1,"featured_media":9418,"comment_status":"open","ping_status":"open","sticky":false,"template":"","format":"standard","meta":{"_et_pb_use_builder":"off","_et_pb_old_content":"","_et_gb_content_width":"1080","footnotes":""},"categories":[19],"tags":[],"class_list":["post-9417","post","type-post","status-publish","format-standard","has-post-thumbnail","hentry","category-guia-viaje-mallorca"],"yoast_head":"<!-- This site is optimized with the Yoast SEO plugin v27.4 - https:\/\/yoast.com\/product\/yoast-seo-wordpress\/ -->\n<title>Surmaster Projects<\/title>\n<meta name=\"description\" content=\"Conoce la historia y dudas frecuentes sobre la catedral-bas\u00edlica de Santa Mar\u00eda en Palma, tambi\u00e9n llamada catedral de Mallorca o La Seu.\" \/>\n<meta name=\"robots\" content=\"index, follow, max-snippet:-1, max-image-preview:large, max-video-preview:-1\" \/>\n<link rel=\"canonical\" href=\"https:\/\/surmasterprojects.com\/de\/blog\/la-catedral-de-palma-de-mallorca-historia-arquitectura-y-guia-para-tu-viaje\/\" \/>\n<meta property=\"og:locale\" content=\"de_DE\" \/>\n<meta property=\"og:type\" content=\"article\" \/>\n<meta property=\"og:description\" content=\"Conoce la historia y dudas frecuentes sobre la catedral-bas\u00edlica de Santa Mar\u00eda en Palma, tambi\u00e9n llamada catedral de Mallorca o La Seu.\" \/>\n<meta property=\"og:url\" content=\"https:\/\/surmasterprojects.com\/de\/blog\/la-catedral-de-palma-de-mallorca-historia-arquitectura-y-guia-para-tu-viaje\/\" \/>\n<meta property=\"og:site_name\" content=\"Surmaster Projects\" \/>\n<meta property=\"article:published_time\" content=\"2026-02-16T12:39:55+00:00\" \/>\n<meta property=\"article:modified_time\" content=\"2026-02-16T12:39:57+00:00\" \/>\n<meta property=\"og:image\" content=\"https:\/\/surmasterprojects.com\/wp-content\/uploads\/2026\/02\/catedral-mallorca.jpg\" \/>\n\t<meta property=\"og:image:width\" content=\"1280\" \/>\n\t<meta property=\"og:image:height\" content=\"991\" \/>\n\t<meta property=\"og:image:type\" content=\"image\/jpeg\" \/>\n<meta name=\"author\" content=\"admin\" \/>\n<meta name=\"twitter:card\" content=\"summary_large_image\" \/>\n<meta name=\"twitter:label1\" content=\"Verfasst von\" \/>\n\t<meta name=\"twitter:data1\" content=\"admin\" \/>\n\t<meta name=\"twitter:label2\" content=\"Gesch\u00e4tzte Lesezeit\" \/>\n\t<meta name=\"twitter:data2\" content=\"9\u00a0Minuten\" \/>\n<script type=\"application\/ld+json\" class=\"yoast-schema-graph\">{\"@context\":\"https:\\\/\\\/schema.org\",\"@graph\":[{\"@type\":\"Article\",\"@id\":\"https:\\\/\\\/surmasterprojects.com\\\/blog\\\/la-catedral-de-palma-de-mallorca-historia-arquitectura-y-guia-para-tu-viaje\\\/#article\",\"isPartOf\":{\"@id\":\"https:\\\/\\\/surmasterprojects.com\\\/blog\\\/la-catedral-de-palma-de-mallorca-historia-arquitectura-y-guia-para-tu-viaje\\\/\"},\"author\":{\"name\":\"admin\",\"@id\":\"https:\\\/\\\/surmasterprojects.com\\\/es\\\/#\\\/schema\\\/person\\\/e91face8d14f85c1a1e8281796c8dc8f\"},\"headline\":\"La Catedral de Palma de Mallorca: Historia, arquitectura y gu\u00eda para tu viaje\",\"datePublished\":\"2026-02-16T12:39:55+00:00\",\"dateModified\":\"2026-02-16T12:39:57+00:00\",\"mainEntityOfPage\":{\"@id\":\"https:\\\/\\\/surmasterprojects.com\\\/blog\\\/la-catedral-de-palma-de-mallorca-historia-arquitectura-y-guia-para-tu-viaje\\\/\"},\"wordCount\":1877,\"commentCount\":0,\"publisher\":{\"@id\":\"https:\\\/\\\/surmasterprojects.com\\\/es\\\/#organization\"},\"image\":{\"@id\":\"https:\\\/\\\/surmasterprojects.com\\\/blog\\\/la-catedral-de-palma-de-mallorca-historia-arquitectura-y-guia-para-tu-viaje\\\/#primaryimage\"},\"thumbnailUrl\":\"https:\\\/\\\/surmasterprojects.com\\\/wp-content\\\/uploads\\\/2026\\\/02\\\/catedral-mallorca.jpg\",\"articleSection\":[\"Mallorca (Baleares): Gu\u00eda completa\"],\"inLanguage\":\"de\",\"potentialAction\":[{\"@type\":\"CommentAction\",\"name\":\"Comment\",\"target\":[\"https:\\\/\\\/surmasterprojects.com\\\/blog\\\/la-catedral-de-palma-de-mallorca-historia-arquitectura-y-guia-para-tu-viaje\\\/#respond\"]}]},{\"@type\":\"WebPage\",\"@id\":\"https:\\\/\\\/surmasterprojects.com\\\/blog\\\/la-catedral-de-palma-de-mallorca-historia-arquitectura-y-guia-para-tu-viaje\\\/\",\"url\":\"https:\\\/\\\/surmasterprojects.com\\\/blog\\\/la-catedral-de-palma-de-mallorca-historia-arquitectura-y-guia-para-tu-viaje\\\/\",\"name\":\"\",\"isPartOf\":{\"@id\":\"https:\\\/\\\/surmasterprojects.com\\\/es\\\/#website\"},\"primaryImageOfPage\":{\"@id\":\"https:\\\/\\\/surmasterprojects.com\\\/blog\\\/la-catedral-de-palma-de-mallorca-historia-arquitectura-y-guia-para-tu-viaje\\\/#primaryimage\"},\"image\":{\"@id\":\"https:\\\/\\\/surmasterprojects.com\\\/blog\\\/la-catedral-de-palma-de-mallorca-historia-arquitectura-y-guia-para-tu-viaje\\\/#primaryimage\"},\"thumbnailUrl\":\"https:\\\/\\\/surmasterprojects.com\\\/wp-content\\\/uploads\\\/2026\\\/02\\\/catedral-mallorca.jpg\",\"datePublished\":\"2026-02-16T12:39:55+00:00\",\"dateModified\":\"2026-02-16T12:39:57+00:00\",\"description\":\"Conoce la historia y dudas frecuentes sobre la catedral-bas\u00edlica de Santa Mar\u00eda en Palma, tambi\u00e9n llamada catedral de Mallorca o La Seu.\",\"breadcrumb\":{\"@id\":\"https:\\\/\\\/surmasterprojects.com\\\/blog\\\/la-catedral-de-palma-de-mallorca-historia-arquitectura-y-guia-para-tu-viaje\\\/#breadcrumb\"},\"inLanguage\":\"de\",\"potentialAction\":[{\"@type\":\"ReadAction\",\"target\":[\"https:\\\/\\\/surmasterprojects.com\\\/blog\\\/la-catedral-de-palma-de-mallorca-historia-arquitectura-y-guia-para-tu-viaje\\\/\"]}]},{\"@type\":\"ImageObject\",\"inLanguage\":\"de\",\"@id\":\"https:\\\/\\\/surmasterprojects.com\\\/blog\\\/la-catedral-de-palma-de-mallorca-historia-arquitectura-y-guia-para-tu-viaje\\\/#primaryimage\",\"url\":\"https:\\\/\\\/surmasterprojects.com\\\/wp-content\\\/uploads\\\/2026\\\/02\\\/catedral-mallorca.jpg\",\"contentUrl\":\"https:\\\/\\\/surmasterprojects.com\\\/wp-content\\\/uploads\\\/2026\\\/02\\\/catedral-mallorca.jpg\",\"width\":1280,\"height\":991},{\"@type\":\"BreadcrumbList\",\"@id\":\"https:\\\/\\\/surmasterprojects.com\\\/blog\\\/la-catedral-de-palma-de-mallorca-historia-arquitectura-y-guia-para-tu-viaje\\\/#breadcrumb\",\"itemListElement\":[{\"@type\":\"ListItem\",\"position\":1,\"name\":\"Portada\",\"item\":\"https:\\\/\\\/surmasterprojects.com\\\/es\\\/\"},{\"@type\":\"ListItem\",\"position\":2,\"name\":\"La Catedral de Palma de Mallorca: Historia, arquitectura y gu\u00eda para tu viaje\"}]},{\"@type\":\"WebSite\",\"@id\":\"https:\\\/\\\/surmasterprojects.com\\\/es\\\/#website\",\"url\":\"https:\\\/\\\/surmasterprojects.com\\\/es\\\/\",\"name\":\"Surmaster Projects\",\"description\":\"\",\"publisher\":{\"@id\":\"https:\\\/\\\/surmasterprojects.com\\\/es\\\/#organization\"},\"potentialAction\":[{\"@type\":\"SearchAction\",\"target\":{\"@type\":\"EntryPoint\",\"urlTemplate\":\"https:\\\/\\\/surmasterprojects.com\\\/es\\\/?s={search_term_string}\"},\"query-input\":{\"@type\":\"PropertyValueSpecification\",\"valueRequired\":true,\"valueName\":\"search_term_string\"}}],\"inLanguage\":\"de\"},{\"@type\":\"Organization\",\"@id\":\"https:\\\/\\\/surmasterprojects.com\\\/es\\\/#organization\",\"name\":\"Surmaster Projects\",\"url\":\"https:\\\/\\\/surmasterprojects.com\\\/es\\\/\",\"logo\":{\"@type\":\"ImageObject\",\"inLanguage\":\"de\",\"@id\":\"https:\\\/\\\/surmasterprojects.com\\\/es\\\/#\\\/schema\\\/logo\\\/image\\\/\",\"url\":\"https:\\\/\\\/surmasterprojects.com\\\/wp-content\\\/uploads\\\/2022\\\/04\\\/cropped-Logo_GrupoSurmaster_negativo.png\",\"contentUrl\":\"https:\\\/\\\/surmasterprojects.com\\\/wp-content\\\/uploads\\\/2022\\\/04\\\/cropped-Logo_GrupoSurmaster_negativo.png\",\"width\":512,\"height\":512,\"caption\":\"Surmaster Projects\"},\"image\":{\"@id\":\"https:\\\/\\\/surmasterprojects.com\\\/es\\\/#\\\/schema\\\/logo\\\/image\\\/\"}},{\"@type\":\"Person\",\"@id\":\"https:\\\/\\\/surmasterprojects.com\\\/es\\\/#\\\/schema\\\/person\\\/e91face8d14f85c1a1e8281796c8dc8f\",\"name\":\"admin\",\"image\":{\"@type\":\"ImageObject\",\"inLanguage\":\"de\",\"@id\":\"https:\\\/\\\/surmasterprojects.com\\\/wp-content\\\/litespeed\\\/avatar\\\/891d1cd506ea39e67ffae4cde18491f4.jpg?ver=1776813681\",\"url\":\"https:\\\/\\\/surmasterprojects.com\\\/wp-content\\\/litespeed\\\/avatar\\\/891d1cd506ea39e67ffae4cde18491f4.jpg?ver=1776813681\",\"contentUrl\":\"https:\\\/\\\/surmasterprojects.com\\\/wp-content\\\/litespeed\\\/avatar\\\/891d1cd506ea39e67ffae4cde18491f4.jpg?ver=1776813681\",\"caption\":\"admin\"},\"sameAs\":[\"http:\\\/\\\/surmasterprojects.com\"]}]}<\/script>\n<!-- \/ Yoast SEO plugin. -->","yoast_head_json":{"title":"Surmaster Projects","description":"Conoce la historia y dudas frecuentes sobre la catedral-bas\u00edlica de Santa Mar\u00eda en Palma, tambi\u00e9n llamada catedral de Mallorca o La Seu.","robots":{"index":"index","follow":"follow","max-snippet":"max-snippet:-1","max-image-preview":"max-image-preview:large","max-video-preview":"max-video-preview:-1"},"canonical":"https:\/\/surmasterprojects.com\/de\/blog\/la-catedral-de-palma-de-mallorca-historia-arquitectura-y-guia-para-tu-viaje\/","og_locale":"de_DE","og_type":"article","og_description":"Conoce la historia y dudas frecuentes sobre la catedral-bas\u00edlica de Santa Mar\u00eda en Palma, tambi\u00e9n llamada catedral de Mallorca o La Seu.","og_url":"https:\/\/surmasterprojects.com\/de\/blog\/la-catedral-de-palma-de-mallorca-historia-arquitectura-y-guia-para-tu-viaje\/","og_site_name":"Surmaster Projects","article_published_time":"2026-02-16T12:39:55+00:00","article_modified_time":"2026-02-16T12:39:57+00:00","og_image":[{"width":1280,"height":991,"url":"https:\/\/surmasterprojects.com\/wp-content\/uploads\/2026\/02\/catedral-mallorca.jpg","type":"image\/jpeg"}],"author":"admin","twitter_card":"summary_large_image","twitter_misc":{"Verfasst von":"admin","Gesch\u00e4tzte Lesezeit":"9\u00a0Minuten"},"schema":{"@context":"https:\/\/schema.org","@graph":[{"@type":"Article","@id":"https:\/\/surmasterprojects.com\/blog\/la-catedral-de-palma-de-mallorca-historia-arquitectura-y-guia-para-tu-viaje\/#article","isPartOf":{"@id":"https:\/\/surmasterprojects.com\/blog\/la-catedral-de-palma-de-mallorca-historia-arquitectura-y-guia-para-tu-viaje\/"},"author":{"name":"admin","@id":"https:\/\/surmasterprojects.com\/es\/#\/schema\/person\/e91face8d14f85c1a1e8281796c8dc8f"},"headline":"La Catedral de Palma de Mallorca: Historia, arquitectura y gu\u00eda para tu viaje","datePublished":"2026-02-16T12:39:55+00:00","dateModified":"2026-02-16T12:39:57+00:00","mainEntityOfPage":{"@id":"https:\/\/surmasterprojects.com\/blog\/la-catedral-de-palma-de-mallorca-historia-arquitectura-y-guia-para-tu-viaje\/"},"wordCount":1877,"commentCount":0,"publisher":{"@id":"https:\/\/surmasterprojects.com\/es\/#organization"},"image":{"@id":"https:\/\/surmasterprojects.com\/blog\/la-catedral-de-palma-de-mallorca-historia-arquitectura-y-guia-para-tu-viaje\/#primaryimage"},"thumbnailUrl":"https:\/\/surmasterprojects.com\/wp-content\/uploads\/2026\/02\/catedral-mallorca.jpg","articleSection":["Mallorca (Baleares): Gu\u00eda completa"],"inLanguage":"de","potentialAction":[{"@type":"CommentAction","name":"Comment","target":["https:\/\/surmasterprojects.com\/blog\/la-catedral-de-palma-de-mallorca-historia-arquitectura-y-guia-para-tu-viaje\/#respond"]}]},{"@type":"WebPage","@id":"https:\/\/surmasterprojects.com\/blog\/la-catedral-de-palma-de-mallorca-historia-arquitectura-y-guia-para-tu-viaje\/","url":"https:\/\/surmasterprojects.com\/blog\/la-catedral-de-palma-de-mallorca-historia-arquitectura-y-guia-para-tu-viaje\/","name":"","isPartOf":{"@id":"https:\/\/surmasterprojects.com\/es\/#website"},"primaryImageOfPage":{"@id":"https:\/\/surmasterprojects.com\/blog\/la-catedral-de-palma-de-mallorca-historia-arquitectura-y-guia-para-tu-viaje\/#primaryimage"},"image":{"@id":"https:\/\/surmasterprojects.com\/blog\/la-catedral-de-palma-de-mallorca-historia-arquitectura-y-guia-para-tu-viaje\/#primaryimage"},"thumbnailUrl":"https:\/\/surmasterprojects.com\/wp-content\/uploads\/2026\/02\/catedral-mallorca.jpg","datePublished":"2026-02-16T12:39:55+00:00","dateModified":"2026-02-16T12:39:57+00:00","description":"Conoce la historia y dudas frecuentes sobre la catedral-bas\u00edlica de Santa Mar\u00eda en Palma, tambi\u00e9n llamada catedral de Mallorca o La Seu.","breadcrumb":{"@id":"https:\/\/surmasterprojects.com\/blog\/la-catedral-de-palma-de-mallorca-historia-arquitectura-y-guia-para-tu-viaje\/#breadcrumb"},"inLanguage":"de","potentialAction":[{"@type":"ReadAction","target":["https:\/\/surmasterprojects.com\/blog\/la-catedral-de-palma-de-mallorca-historia-arquitectura-y-guia-para-tu-viaje\/"]}]},{"@type":"ImageObject","inLanguage":"de","@id":"https:\/\/surmasterprojects.com\/blog\/la-catedral-de-palma-de-mallorca-historia-arquitectura-y-guia-para-tu-viaje\/#primaryimage","url":"https:\/\/surmasterprojects.com\/wp-content\/uploads\/2026\/02\/catedral-mallorca.jpg","contentUrl":"https:\/\/surmasterprojects.com\/wp-content\/uploads\/2026\/02\/catedral-mallorca.jpg","width":1280,"height":991},{"@type":"BreadcrumbList","@id":"https:\/\/surmasterprojects.com\/blog\/la-catedral-de-palma-de-mallorca-historia-arquitectura-y-guia-para-tu-viaje\/#breadcrumb","itemListElement":[{"@type":"ListItem","position":1,"name":"Portada","item":"https:\/\/surmasterprojects.com\/es\/"},{"@type":"ListItem","position":2,"name":"La Catedral de Palma de Mallorca: Historia, arquitectura y gu\u00eda para tu viaje"}]},{"@type":"WebSite","@id":"https:\/\/surmasterprojects.com\/es\/#website","url":"https:\/\/surmasterprojects.com\/es\/","name":"Surmaster Projects","description":"","publisher":{"@id":"https:\/\/surmasterprojects.com\/es\/#organization"},"potentialAction":[{"@type":"SearchAction","target":{"@type":"EntryPoint","urlTemplate":"https:\/\/surmasterprojects.com\/es\/?s={search_term_string}"},"query-input":{"@type":"PropertyValueSpecification","valueRequired":true,"valueName":"search_term_string"}}],"inLanguage":"de"},{"@type":"Organization","@id":"https:\/\/surmasterprojects.com\/es\/#organization","name":"Surmaster Projects","url":"https:\/\/surmasterprojects.com\/es\/","logo":{"@type":"ImageObject","inLanguage":"de","@id":"https:\/\/surmasterprojects.com\/es\/#\/schema\/logo\/image\/","url":"https:\/\/surmasterprojects.com\/wp-content\/uploads\/2022\/04\/cropped-Logo_GrupoSurmaster_negativo.png","contentUrl":"https:\/\/surmasterprojects.com\/wp-content\/uploads\/2022\/04\/cropped-Logo_GrupoSurmaster_negativo.png","width":512,"height":512,"caption":"Surmaster Projects"},"image":{"@id":"https:\/\/surmasterprojects.com\/es\/#\/schema\/logo\/image\/"}},{"@type":"Person","@id":"https:\/\/surmasterprojects.com\/es\/#\/schema\/person\/e91face8d14f85c1a1e8281796c8dc8f","name":"admin","image":{"@type":"ImageObject","inLanguage":"de","@id":"https:\/\/surmasterprojects.com\/wp-content\/litespeed\/avatar\/891d1cd506ea39e67ffae4cde18491f4.jpg?ver=1776813681","url":"https:\/\/surmasterprojects.com\/wp-content\/litespeed\/avatar\/891d1cd506ea39e67ffae4cde18491f4.jpg?ver=1776813681","contentUrl":"https:\/\/surmasterprojects.com\/wp-content\/litespeed\/avatar\/891d1cd506ea39e67ffae4cde18491f4.jpg?ver=1776813681","caption":"admin"},"sameAs":["http:\/\/surmasterprojects.com"]}]}},"_links":{"self":[{"href":"https:\/\/surmasterprojects.com\/de\/wp-json\/wp\/v2\/posts\/9417","targetHints":{"allow":["GET"]}}],"collection":[{"href":"https:\/\/surmasterprojects.com\/de\/wp-json\/wp\/v2\/posts"}],"about":[{"href":"https:\/\/surmasterprojects.com\/de\/wp-json\/wp\/v2\/types\/post"}],"author":[{"embeddable":true,"href":"https:\/\/surmasterprojects.com\/de\/wp-json\/wp\/v2\/users\/1"}],"replies":[{"embeddable":true,"href":"https:\/\/surmasterprojects.com\/de\/wp-json\/wp\/v2\/comments?post=9417"}],"version-history":[{"count":1,"href":"https:\/\/surmasterprojects.com\/de\/wp-json\/wp\/v2\/posts\/9417\/revisions"}],"predecessor-version":[{"id":9422,"href":"https:\/\/surmasterprojects.com\/de\/wp-json\/wp\/v2\/posts\/9417\/revisions\/9422"}],"wp:featuredmedia":[{"embeddable":true,"href":"https:\/\/surmasterprojects.com\/de\/wp-json\/wp\/v2\/media\/9418"}],"wp:attachment":[{"href":"https:\/\/surmasterprojects.com\/de\/wp-json\/wp\/v2\/media?parent=9417"}],"wp:term":[{"taxonomy":"category","embeddable":true,"href":"https:\/\/surmasterprojects.com\/de\/wp-json\/wp\/v2\/categories?post=9417"},{"taxonomy":"post_tag","embeddable":true,"href":"https:\/\/surmasterprojects.com\/de\/wp-json\/wp\/v2\/tags?post=9417"}],"curies":[{"name":"wp","href":"https:\/\/api.w.org\/{rel}","templated":true}]}}