{"id":8992,"date":"2024-11-19T11:32:14","date_gmt":"2024-11-19T11:32:14","guid":{"rendered":"https:\/\/surmasterprojects.com\/?p=8992"},"modified":"2024-11-21T11:21:40","modified_gmt":"2024-11-21T11:21:40","slug":"viajar-a-mallorca-en-diciembre","status":"publish","type":"post","link":"https:\/\/surmasterprojects.com\/en\/blog\/viajar-a-mallorca-en-diciembre\/","title":{"rendered":"Traveling to Mallorca in December"},"content":{"rendered":"\n[et_pb_section fb_built=\u00bb1&#8243; _builder_version=\u00bb4.21.0&#8243; _module_preset=\u00bbdefault\u00bb global_colors_info=\u00bb{}\u00bb][et_pb_row _builder_version=\u00bb4.24.2&#8243; custom_padding=\u00bb21px|||||\u00bb locked=\u00bboff\u00bb global_colors_info=\u00bb{}\u00bb][et_pb_column type=\u00bb4_4&#8243; _builder_version=\u00bb4.16&#8243; global_colors_info=\u00bb{}\u00bb][et_pb_text _builder_version=\u00bb4.27.3&#8243; header_font=\u00bbBellefair||||||||\u00bb header_font_size=\u00bb48px\u00bb header_line_height=\u00bb1.2em\u00bb header_2_font=\u00bbBellefair||||||||\u00bb header_2_text_color=\u00bb#000000&#8243; header_2_font_size=\u00bb48px\u00bb header_2_line_height=\u00bb1.2em\u00bb header_6_font=\u00bbMontserrat|700||on|||||\u00bb header_6_text_color=\u00bb#ff4e00&#8243; header_6_font_size=\u00bb12px\u00bb header_6_letter_spacing=\u00bb2px\u00bb header_6_line_height=\u00bb1.2em\u00bb text_orientation=\u00bbcenter\u00bb max_width=\u00bb700px\u00bb module_alignment=\u00bbcenter\u00bb hover_enabled=\u00bb0&#8243; header_2_font_size_tablet=\u00bb42px\u00bb header_2_font_size_phone=\u00bb34px\u00bb header_2_font_size_last_edited=\u00bbon|desktop\u00bb header_6_font_size_tablet=\u00bb42px\u00bb header_6_font_size_phone=\u00bb34px\u00bb header_6_font_size_last_edited=\u00bboff|phone\u00bb text_text_align=\u00bbjustify\u00bb locked=\u00bboff\u00bb global_colors_info=\u00bb{}\u00bb header_2_2_font_size_tablet=\u00bb42px\u00bb header_3_2_font_size_tablet=\u00bb42px\u00bb header_4_2_font_size_tablet=\u00bb42px\u00bb header_5_2_font_size_tablet=\u00bb42px\u00bb header_6_2_font_size_tablet=\u00bb42px\u00bb header_2_2_font_size_phone=\u00bb34px\u00bb header_3_2_font_size_phone=\u00bb34px\u00bb header_4_2_font_size_phone=\u00bb34px\u00bb header_5_2_font_size_phone=\u00bb34px\u00bb header_6_2_font_size_phone=\u00bb34px\u00bb header_2_2_font_size_last_edited=\u00bbon|tablet\u00bb header_3_2_font_size_last_edited=\u00bbon|tablet\u00bb header_4_2_font_size_last_edited=\u00bbon|tablet\u00bb header_5_2_font_size_last_edited=\u00bbon|tablet\u00bb header_6_2_font_size_last_edited=\u00bbon|tablet\u00bb header_2_3_font_size_tablet=\u00bb34px\u00bb header_3_3_font_size_tablet=\u00bb34px\u00bb header_4_3_font_size_tablet=\u00bb34px\u00bb header_5_3_font_size_tablet=\u00bb34px\u00bb header_6_3_font_size_tablet=\u00bb34px\u00bb header_2_3_font_size_phone=\u00bb28px\u00bb header_3_3_font_size_phone=\u00bb28px\u00bb header_4_3_font_size_phone=\u00bb28px\u00bb header_5_3_font_size_phone=\u00bb28px\u00bb header_6_3_font_size_phone=\u00bb28px\u00bb header_2_3_font_size_last_edited=\u00bbon|phone\u00bb header_3_3_font_size_last_edited=\u00bbon|phone\u00bb header_4_3_font_size_last_edited=\u00bbon|phone\u00bb header_5_3_font_size_last_edited=\u00bbon|phone\u00bb header_6_3_font_size_last_edited=\u00bbon|phone\u00bb header_2_4_font_size_tablet=\u00bb22px\u00bb header_3_4_font_size_tablet=\u00bb22px\u00bb header_4_4_font_size_tablet=\u00bb22px\u00bb header_5_4_font_size_tablet=\u00bb22px\u00bb header_6_4_font_size_tablet=\u00bb22px\u00bb header_2_4_font_size_phone=\u00bb18px\u00bb header_3_4_font_size_phone=\u00bb18px\u00bb header_4_4_font_size_phone=\u00bb18px\u00bb header_5_4_font_size_phone=\u00bb18px\u00bb header_6_4_font_size_phone=\u00bb18px\u00bb header_2_4_font_size_last_edited=\u00bbon|phone\u00bb header_3_4_font_size_last_edited=\u00bbon|phone\u00bb header_4_4_font_size_last_edited=\u00bbon|phone\u00bb header_5_4_font_size_last_edited=\u00bbon|phone\u00bb header_6_4_font_size_last_edited=\u00bbon|phone\u00bb header_2_5_font_size_phone=\u00bb16px\u00bb header_3_5_font_size_phone=\u00bb16px\u00bb header_4_5_font_size_phone=\u00bb16px\u00bb header_5_5_font_size_phone=\u00bb16px\u00bb header_6_5_font_size_phone=\u00bb16px\u00bb header_2_5_font_size_last_edited=\u00bbon|tablet\u00bb header_3_5_font_size_last_edited=\u00bbon|tablet\u00bb header_4_5_font_size_last_edited=\u00bbon|tablet\u00bb header_5_5_font_size_last_edited=\u00bbon|tablet\u00bb header_6_5_font_size_last_edited=\u00bbon|tablet\u00bb sticky_enabled=\u00bb0&#8243;]<h6><b>VIAJAR A MALLORCA EN DICIEMBRE<\/b><\/h6>\n<h1>Viajar a Mallorca en Diciembre: Gu\u00eda Completa<\/h1>[\/et_pb_text][et_pb_image src=\u00bbhttps:\/\/surmasterprojects.com\/wp-content\/uploads\/2024\/11\/palma-de-mallorca.png\u00bb title_text=\u00bbpalma-de-mallorca\u00bb align=\u00bbcenter\u00bb _builder_version=\u00bb4.27.3&#8243; hover_enabled=\u00bb0&#8243; global_colors_info=\u00bb{}\u00bb sticky_enabled=\u00bb0&#8243;][\/et_pb_image][\/et_pb_column][\/et_pb_row][et_pb_row column_structure=\u00bb1_2,1_2&#8243; _builder_version=\u00bb4.16&#8243; custom_padding=\u00bb||0px|||\u00bb global_colors_info=\u00bb{}\u00bb][et_pb_column type=\u00bb1_2&#8243; _builder_version=\u00bb4.16&#8243; global_colors_info=\u00bb{}\u00bb][et_pb_text _builder_version=\u00bb4.27.3&#8243; header_font=\u00bbBellefair||||||||\u00bb header_text_color=\u00bb#000000&#8243; header_font_size=\u00bb48px\u00bb header_line_height=\u00bb1.2em\u00bb header_2_font=\u00bbBellefair||||||||\u00bb header_2_text_align=\u00bbleft\u00bb header_2_text_color=\u00bb#000000&#8243; header_2_font_size=\u00bb48px\u00bb header_2_line_height=\u00bb1.2em\u00bb header_3_font=\u00bbBellefair||||||||\u00bb header_3_text_color=\u00bb#000000&#8243; header_3_font_size=\u00bb38px\u00bb header_3_line_height=\u00bb1.2em\u00bb header_4_font=\u00bbBellefair||||||||\u00bb header_4_text_color=\u00bb#000000&#8243; header_4_font_size=\u00bb30px\u00bb header_4_line_height=\u00bb1.4em\u00bb header_5_font=\u00bbBellefair||||||||\u00bb header_5_text_color=\u00bb#000000&#8243; header_5_font_size=\u00bb22px\u00bb header_5_line_height=\u00bb1.2em\u00bb header_6_font=\u00bbMontserrat|700||on|||||\u00bb header_6_text_color=\u00bb#ff4e00&#8243; header_6_font_size=\u00bb12px\u00bb header_6_letter_spacing=\u00bb2px\u00bb header_6_line_height=\u00bb1.2em\u00bb hover_enabled=\u00bb0&#8243; header_font_size_tablet=\u00bb42px\u00bb header_font_size_phone=\u00bb34px\u00bb header_font_size_last_edited=\u00bbon|tablet\u00bb header_2_font_size_tablet=\u00bb42px\u00bb header_2_font_size_phone=\u00bb34px\u00bb header_2_font_size_last_edited=\u00bbon|tablet\u00bb header_3_font_size_tablet=\u00bb34px\u00bb header_3_font_size_phone=\u00bb28px\u00bb header_3_font_size_last_edited=\u00bbon|phone\u00bb header_4_font_size_tablet=\u00bb22px\u00bb header_4_font_size_phone=\u00bb18px\u00bb header_4_font_size_last_edited=\u00bbon|phone\u00bb header_5_font_size_tablet=\u00bb\u00bb header_5_font_size_phone=\u00bb16px\u00bb header_5_font_size_last_edited=\u00bbon|tablet\u00bb border_color_all=\u00bb#ff4e00&#8243; border_width_bottom=\u00bb4px\u00bb text_text_align=\u00bbjustify\u00bb locked=\u00bboff\u00bb global_colors_info=\u00bb{}\u00bb header_2_2_font_size_tablet=\u00bb42px\u00bb header_3_2_font_size_tablet=\u00bb42px\u00bb header_4_2_font_size_tablet=\u00bb42px\u00bb header_5_2_font_size_tablet=\u00bb42px\u00bb header_6_2_font_size_tablet=\u00bb42px\u00bb header_2_2_font_size_phone=\u00bb34px\u00bb header_3_2_font_size_phone=\u00bb34px\u00bb header_4_2_font_size_phone=\u00bb34px\u00bb header_5_2_font_size_phone=\u00bb34px\u00bb header_6_2_font_size_phone=\u00bb34px\u00bb header_2_2_font_size_last_edited=\u00bbon|tablet\u00bb header_3_2_font_size_last_edited=\u00bbon|tablet\u00bb header_4_2_font_size_last_edited=\u00bbon|tablet\u00bb header_5_2_font_size_last_edited=\u00bbon|tablet\u00bb header_6_2_font_size_last_edited=\u00bbon|tablet\u00bb header_2_3_font_size_tablet=\u00bb34px\u00bb header_3_3_font_size_tablet=\u00bb34px\u00bb header_4_3_font_size_tablet=\u00bb34px\u00bb header_5_3_font_size_tablet=\u00bb34px\u00bb header_6_3_font_size_tablet=\u00bb34px\u00bb header_2_3_font_size_phone=\u00bb28px\u00bb header_3_3_font_size_phone=\u00bb28px\u00bb header_4_3_font_size_phone=\u00bb28px\u00bb header_5_3_font_size_phone=\u00bb28px\u00bb header_6_3_font_size_phone=\u00bb28px\u00bb header_2_3_font_size_last_edited=\u00bbon|phone\u00bb header_3_3_font_size_last_edited=\u00bbon|phone\u00bb header_4_3_font_size_last_edited=\u00bbon|phone\u00bb header_5_3_font_size_last_edited=\u00bbon|phone\u00bb header_6_3_font_size_last_edited=\u00bbon|phone\u00bb header_2_4_font_size_tablet=\u00bb22px\u00bb header_3_4_font_size_tablet=\u00bb22px\u00bb header_4_4_font_size_tablet=\u00bb22px\u00bb header_5_4_font_size_tablet=\u00bb22px\u00bb header_6_4_font_size_tablet=\u00bb22px\u00bb header_2_4_font_size_phone=\u00bb18px\u00bb header_3_4_font_size_phone=\u00bb18px\u00bb header_4_4_font_size_phone=\u00bb18px\u00bb header_5_4_font_size_phone=\u00bb18px\u00bb header_6_4_font_size_phone=\u00bb18px\u00bb header_2_4_font_size_last_edited=\u00bbon|phone\u00bb header_3_4_font_size_last_edited=\u00bbon|phone\u00bb header_4_4_font_size_last_edited=\u00bbon|phone\u00bb header_5_4_font_size_last_edited=\u00bbon|phone\u00bb header_6_4_font_size_last_edited=\u00bbon|phone\u00bb header_2_5_font_size_phone=\u00bb16px\u00bb header_3_5_font_size_phone=\u00bb16px\u00bb header_4_5_font_size_phone=\u00bb16px\u00bb header_5_5_font_size_phone=\u00bb16px\u00bb header_6_5_font_size_phone=\u00bb16px\u00bb header_2_5_font_size_last_edited=\u00bbon|tablet\u00bb header_3_5_font_size_last_edited=\u00bbon|tablet\u00bb header_4_5_font_size_last_edited=\u00bbon|tablet\u00bb header_5_5_font_size_last_edited=\u00bbon|tablet\u00bb header_6_5_font_size_last_edited=\u00bbon|tablet\u00bb sticky_enabled=\u00bb0&#8243;]<h4>Mallorca, la isla m\u00e1s grande del archipi\u00e9lago balear, se convierte en un refugio sereno y culturalmente enriquecedor durante diciembre.<\/h4>[\/et_pb_text][et_pb_text _builder_version=\u00bb4.27.3&#8243; text_font=\u00bb||||||||\u00bb text_font_size=\u00bb16px\u00bb text_line_height=\u00bb2em\u00bb text_orientation=\u00bbjustified\u00bb custom_margin=\u00bb||24px|||\u00bb hover_enabled=\u00bb0&#8243; text_font_size_tablet=\u00bb15px\u00bb text_font_size_phone=\u00bb14px\u00bb text_font_size_last_edited=\u00bbon|phone\u00bb header_2_font_size_tablet=\u00bb\u00bb header_2_font_size_phone=\u00bb\u00bb header_2_font_size_last_edited=\u00bbon|phone\u00bb header_2_letter_spacing_tablet=\u00bb\u00bb header_2_letter_spacing_phone=\u00bb\u00bb header_2_letter_spacing_last_edited=\u00bbon|phone\u00bb header_2_line_height_tablet=\u00bb\u00bb header_2_line_height_phone=\u00bb1.3em\u00bb header_2_line_height_last_edited=\u00bbon|phone\u00bb locked=\u00bboff\u00bb global_colors_info=\u00bb{}\u00bb sticky_enabled=\u00bb0&#8243;]<p>A diferencia de los meses de verano, cuando la isla est\u00e1 abarrotada de turistas, diciembre ofrece una experiencia m\u00e1s tranquila y aut\u00e9ntica.<\/p>\n<p>Con un clima suave, paisajes encantadores y tradiciones \u00fanicas, viajar a Mallorca en diciembre es una alternativa perfecta para quienes desean conocer un lado diferente del Mediterr\u00e1neo.<\/p>[\/et_pb_text][et_pb_image src=\u00bbhttps:\/\/surmasterprojects.com\/wp-content\/uploads\/2024\/11\/palma-de-mallorca-puerto-scaled.jpg\u00bb title_text=\u00bbpalma-de-mallorca-puerto\u00bb _builder_version=\u00bb4.27.3&#8243; _module_preset=\u00bbdefault\u00bb custom_margin=\u00bb33px|||||\u00bb hover_enabled=\u00bb0&#8243; global_colors_info=\u00bb{}\u00bb sticky_enabled=\u00bb0&#8243;][\/et_pb_image][\/et_pb_column][et_pb_column type=\u00bb1_2&#8243; _builder_version=\u00bb4.16&#8243; global_colors_info=\u00bb{}\u00bb][et_pb_text _builder_version=\u00bb4.27.3&#8243; text_font=\u00bb||||||||\u00bb text_font_size=\u00bb16px\u00bb text_line_height=\u00bb2em\u00bb header_2_line_height=\u00bb1.2em\u00bb header_3_line_height=\u00bb1.2em\u00bb text_orientation=\u00bbjustified\u00bb hover_enabled=\u00bb0&#8243; text_font_size_tablet=\u00bb15px\u00bb text_font_size_phone=\u00bb14px\u00bb text_font_size_last_edited=\u00bbon|phone\u00bb header_2_font_size_tablet=\u00bb\u00bb header_2_font_size_phone=\u00bb\u00bb header_2_font_size_last_edited=\u00bbon|phone\u00bb header_2_letter_spacing_tablet=\u00bb\u00bb header_2_letter_spacing_phone=\u00bb\u00bb header_2_letter_spacing_last_edited=\u00bbon|phone\u00bb locked=\u00bboff\u00bb global_colors_info=\u00bb{}\u00bb sticky_enabled=\u00bb0&#8243;]<h3><strong>El clima de Mallorca en diciembre: suave y acogedor<\/strong><\/h3>\n<p>Mallorca disfruta de un invierno mediterr\u00e1neo que la hace un destino ideal para quienes buscan escapar del fr\u00edo extremo. Aunque diciembre marca el inicio de la temporada invernal, las temperaturas son mucho m\u00e1s agradables en comparaci\u00f3n con otros destinos europeos. Durante el d\u00eda, el term\u00f3metro suele oscilar entre los 12\u202f\u00b0C y 16\u202f\u00b0C, mientras que las noches, m\u00e1s frescas, rondan los 5\u202f\u00b0C a 8\u202f\u00b0C.<\/p>\n<h4><strong>C\u00f3mo aprovechar el clima templado en diciembre<\/strong><\/h4>\n<p>Este clima es ideal para actividades al aire libre como senderismo, ciclismo o visitas a parques naturales. Los d\u00edas soleados, que son frecuentes en diciembre, permiten disfrutar de la belleza natural de la isla sin las altas temperaturas del verano. No obstante, es importante estar preparado para posibles lluvias, por lo que llevar una chaqueta impermeable y calzado adecuado es fundamental. Adem\u00e1s, el clima m\u00e1s fresco de las noches invita a disfrutar de cenas acogedoras en restaurantes locales o en los pueblos m\u00e1s pintorescos de la isla.<\/p>\n<p>&nbsp;<\/p>\n<h4><strong>Consejos para adaptarse al clima de diciembre en Mallorca<\/strong><\/h4>\n<ul>\n<li>Lleva ropa de abrigo ligera, como su\u00e9teres y chaquetas, para las noches.<\/li>\n<li>Incluye calzado c\u00f3modo e impermeable para caminar tanto por las ciudades como por las rutas naturales.<\/li>\n<li>Consulta el pron\u00f3stico del tiempo, especialmente si planeas actividades al aire libre, para elegir los d\u00edas m\u00e1s soleados.<\/li>\n<\/ul>[\/et_pb_text][\/et_pb_column][\/et_pb_row][et_pb_row column_structure=\u00bb1_2,1_2&#8243; _builder_version=\u00bb4.16&#8243; custom_margin=\u00bb-1px|auto||auto||\u00bb custom_padding=\u00bb||0px|||\u00bb global_colors_info=\u00bb{}\u00bb][et_pb_column type=\u00bb1_2&#8243; _builder_version=\u00bb4.16&#8243; global_colors_info=\u00bb{}\u00bb][et_pb_text _builder_version=\u00bb4.27.3&#8243; text_font=\u00bb||||||||\u00bb text_font_size=\u00bb16px\u00bb text_line_height=\u00bb2em\u00bb header_2_line_height=\u00bb1.2em\u00bb header_3_line_height=\u00bb1.2em\u00bb text_orientation=\u00bbjustified\u00bb text_font_size_tablet=\u00bb15px\u00bb text_font_size_phone=\u00bb14px\u00bb text_font_size_last_edited=\u00bbon|phone\u00bb header_2_font_size_tablet=\u00bb\u00bb header_2_font_size_phone=\u00bb\u00bb header_2_font_size_last_edited=\u00bbon|phone\u00bb header_2_letter_spacing_tablet=\u00bb\u00bb header_2_letter_spacing_phone=\u00bb\u00bb header_2_letter_spacing_last_edited=\u00bbon|phone\u00bb locked=\u00bboff\u00bb global_colors_info=\u00bb{}\u00bb sticky_enabled=\u00bb0&#8243; hover_enabled=\u00bb0&#8243;]<h3><strong>Qu\u00e9 hacer en Mallorca en diciembre: actividades de temporada<\/strong><\/h3>\n<p>Diciembre en Mallorca es un mes lleno de contrastes, donde puedes disfrutar tanto de la cultura local como de las maravillas naturales. Desde eventos navide\u00f1os hasta caminatas por la monta\u00f1a, la isla ofrece actividades para todos los gustos.<\/p>\n<h4><strong>Participar en las festividades navide\u00f1as en Palma de Mallorca<\/strong><\/h4>\n<p>La capital de Mallorca, Palma, es un destino obligado en diciembre. Las calles principales de la ciudad, como el Paseo del Born y la Avenida Jaime III, se llenan de luces navide\u00f1as que crean una atm\u00f3sfera m\u00e1gica. Los mercados navide\u00f1os, ubicados en lugares emblem\u00e1ticos como la Plaza Mayor y el Paseo de la Rambla, son el coraz\u00f3n de estas celebraciones.<\/p>\n<p><strong>Qu\u00e9 encontrar\u00e1s en los mercados navide\u00f1os<\/strong>:<\/p>\n<ul>\n<li>Puestos de artesan\u00edas: perfectos para comprar regalos \u00fanicos y productos hechos a mano.<\/li>\n<li>Dulces t\u00edpicos: no te pierdas las \u00abensaimadas\u00bb o los \u00abturrones\u00bb, ideales para disfrutar en familia.<\/li>\n<li>Actividades infantiles: talleres de manualidades y espect\u00e1culos para los m\u00e1s peque\u00f1os.<\/li>\n<\/ul>[\/et_pb_text][et_pb_image src=\u00bbhttps:\/\/surmasterprojects.com\/wp-content\/uploads\/2024\/11\/Captura-de-pantalla-2024-11-19-120913.png\u00bb title_text=\u00bbCaptura de pantalla 2024-11-19 120913&#8243; _builder_version=\u00bb4.27.3&#8243; _module_preset=\u00bbdefault\u00bb custom_margin=\u00bb33px|||||\u00bb hover_enabled=\u00bb0&#8243; global_colors_info=\u00bb{}\u00bb sticky_enabled=\u00bb0&#8243;][\/et_pb_image][et_pb_text _builder_version=\u00bb4.27.3&#8243; text_font=\u00bb||||||||\u00bb text_font_size=\u00bb16px\u00bb text_line_height=\u00bb2em\u00bb header_2_line_height=\u00bb1.2em\u00bb header_3_line_height=\u00bb1.2em\u00bb text_orientation=\u00bbjustified\u00bb hover_enabled=\u00bb0&#8243; text_font_size_tablet=\u00bb15px\u00bb text_font_size_phone=\u00bb14px\u00bb text_font_size_last_edited=\u00bbon|phone\u00bb header_2_font_size_tablet=\u00bb\u00bb header_2_font_size_phone=\u00bb\u00bb header_2_font_size_last_edited=\u00bbon|phone\u00bb header_2_letter_spacing_tablet=\u00bb\u00bb header_2_letter_spacing_phone=\u00bb\u00bb header_2_letter_spacing_last_edited=\u00bbon|phone\u00bb header_2_line_height_phone=\u00bb1.3em\u00bb header_2_line_height_last_edited=\u00bboff|desktop\u00bb locked=\u00bboff\u00bb global_colors_info=\u00bb{}\u00bb sticky_enabled=\u00bb0&#8243; custom_margin=\u00bb||16px|||\u00bb]<h3><strong>Naturaleza y aventura en Mallorca en diciembre<\/strong><\/h3>\n<p>La belleza natural de Mallorca se realza en diciembre gracias a la tranquilidad y el clima agradable. Es el momento perfecto para recorrer monta\u00f1as, playas y parques naturales.<\/p>\n<h4><strong>Recorrer la Sierra de Tramuntana: un para\u00edso para el senderismo<\/strong><\/h4>\n<p>La <strong>Sierra de Tramuntana<\/strong> es uno de los lugares m\u00e1s impresionantes de Mallorca y un destino imperdible para los amantes del senderismo. Declarada Patrimonio de la Humanidad por la UNESCO, esta cadena monta\u00f1osa ofrece rutas para todos los niveles, desde caminatas sencillas hasta desaf\u00edos para excursionistas experimentados.<\/p>\n<ul>\n<li><strong>Ruta del Barranco de Biniaraix<\/strong>: Este recorrido combina historia y naturaleza, pasando por antiguas terrazas agr\u00edcolas y paisajes monta\u00f1osos.<\/li>\n<li><strong>Subida al Puig de Galatz\u00f3<\/strong>: Para los m\u00e1s aventureros, esta caminata ofrece vistas panor\u00e1micas de la isla.<\/li>\n<\/ul>[\/et_pb_text][et_pb_image src=\u00bbhttps:\/\/surmasterprojects.com\/wp-content\/uploads\/2024\/11\/puig-major-serra-tramuntana.png\u00bb title_text=\u00bbpuig-major-serra-tramuntana\u00bb _builder_version=\u00bb4.27.3&#8243; _module_preset=\u00bbdefault\u00bb custom_margin=\u00bb8px|||||\u00bb hover_enabled=\u00bb0&#8243; global_colors_info=\u00bb{}\u00bb sticky_enabled=\u00bb0&#8243;][\/et_pb_image][et_pb_text _builder_version=\u00bb4.27.3&#8243; text_font=\u00bb||||||||\u00bb text_font_size=\u00bb16px\u00bb text_line_height=\u00bb2em\u00bb header_2_line_height=\u00bb1.2em\u00bb header_3_line_height=\u00bb1.2em\u00bb text_orientation=\u00bbjustified\u00bb hover_enabled=\u00bb0&#8243; text_font_size_tablet=\u00bb15px\u00bb text_font_size_phone=\u00bb14px\u00bb text_font_size_last_edited=\u00bbon|phone\u00bb header_2_font_size_tablet=\u00bb\u00bb header_2_font_size_phone=\u00bb\u00bb header_2_font_size_last_edited=\u00bbon|phone\u00bb header_2_letter_spacing_tablet=\u00bb\u00bb header_2_letter_spacing_phone=\u00bb\u00bb header_2_letter_spacing_last_edited=\u00bbon|phone\u00bb header_2_line_height_phone=\u00bb1.3em\u00bb header_2_line_height_last_edited=\u00bboff|desktop\u00bb locked=\u00bboff\u00bb global_colors_info=\u00bb{}\u00bb sticky_enabled=\u00bb0&#8243;]<h3><strong>Gastronom\u00eda mallorquina en invierno<\/strong><\/h3>\n<p>Diciembre es un mes ideal para disfrutar de los sabores m\u00e1s aut\u00e9nticos de la isla. La cocina mallorquina combina ingredientes frescos con recetas tradicionales que son perfectas para combatir el fr\u00edo.<\/p>\n<h4><strong>Platos emblem\u00e1ticos del invierno mallorqu\u00edn<\/strong><\/h4>\n<ul>\n<li><strong>Arr\u00f2s brut<\/strong>: Este arroz caldoso con carne y especias es un plato contundente que te calentar\u00e1 en los d\u00edas m\u00e1s fr\u00edos.<\/li>\n<li><strong>Sopas mallorquinas<\/strong>: Elaboradas con verduras, pan y hierbas, son una opci\u00f3n saludable y deliciosa.<\/li>\n<li><strong>Frit mallorqu\u00ed<\/strong>: Un plato tradicional a base de carne, patatas y verduras salteadas.<\/li>\n<\/ul>\n<h4><strong>Probar los vinos mallorquines<\/strong><\/h4>\n<p>Mallorca cuenta con una rica tradici\u00f3n vin\u00edcola que se puede disfrutar en diciembre. Las regiones de Binissalem y Pla i Llevant son famosas por sus bodegas, muchas de las cuales ofrecen catas y visitas guiadas. Prueba variedades locales como el Mantonegro y el Callet, acompa\u00f1ados de quesos y embutidos t\u00edpicos.<\/p>[\/et_pb_text][\/et_pb_column][et_pb_column type=\u00bb1_2&#8243; _builder_version=\u00bb4.16&#8243; global_colors_info=\u00bb{}\u00bb][et_pb_image src=\u00bbhttps:\/\/surmasterprojects.com\/wp-content\/uploads\/2024\/11\/valldemossa-mallorca.png\u00bb title_text=\u00bbvalldemossa-mallorca\u00bb _builder_version=\u00bb4.27.3&#8243; _module_preset=\u00bbdefault\u00bb custom_margin=\u00bb33px|||||\u00bb hover_enabled=\u00bb0&#8243; global_colors_info=\u00bb{}\u00bb sticky_enabled=\u00bb0&#8243;][\/et_pb_image][et_pb_text _builder_version=\u00bb4.27.3&#8243; text_font=\u00bb||||||||\u00bb text_font_size=\u00bb16px\u00bb text_line_height=\u00bb2em\u00bb header_2_line_height=\u00bb1.2em\u00bb header_3_line_height=\u00bb1.2em\u00bb text_orientation=\u00bbjustified\u00bb hover_enabled=\u00bb0&#8243; text_font_size_tablet=\u00bb15px\u00bb text_font_size_phone=\u00bb14px\u00bb text_font_size_last_edited=\u00bbon|phone\u00bb header_2_font_size_tablet=\u00bb\u00bb header_2_font_size_phone=\u00bb\u00bb header_2_font_size_last_edited=\u00bbon|phone\u00bb header_2_letter_spacing_tablet=\u00bb\u00bb header_2_letter_spacing_phone=\u00bb\u00bb header_2_letter_spacing_last_edited=\u00bbon|phone\u00bb locked=\u00bboff\u00bb global_colors_info=\u00bb{}\u00bb sticky_enabled=\u00bb0&#8243;]<h4><strong>Conocer los pueblos con encanto en invierno<\/strong><\/h4>\n<p>M\u00e1s all\u00e1 de Palma, diciembre es un momento excelente para visitar los pueblos m\u00e1s pintorescos de la isla. Lugares como Valldemossa, Dei\u00e0 y S\u00f3ller tienen una belleza especial en esta \u00e9poca del a\u00f1o.<\/p>\n<p>&nbsp;<\/p>\n<ul>\n<li><strong>Valldemossa<\/strong>: Este peque\u00f1o pueblo es famoso por su monasterio y por ser el lugar donde el compositor Frederic Chopin pas\u00f3 un invierno. Las calles empedradas y las casas de piedra decoradas con flores lo convierten en un lugar perfecto para pasear.<\/li>\n<\/ul>\n<ul>\n<li><strong>S\u00f3ller<\/strong>: Este pueblo, rodeado de monta\u00f1as, tiene una plaza central animada y est\u00e1 conectado con el Puerto de S\u00f3ller a trav\u00e9s de un antiguo tranv\u00eda. En diciembre, la tranquilidad de este lugar lo hace ideal para relajarse.<\/li>\n<\/ul>\n<ul>\n<li><strong>Dei\u00e0<\/strong>: Conocido como el \u00abpueblo de los artistas\u00bb, Dei\u00e0 es perfecto para quienes buscan inspiraci\u00f3n o simplemente disfrutar de las vistas al mar desde las alturas.<\/li>\n<\/ul>[\/et_pb_text][et_pb_image src=\u00bbhttps:\/\/surmasterprojects.com\/wp-content\/uploads\/2024\/11\/deia-mallorca.png\u00bb title_text=\u00bbdeia-mallorca\u00bb _builder_version=\u00bb4.27.3&#8243; _module_preset=\u00bbdefault\u00bb custom_margin=\u00bb33px|||||\u00bb hover_enabled=\u00bb0&#8243; global_colors_info=\u00bb{}\u00bb sticky_enabled=\u00bb0&#8243;][\/et_pb_image][et_pb_text _builder_version=\u00bb4.27.3&#8243; text_font=\u00bb||||||||\u00bb text_font_size=\u00bb16px\u00bb text_line_height=\u00bb2em\u00bb header_2_line_height=\u00bb1.2em\u00bb header_3_line_height=\u00bb1.2em\u00bb text_orientation=\u00bbjustified\u00bb hover_enabled=\u00bb0&#8243; text_font_size_tablet=\u00bb15px\u00bb text_font_size_phone=\u00bb14px\u00bb text_font_size_last_edited=\u00bbon|phone\u00bb header_2_font_size_tablet=\u00bb\u00bb header_2_font_size_phone=\u00bb\u00bb header_2_font_size_last_edited=\u00bbon|phone\u00bb header_2_letter_spacing_tablet=\u00bb\u00bb header_2_letter_spacing_phone=\u00bb\u00bb header_2_letter_spacing_last_edited=\u00bbon|phone\u00bb header_2_line_height_phone=\u00bb1.3em\u00bb header_2_line_height_last_edited=\u00bboff|desktop\u00bb locked=\u00bboff\u00bb global_colors_info=\u00bb{}\u00bb sticky_enabled=\u00bb0&#8243;]<h4><strong>Pasear por las playas y calas en invierno<\/strong><\/h4>\n<p>Aunque diciembre no es un mes para nadar, las playas de Mallorca siguen siendo un atractivo importante. Sin las multitudes del verano, lugares como Cala Varques o Playa de Muro son perfectos para disfrutar de paseos tranquilos y atardeceres espectaculares. Llevar una manta y algo caliente para beber puede convertir esta experiencia en un momento especial.<\/p>[\/et_pb_text][et_pb_text _builder_version=\u00bb4.27.3&#8243; text_font=\u00bb||||||||\u00bb text_font_size=\u00bb16px\u00bb text_line_height=\u00bb2em\u00bb header_2_line_height=\u00bb1.2em\u00bb header_3_line_height=\u00bb1.2em\u00bb text_orientation=\u00bbjustified\u00bb hover_enabled=\u00bb0&#8243; text_font_size_tablet=\u00bb15px\u00bb text_font_size_phone=\u00bb14px\u00bb text_font_size_last_edited=\u00bbon|phone\u00bb header_2_font_size_tablet=\u00bb\u00bb header_2_font_size_phone=\u00bb\u00bb header_2_font_size_last_edited=\u00bbon|phone\u00bb header_2_letter_spacing_tablet=\u00bb\u00bb header_2_letter_spacing_phone=\u00bb\u00bb header_2_letter_spacing_last_edited=\u00bbon|phone\u00bb locked=\u00bboff\u00bb global_colors_info=\u00bb{}\u00bb sticky_enabled=\u00bb0&#8243;]<h3><strong>Cultura y tradiciones \u00fanicas de diciembre en Mallorca<\/strong><\/h3>\n<p>Diciembre es un mes cargado de tradiciones que muestran la riqueza cultural de Mallorca. Es una oportunidad para participar en eventos locales y conocer m\u00e1s sobre la historia de la isla.<\/p>\n<h4><strong>Asistir al Canto de la Sibila<\/strong><\/h4>\n<p>El <strong>Canto de la Sibila<\/strong> es una tradici\u00f3n \u00fanica en el mundo que tiene lugar durante la Misa del Gallo, la noche del 24 de diciembre. Este canto gregoriano, interpretado en iglesias de toda la isla, es especialmente emotivo en la Catedral de Palma, donde la arquitectura g\u00f3tica a\u00f1ade un toque m\u00e1gico al evento.<\/p>\n<h4><strong>Pasar tiempo en los museos y monumentos hist\u00f3ricos<\/strong><\/h4>\n<p>Adem\u00e1s de las tradiciones religiosas, diciembre es un mes excelente para visitar los museos y monumentos hist\u00f3ricos de Mallorca. Entre los m\u00e1s destacados se encuentran:<\/p>\n<ul>\n<li><strong>La Catedral de Palma (La Seu)<\/strong>: Conocida por su impresionante arquitectura g\u00f3tica y su roset\u00f3n, es un lugar imprescindible.<\/li>\n<li><strong>Castillo de Bellver<\/strong>: Ofrece vistas panor\u00e1micas de Palma y el mar, adem\u00e1s de una interesante exposici\u00f3n sobre la historia de la isla.<\/li>\n<\/ul>[\/et_pb_text][et_pb_image src=\u00bbhttps:\/\/surmasterprojects.com\/wp-content\/uploads\/2024\/11\/castell-bellver.png\u00bb title_text=\u00bbcastell-bellver\u00bb _builder_version=\u00bb4.27.3&#8243; _module_preset=\u00bbdefault\u00bb custom_margin=\u00bb5px|||||\u00bb hover_enabled=\u00bb0&#8243; global_colors_info=\u00bb{}\u00bb sticky_enabled=\u00bb0&#8243;][\/et_pb_image][\/et_pb_column][\/et_pb_row][et_pb_row _builder_version=\u00bb4.21.0&#8243; custom_margin=\u00bb36px|auto||auto||\u00bb custom_padding=\u00bb34px||0px|||\u00bb global_colors_info=\u00bb{}\u00bb][et_pb_column type=\u00bb4_4&#8243; _builder_version=\u00bb4.16&#8243; global_colors_info=\u00bb{}\u00bb][et_pb_divider color=\u00bb#f75e00&#8243; divider_weight=\u00bb4px\u00bb _builder_version=\u00bb4.21.0&#8243; _module_preset=\u00bbdefault\u00bb width=\u00bb40%\u00bb module_alignment=\u00bbcenter\u00bb global_colors_info=\u00bb{}\u00bb][\/et_pb_divider][et_pb_text quote_border_color=\u00bb#E09900&#8243; _builder_version=\u00bb4.27.3&#8243; text_font=\u00bb||||||||\u00bb text_font_size=\u00bb16px\u00bb text_line_height=\u00bb2em\u00bb header_2_line_height=\u00bb1.2em\u00bb header_3_line_height=\u00bb1.2em\u00bb text_orientation=\u00bbjustified\u00bb hover_enabled=\u00bb0&#8243; text_font_size_tablet=\u00bb15px\u00bb text_font_size_phone=\u00bb14px\u00bb text_font_size_last_edited=\u00bbon|phone\u00bb header_2_font_size_tablet=\u00bb\u00bb header_2_font_size_phone=\u00bb\u00bb header_2_font_size_last_edited=\u00bbon|phone\u00bb header_2_letter_spacing_tablet=\u00bb\u00bb header_2_letter_spacing_phone=\u00bb\u00bb header_2_letter_spacing_last_edited=\u00bbon|phone\u00bb locked=\u00bboff\u00bb global_colors_info=\u00bb{}\u00bb sticky_enabled=\u00bb0&#8243;]<blockquote>\n<h2>Preguntas frecuentes sobre viajar a Mallorca en diciembre<\/h2>\n<\/blockquote>\n<h4><strong>\u00bfEs Mallorca un buen destino en invierno para las familias?<\/strong><\/h4>\n<p>S\u00ed, Mallorca es ideal para familias en diciembre gracias a sus actividades culturales, naturaleza tranquila y eventos navide\u00f1os.<\/p>\n<h4><strong>\u00bfQu\u00e9 ropa debo llevar a Mallorca en diciembre?<\/strong><\/h4>\n<p>Ropa de abrigo ligera, calzado c\u00f3modo y un impermeable son esenciales para disfrutar del clima variable.<\/p>\n<h4><strong>\u00bfQu\u00e9 ventajas tiene visitar Mallorca en temporada baja?<\/strong><\/h4>\n<p>La tranquilidad, precios m\u00e1s bajos y la oportunidad de recorrer la isla sin multitudes hacen de diciembre un mes ideal para visitar Mallorca.<\/p>[\/et_pb_text][\/et_pb_column][\/et_pb_row][\/et_pb_section]\n","protected":false},"excerpt":{"rendered":"<p>VIAJAR A MALLORCA EN DICIEMBRE Viajar a Mallorca en Diciembre: Gu\u00eda CompletaMallorca, la isla m\u00e1s grande del archipi\u00e9lago balear, se convierte en un refugio sereno y culturalmente enriquecedor durante diciembre.A diferencia de los meses de verano, cuando la isla est\u00e1 abarrotada de turistas, diciembre ofrece una experiencia m\u00e1s tranquila y aut\u00e9ntica. Con un clima suave, [&hellip;]<\/p>\n","protected":false},"author":1,"featured_media":9009,"comment_status":"open","ping_status":"open","sticky":false,"template":"","format":"standard","meta":{"_et_pb_use_builder":"on","_et_pb_old_content":"","_et_gb_content_width":"1080","footnotes":""},"categories":[19],"tags":[],"class_list":["post-8992","post","type-post","status-publish","format-standard","has-post-thumbnail","hentry","category-guia-viaje-mallorca"],"yoast_head":"<!-- This site is optimized with the Yoast SEO plugin v27.4 - https:\/\/yoast.com\/product\/yoast-seo-wordpress\/ -->\n<title>Surmaster Projects<\/title>\n<meta name=\"robots\" content=\"index, follow, max-snippet:-1, max-image-preview:large, max-video-preview:-1\" \/>\n<link rel=\"canonical\" href=\"https:\/\/surmasterprojects.com\/en\/blog\/viajar-a-mallorca-en-diciembre\/\" \/>\n<meta property=\"og:locale\" content=\"en_GB\" \/>\n<meta property=\"og:type\" content=\"article\" \/>\n<meta property=\"og:description\" content=\"VIAJAR A MALLORCA EN DICIEMBRE Viajar a Mallorca en Diciembre: Gu\u00eda CompletaMallorca, la isla m\u00e1s grande del archipi\u00e9lago balear, se convierte en un refugio sereno y culturalmente enriquecedor durante diciembre.A diferencia de los meses de verano, cuando la isla est\u00e1 abarrotada de turistas, diciembre ofrece una experiencia m\u00e1s tranquila y aut\u00e9ntica. Con un clima suave, [&hellip;]\" \/>\n<meta property=\"og:url\" content=\"https:\/\/surmasterprojects.com\/en\/blog\/viajar-a-mallorca-en-diciembre\/\" \/>\n<meta property=\"og:site_name\" content=\"Surmaster Projects\" \/>\n<meta property=\"article:published_time\" content=\"2024-11-19T11:32:14+00:00\" \/>\n<meta property=\"article:modified_time\" content=\"2024-11-21T11:21:40+00:00\" \/>\n<meta property=\"og:image\" content=\"https:\/\/surmasterprojects.com\/wp-content\/uploads\/2024\/11\/palma-de-mallorca.png\" \/>\n\t<meta property=\"og:image:width\" content=\"1092\" \/>\n\t<meta property=\"og:image:height\" content=\"607\" \/>\n\t<meta property=\"og:image:type\" content=\"image\/png\" \/>\n<meta name=\"author\" content=\"admin\" \/>\n<meta name=\"twitter:card\" content=\"summary_large_image\" \/>\n<meta name=\"twitter:label1\" content=\"Written by\" \/>\n\t<meta name=\"twitter:data1\" content=\"admin\" \/>\n\t<meta name=\"twitter:label2\" content=\"Estimated reading time\" \/>\n\t<meta name=\"twitter:data2\" content=\"8 minutes\" \/>\n<script type=\"application\/ld+json\" class=\"yoast-schema-graph\">{\"@context\":\"https:\\\/\\\/schema.org\",\"@graph\":[{\"@type\":\"Article\",\"@id\":\"https:\\\/\\\/surmasterprojects.com\\\/blog\\\/viajar-a-mallorca-en-diciembre\\\/#article\",\"isPartOf\":{\"@id\":\"https:\\\/\\\/surmasterprojects.com\\\/blog\\\/viajar-a-mallorca-en-diciembre\\\/\"},\"author\":{\"name\":\"admin\",\"@id\":\"https:\\\/\\\/surmasterprojects.com\\\/es\\\/#\\\/schema\\\/person\\\/e91face8d14f85c1a1e8281796c8dc8f\"},\"headline\":\"Viajar a Mallorca en Diciembre\",\"datePublished\":\"2024-11-19T11:32:14+00:00\",\"dateModified\":\"2024-11-21T11:21:40+00:00\",\"mainEntityOfPage\":{\"@id\":\"https:\\\/\\\/surmasterprojects.com\\\/blog\\\/viajar-a-mallorca-en-diciembre\\\/\"},\"wordCount\":3482,\"commentCount\":0,\"publisher\":{\"@id\":\"https:\\\/\\\/surmasterprojects.com\\\/es\\\/#organization\"},\"image\":{\"@id\":\"https:\\\/\\\/surmasterprojects.com\\\/blog\\\/viajar-a-mallorca-en-diciembre\\\/#primaryimage\"},\"thumbnailUrl\":\"https:\\\/\\\/surmasterprojects.com\\\/wp-content\\\/uploads\\\/2024\\\/11\\\/palma-de-mallorca.png\",\"articleSection\":[\"Mallorca (Baleares): Gu\u00eda completa\"],\"inLanguage\":\"en-GB\",\"potentialAction\":[{\"@type\":\"CommentAction\",\"name\":\"Comment\",\"target\":[\"https:\\\/\\\/surmasterprojects.com\\\/blog\\\/viajar-a-mallorca-en-diciembre\\\/#respond\"]}]},{\"@type\":\"WebPage\",\"@id\":\"https:\\\/\\\/surmasterprojects.com\\\/blog\\\/viajar-a-mallorca-en-diciembre\\\/\",\"url\":\"https:\\\/\\\/surmasterprojects.com\\\/blog\\\/viajar-a-mallorca-en-diciembre\\\/\",\"name\":\"\",\"isPartOf\":{\"@id\":\"https:\\\/\\\/surmasterprojects.com\\\/es\\\/#website\"},\"primaryImageOfPage\":{\"@id\":\"https:\\\/\\\/surmasterprojects.com\\\/blog\\\/viajar-a-mallorca-en-diciembre\\\/#primaryimage\"},\"image\":{\"@id\":\"https:\\\/\\\/surmasterprojects.com\\\/blog\\\/viajar-a-mallorca-en-diciembre\\\/#primaryimage\"},\"thumbnailUrl\":\"https:\\\/\\\/surmasterprojects.com\\\/wp-content\\\/uploads\\\/2024\\\/11\\\/palma-de-mallorca.png\",\"datePublished\":\"2024-11-19T11:32:14+00:00\",\"dateModified\":\"2024-11-21T11:21:40+00:00\",\"breadcrumb\":{\"@id\":\"https:\\\/\\\/surmasterprojects.com\\\/blog\\\/viajar-a-mallorca-en-diciembre\\\/#breadcrumb\"},\"inLanguage\":\"en-GB\",\"potentialAction\":[{\"@type\":\"ReadAction\",\"target\":[\"https:\\\/\\\/surmasterprojects.com\\\/blog\\\/viajar-a-mallorca-en-diciembre\\\/\"]}]},{\"@type\":\"ImageObject\",\"inLanguage\":\"en-GB\",\"@id\":\"https:\\\/\\\/surmasterprojects.com\\\/blog\\\/viajar-a-mallorca-en-diciembre\\\/#primaryimage\",\"url\":\"https:\\\/\\\/surmasterprojects.com\\\/wp-content\\\/uploads\\\/2024\\\/11\\\/palma-de-mallorca.png\",\"contentUrl\":\"https:\\\/\\\/surmasterprojects.com\\\/wp-content\\\/uploads\\\/2024\\\/11\\\/palma-de-mallorca.png\",\"width\":1092,\"height\":607},{\"@type\":\"BreadcrumbList\",\"@id\":\"https:\\\/\\\/surmasterprojects.com\\\/blog\\\/viajar-a-mallorca-en-diciembre\\\/#breadcrumb\",\"itemListElement\":[{\"@type\":\"ListItem\",\"position\":1,\"name\":\"Portada\",\"item\":\"https:\\\/\\\/surmasterprojects.com\\\/es\\\/\"},{\"@type\":\"ListItem\",\"position\":2,\"name\":\"Viajar a Mallorca en Diciembre\"}]},{\"@type\":\"WebSite\",\"@id\":\"https:\\\/\\\/surmasterprojects.com\\\/es\\\/#website\",\"url\":\"https:\\\/\\\/surmasterprojects.com\\\/es\\\/\",\"name\":\"Surmaster Projects\",\"description\":\"\",\"publisher\":{\"@id\":\"https:\\\/\\\/surmasterprojects.com\\\/es\\\/#organization\"},\"potentialAction\":[{\"@type\":\"SearchAction\",\"target\":{\"@type\":\"EntryPoint\",\"urlTemplate\":\"https:\\\/\\\/surmasterprojects.com\\\/es\\\/?s={search_term_string}\"},\"query-input\":{\"@type\":\"PropertyValueSpecification\",\"valueRequired\":true,\"valueName\":\"search_term_string\"}}],\"inLanguage\":\"en-GB\"},{\"@type\":\"Organization\",\"@id\":\"https:\\\/\\\/surmasterprojects.com\\\/es\\\/#organization\",\"name\":\"Surmaster Projects\",\"url\":\"https:\\\/\\\/surmasterprojects.com\\\/es\\\/\",\"logo\":{\"@type\":\"ImageObject\",\"inLanguage\":\"en-GB\",\"@id\":\"https:\\\/\\\/surmasterprojects.com\\\/es\\\/#\\\/schema\\\/logo\\\/image\\\/\",\"url\":\"https:\\\/\\\/surmasterprojects.com\\\/wp-content\\\/uploads\\\/2022\\\/04\\\/cropped-Logo_GrupoSurmaster_negativo.png\",\"contentUrl\":\"https:\\\/\\\/surmasterprojects.com\\\/wp-content\\\/uploads\\\/2022\\\/04\\\/cropped-Logo_GrupoSurmaster_negativo.png\",\"width\":512,\"height\":512,\"caption\":\"Surmaster Projects\"},\"image\":{\"@id\":\"https:\\\/\\\/surmasterprojects.com\\\/es\\\/#\\\/schema\\\/logo\\\/image\\\/\"}},{\"@type\":\"Person\",\"@id\":\"https:\\\/\\\/surmasterprojects.com\\\/es\\\/#\\\/schema\\\/person\\\/e91face8d14f85c1a1e8281796c8dc8f\",\"name\":\"admin\",\"image\":{\"@type\":\"ImageObject\",\"inLanguage\":\"en-GB\",\"@id\":\"https:\\\/\\\/surmasterprojects.com\\\/wp-content\\\/litespeed\\\/avatar\\\/891d1cd506ea39e67ffae4cde18491f4.jpg?ver=1776813681\",\"url\":\"https:\\\/\\\/surmasterprojects.com\\\/wp-content\\\/litespeed\\\/avatar\\\/891d1cd506ea39e67ffae4cde18491f4.jpg?ver=1776813681\",\"contentUrl\":\"https:\\\/\\\/surmasterprojects.com\\\/wp-content\\\/litespeed\\\/avatar\\\/891d1cd506ea39e67ffae4cde18491f4.jpg?ver=1776813681\",\"caption\":\"admin\"},\"sameAs\":[\"http:\\\/\\\/surmasterprojects.com\"]}]}<\/script>\n<!-- \/ Yoast SEO plugin. -->","yoast_head_json":{"title":"Surmaster Projects","robots":{"index":"index","follow":"follow","max-snippet":"max-snippet:-1","max-image-preview":"max-image-preview:large","max-video-preview":"max-video-preview:-1"},"canonical":"https:\/\/surmasterprojects.com\/en\/blog\/viajar-a-mallorca-en-diciembre\/","og_locale":"en_GB","og_type":"article","og_description":"VIAJAR A MALLORCA EN DICIEMBRE Viajar a Mallorca en Diciembre: Gu\u00eda CompletaMallorca, la isla m\u00e1s grande del archipi\u00e9lago balear, se convierte en un refugio sereno y culturalmente enriquecedor durante diciembre.A diferencia de los meses de verano, cuando la isla est\u00e1 abarrotada de turistas, diciembre ofrece una experiencia m\u00e1s tranquila y aut\u00e9ntica. Con un clima suave, [&hellip;]","og_url":"https:\/\/surmasterprojects.com\/en\/blog\/viajar-a-mallorca-en-diciembre\/","og_site_name":"Surmaster Projects","article_published_time":"2024-11-19T11:32:14+00:00","article_modified_time":"2024-11-21T11:21:40+00:00","og_image":[{"width":1092,"height":607,"url":"https:\/\/surmasterprojects.com\/wp-content\/uploads\/2024\/11\/palma-de-mallorca.png","type":"image\/png"}],"author":"admin","twitter_card":"summary_large_image","twitter_misc":{"Written by":"admin","Estimated reading time":"8 minutes"},"schema":{"@context":"https:\/\/schema.org","@graph":[{"@type":"Article","@id":"https:\/\/surmasterprojects.com\/blog\/viajar-a-mallorca-en-diciembre\/#article","isPartOf":{"@id":"https:\/\/surmasterprojects.com\/blog\/viajar-a-mallorca-en-diciembre\/"},"author":{"name":"admin","@id":"https:\/\/surmasterprojects.com\/es\/#\/schema\/person\/e91face8d14f85c1a1e8281796c8dc8f"},"headline":"Viajar a Mallorca en Diciembre","datePublished":"2024-11-19T11:32:14+00:00","dateModified":"2024-11-21T11:21:40+00:00","mainEntityOfPage":{"@id":"https:\/\/surmasterprojects.com\/blog\/viajar-a-mallorca-en-diciembre\/"},"wordCount":3482,"commentCount":0,"publisher":{"@id":"https:\/\/surmasterprojects.com\/es\/#organization"},"image":{"@id":"https:\/\/surmasterprojects.com\/blog\/viajar-a-mallorca-en-diciembre\/#primaryimage"},"thumbnailUrl":"https:\/\/surmasterprojects.com\/wp-content\/uploads\/2024\/11\/palma-de-mallorca.png","articleSection":["Mallorca (Baleares): Gu\u00eda completa"],"inLanguage":"en-GB","potentialAction":[{"@type":"CommentAction","name":"Comment","target":["https:\/\/surmasterprojects.com\/blog\/viajar-a-mallorca-en-diciembre\/#respond"]}]},{"@type":"WebPage","@id":"https:\/\/surmasterprojects.com\/blog\/viajar-a-mallorca-en-diciembre\/","url":"https:\/\/surmasterprojects.com\/blog\/viajar-a-mallorca-en-diciembre\/","name":"","isPartOf":{"@id":"https:\/\/surmasterprojects.com\/es\/#website"},"primaryImageOfPage":{"@id":"https:\/\/surmasterprojects.com\/blog\/viajar-a-mallorca-en-diciembre\/#primaryimage"},"image":{"@id":"https:\/\/surmasterprojects.com\/blog\/viajar-a-mallorca-en-diciembre\/#primaryimage"},"thumbnailUrl":"https:\/\/surmasterprojects.com\/wp-content\/uploads\/2024\/11\/palma-de-mallorca.png","datePublished":"2024-11-19T11:32:14+00:00","dateModified":"2024-11-21T11:21:40+00:00","breadcrumb":{"@id":"https:\/\/surmasterprojects.com\/blog\/viajar-a-mallorca-en-diciembre\/#breadcrumb"},"inLanguage":"en-GB","potentialAction":[{"@type":"ReadAction","target":["https:\/\/surmasterprojects.com\/blog\/viajar-a-mallorca-en-diciembre\/"]}]},{"@type":"ImageObject","inLanguage":"en-GB","@id":"https:\/\/surmasterprojects.com\/blog\/viajar-a-mallorca-en-diciembre\/#primaryimage","url":"https:\/\/surmasterprojects.com\/wp-content\/uploads\/2024\/11\/palma-de-mallorca.png","contentUrl":"https:\/\/surmasterprojects.com\/wp-content\/uploads\/2024\/11\/palma-de-mallorca.png","width":1092,"height":607},{"@type":"BreadcrumbList","@id":"https:\/\/surmasterprojects.com\/blog\/viajar-a-mallorca-en-diciembre\/#breadcrumb","itemListElement":[{"@type":"ListItem","position":1,"name":"Portada","item":"https:\/\/surmasterprojects.com\/es\/"},{"@type":"ListItem","position":2,"name":"Viajar a Mallorca en Diciembre"}]},{"@type":"WebSite","@id":"https:\/\/surmasterprojects.com\/es\/#website","url":"https:\/\/surmasterprojects.com\/es\/","name":"Surmaster Projects","description":"","publisher":{"@id":"https:\/\/surmasterprojects.com\/es\/#organization"},"potentialAction":[{"@type":"SearchAction","target":{"@type":"EntryPoint","urlTemplate":"https:\/\/surmasterprojects.com\/es\/?s={search_term_string}"},"query-input":{"@type":"PropertyValueSpecification","valueRequired":true,"valueName":"search_term_string"}}],"inLanguage":"en-GB"},{"@type":"Organization","@id":"https:\/\/surmasterprojects.com\/es\/#organization","name":"Surmaster Projects","url":"https:\/\/surmasterprojects.com\/es\/","logo":{"@type":"ImageObject","inLanguage":"en-GB","@id":"https:\/\/surmasterprojects.com\/es\/#\/schema\/logo\/image\/","url":"https:\/\/surmasterprojects.com\/wp-content\/uploads\/2022\/04\/cropped-Logo_GrupoSurmaster_negativo.png","contentUrl":"https:\/\/surmasterprojects.com\/wp-content\/uploads\/2022\/04\/cropped-Logo_GrupoSurmaster_negativo.png","width":512,"height":512,"caption":"Surmaster Projects"},"image":{"@id":"https:\/\/surmasterprojects.com\/es\/#\/schema\/logo\/image\/"}},{"@type":"Person","@id":"https:\/\/surmasterprojects.com\/es\/#\/schema\/person\/e91face8d14f85c1a1e8281796c8dc8f","name":"admin","image":{"@type":"ImageObject","inLanguage":"en-GB","@id":"https:\/\/surmasterprojects.com\/wp-content\/litespeed\/avatar\/891d1cd506ea39e67ffae4cde18491f4.jpg?ver=1776813681","url":"https:\/\/surmasterprojects.com\/wp-content\/litespeed\/avatar\/891d1cd506ea39e67ffae4cde18491f4.jpg?ver=1776813681","contentUrl":"https:\/\/surmasterprojects.com\/wp-content\/litespeed\/avatar\/891d1cd506ea39e67ffae4cde18491f4.jpg?ver=1776813681","caption":"admin"},"sameAs":["http:\/\/surmasterprojects.com"]}]}},"_links":{"self":[{"href":"https:\/\/surmasterprojects.com\/en\/wp-json\/wp\/v2\/posts\/8992","targetHints":{"allow":["GET"]}}],"collection":[{"href":"https:\/\/surmasterprojects.com\/en\/wp-json\/wp\/v2\/posts"}],"about":[{"href":"https:\/\/surmasterprojects.com\/en\/wp-json\/wp\/v2\/types\/post"}],"author":[{"embeddable":true,"href":"https:\/\/surmasterprojects.com\/en\/wp-json\/wp\/v2\/users\/1"}],"replies":[{"embeddable":true,"href":"https:\/\/surmasterprojects.com\/en\/wp-json\/wp\/v2\/comments?post=8992"}],"version-history":[{"count":4,"href":"https:\/\/surmasterprojects.com\/en\/wp-json\/wp\/v2\/posts\/8992\/revisions"}],"predecessor-version":[{"id":9019,"href":"https:\/\/surmasterprojects.com\/en\/wp-json\/wp\/v2\/posts\/8992\/revisions\/9019"}],"wp:featuredmedia":[{"embeddable":true,"href":"https:\/\/surmasterprojects.com\/en\/wp-json\/wp\/v2\/media\/9009"}],"wp:attachment":[{"href":"https:\/\/surmasterprojects.com\/en\/wp-json\/wp\/v2\/media?parent=8992"}],"wp:term":[{"taxonomy":"category","embeddable":true,"href":"https:\/\/surmasterprojects.com\/en\/wp-json\/wp\/v2\/categories?post=8992"},{"taxonomy":"post_tag","embeddable":true,"href":"https:\/\/surmasterprojects.com\/en\/wp-json\/wp\/v2\/tags?post=8992"}],"curies":[{"name":"wp","href":"https:\/\/api.w.org\/{rel}","templated":true}]}}