{"id":9241,"date":"2025-06-23T12:31:44","date_gmt":"2025-06-23T12:31:44","guid":{"rendered":"https:\/\/surmasterprojects.com\/es\/blog\/es-forti-cala-dor-que-ver-como-visitar-consejos\/"},"modified":"2025-10-09T11:43:34","modified_gmt":"2025-10-09T11:43:34","slug":"es-forti-cala-dor-que-ver-como-visitar-consejos","status":"publish","type":"post","link":"https:\/\/surmasterprojects.com\/en\/blog\/es-forti-cala-dor-que-ver-como-visitar-consejos\/","title":{"rendered":"Es Fort\u00ed de Cala d&#8217;Or: qu\u00e9 ver, c\u00f3mo visitar y consejos imprescindibles"},"content":{"rendered":"<h2>\u00bfQu\u00e9 es Es Fort\u00ed de Cala d&#8217;Or?<\/h2>\n<h3>Origen e historia de la fortaleza<\/h3>\n<p><strong>Es Fort\u00ed de Cala d&#8217;Or<\/strong> es una hist\u00f3rica fortaleza costera situada en el sureste de Mallorca, en uno de los extremos m\u00e1s bellos del litoral de <strong>Cala d&#8217;Or<\/strong>. Construido en el siglo XVIII, Es Fort\u00ed fue erigido como un punto defensivo estrat\u00e9gico para proteger la costa mallorquina de <strong>ataques piratas y corsarios<\/strong>, muy frecuentes en el Mediterr\u00e1neo en esa \u00e9poca. Su estructura s\u00f3lida y su posici\u00f3n elevada permit\u00edan una amplia vigilancia del paso mar\u00edtimo, haciendo de este enclave un lugar crucial en la defensa insular.<\/p>\n<p>Durante los siglos siguientes, el fuerte desempe\u00f1\u00f3 varias funciones relacionadas con la protecci\u00f3n del territorio y del tr\u00e1fico mar\u00edtimo. Si bien dej\u00f3 de ser activo con el paso del tiempo, Es Fort\u00ed ha recorrido un largo camino hasta transformarse en el importante monumento hist\u00f3rico que admiramos hoy.<\/p>\n<h3>Importancia hist\u00f3rica y cultural<\/h3>\n<p>Es Fort\u00ed, declarado <strong>Bien de Inter\u00e9s Cultural<\/strong>, se ha consolidado como un referente hist\u00f3rico en la zona sudeste de Mallorca. Este lugar no solo re\u00fane a aficionados de la historia, sino tambi\u00e9n a familias, estudiantes y visitantes que desean conocer m\u00e1s sobre el pasado isle\u00f1o. La fortaleza forma parte del <strong>patrimonio cultural<\/strong> balear y act\u00faa como <strong>testimonio de la arquitectura militar<\/strong> de la \u00e9poca, as\u00ed como de la constante lucha de la poblaci\u00f3n contra las amenazas mar\u00edtimas que, siglos atr\u00e1s, acechaban estas costas.<\/p>\n<p>Hoy en d\u00eda, Es Fort\u00ed alberga eventos culturales, exposiciones temporales y actividades educativas, integr\u00e1ndose totalmente en el tejido social de Cala d&#8217;Or y sus alrededores.<\/p>\n<h2>Ubicaci\u00f3n de Es Fort\u00ed: c\u00f3mo llegar<\/h2>\n<h3>Acceso desde Cala Egos<\/h3>\n<p>Ubicado en la <strong>pen\u00ednsula de Punta de Es Fort\u00ed<\/strong>, Es Fort\u00ed se encuentra a pocos minutos a pie de <strong>Cala Egos<\/strong>. Desde esta popular cala, un agradable paseo de unos 10 minutos te lleva directamente a la fortaleza. El sendero est\u00e1 bien se\u00f1alizado y es perfecto para realizarlo en familia o en pareja, bordeando zonas ajardinadas y disfrutando de las vistas al mar Mediterr\u00e1neo.<\/p>\n<h3>Camino desde el centro de Cala d&#8217;Or<\/h3>\n<p>Desde el <strong>centro de Cala d&#8217;Or<\/strong> (\u00e1rea comercial y de ocio), llegar a Es Fort\u00ed es sencillo. Puedes optar por un recorrido de unos 20 minutos a pie, disfrutando del animado ambiente local, o bien desplazarte en bicicleta, ya que la zona cuenta con <strong>carril bici<\/strong> y rutas peatonales seguras. Esta opci\u00f3n resulta ideal para quienes desean combinar el turismo cultural con la actividad f\u00edsica y descubrir rincones poco transitados de la localidad.<\/p>\n<h3>Opciones de transporte y aparcamiento<\/h3>\n<p>Si prefieres ir en coche, encontrar\u00e1s <strong>aparcamientos p\u00fablicos<\/strong> cerca del acceso al fuerte, aunque en temporada alta pueden estar concurridos. Tambi\u00e9n puedes optar por el <strong>transporte p\u00fablico<\/strong> local, que conecta Cala d&#8217;Or con Cala Egos y otras zonas del municipio. Para m\u00e1s informaci\u00f3n sobre l\u00edneas y horarios, puedes consultar la <a href=\"https:\/\/www.tib.org\" target=\"_blank\">web del transporte interurbano de Mallorca<\/a>. Si decides llegar en bicicleta, existen lugares habilitados para aparcarla con seguridad junto al fuerte.<\/p>\n<h2>Qu\u00e9 ver en Es Fort\u00ed de Cala d&#8217;Or<\/h2>\n<h3>La arquitectura del fuerte<\/h3>\n<p>Al llegar a Es Fort\u00ed, lo primero que llama la atenci\u00f3n es su <strong>imponente arquitectura militar<\/strong>. Construido en piedra local, el edificio posee gruesos muros y <strong>bastiones de defensa<\/strong> que reflejan las t\u00e9cnicas constructivas del siglo XVIII. Su planta poligonal y el dise\u00f1o de los accesos son ejemplos destacados de la ingenier\u00eda militar de la \u00e9poca. El interior alberga varias estancias hist\u00f3ricas, donde antiguamente resid\u00eda la guarnici\u00f3n que custodiaba el enclave.<\/p>\n<p><img decoding=\"async\" src=\"https:\/\/surmasterprojects.com\/es\/image-es-forty-de-cala-dor-1\/\" alt=\"Fachada principal de Es Fort\u00ed de Cala d'Or\"><\/p>\n<h3>Puntos panor\u00e1micos y vistas al mar<\/h3>\n<p>Uno de los mayores atractivos de Es Fort\u00ed es su <strong>emplazamiento privilegiado<\/strong>. Desde los diferentes baluartes y terrazas se disfrutan <strong>vistas panor\u00e1micas espectaculares<\/strong> al mar y a la <a href=\"https:\/\/caladormallorca.com\/descubre\/calas\/\" target=\"_blank\">costa recortada de Cala d&#8217;Or<\/a>. Las puestas de sol desde aqu\u00ed son realmente inolvidables, con el horizonte ti\u00f1\u00e9ndose de tonos dorados y rojizos mientras observas el tranquilo vaiv\u00e9n de las embarcaciones en la cercana <strong>Cala Llonga<\/strong>.<\/p>\n<h3>Elementos destacados y curiosidades<\/h3>\n<h4>Murallas y baluartes<\/h4>\n<p>Las <strong>murallas<\/strong> bien conservadas y los <strong>baluartes de defensa<\/strong> que rodean Es Fort\u00ed hablan de su pasado militar. Pasear por este espacio permite a los visitantes imaginar la vida cotidiana de los soldados y guardianes de la fortaleza. Destacan las troneras y emplazamientos de artiller\u00eda a\u00fan visibles, que proteg\u00edan la entrada a la ensenada.<\/p>\n<p><img decoding=\"async\" src=\"https:\/\/surmasterprojects.com\/es\/image-es-forty-de-cala-dor-2\/\" alt=\"Murallas y baluartes de Es Fort\u00ed de Cala d'Or\"><\/p>\n<h4>Historia vista desde los ca\u00f1ones<\/h4>\n<p>Varios de los <strong>antiguos ca\u00f1ones<\/strong> originales se exhiben en sus posiciones hist\u00f3ricas, aut\u00e9nticos testigos silenciosos de las batallas que nunca ocurrieron, pero cuya amenaza fue en su d\u00eda bien real. Observar el horizonte a trav\u00e9s de sus bocas de hierro es una experiencia evocadora, que acerca al visitante a las preocupaciones de defensa y vigilancia que marcaron la vida en el Mediterr\u00e1neo siglos atr\u00e1s.<\/p>\n<h4>Entorno natural y fauna<\/h4>\n<p>El fuerte est\u00e1 rodeado por un <strong>entorno natural privilegiado<\/strong>, con <strong>pinares, plantas costeras y una fauna rica<\/strong> en aves t\u00edpicas del litoral mediterr\u00e1neo. Se trata de un verdadero balc\u00f3n al mar, donde es habitual ver gaviotas, cormoranes y, en primavera, mariposas y lagartijas sole\u00e1ndose sobre las piedras.<\/p>\n<p><img decoding=\"async\" src=\"https:\/\/surmasterprojects.com\/es\/image-es-forty-de-cala-dor-3\/\" alt=\"Entorno natural y vistas marinas desde Es Fort\u00ed de Cala d'Or\"><\/p>\n<h2>Consejos imprescindibles para visitar Es Fort\u00ed<\/h2>\n<h3>Mejor momento para la visita<\/h3>\n<p>El <strong>mejor momento para visitar Es Fort\u00ed<\/strong> es durante las primeras horas de la ma\u00f1ana o a \u00faltima hora de la tarde. A estas horas la luz es suave, las temperaturas resultan m\u00e1s agradables y hay menos afluencia de visitantes, lo que permite un disfrute m\u00e1s \u00edntimo del lugar. Si buscas la <strong>mejor fotograf\u00eda de la puesta de sol<\/strong>, planifica tu visita hacia el final de la jornada. Durante la temporada alta conviene llegar temprano para evitar aglomeraciones.<\/p>\n<h3>Recomendaciones para familias y ni\u00f1os<\/h3>\n<p>Es Fort\u00ed es un lugar muy adecuado para visitar en <strong>familia<\/strong>. Los m\u00e1s peque\u00f1os disfrutar\u00e1n recorriendo las murallas, jugando en el entorno ajardinado y aprendiendo con las historias de piratas y defensores del fuerte. Eso s\u00ed, hay zonas elevadas y tramos de escaleras, por lo que es recomendable <strong>mantener la vigilancia sobre los ni\u00f1os<\/strong>. Algunas actividades y talleres para ni\u00f1os pueden tener lugar durante fechas concretas, especialmente en verano, por lo que es oportuno consultar la <a href=\"https:\/\/www.ajfelanitx.net\/\" target=\"_blank\">agenda cultural del municipio de Felanitx<\/a>.<\/p>\n<h3>Accesibilidad y precauciones<\/h3>\n<p>La accesibilidad en Es Fort\u00ed es <strong>buena en la mayor parte del recinto<\/strong>, aunque es importante se\u00f1alar que algunas zonas, especialmente los baluartes y la parte superior de la fortaleza, pueden tener accesos con cierto desnivel, escalones o terreno irregular. Se recomienda <strong>calzado c\u00f3modo<\/strong>. Las personas con movilidad reducida encontrar\u00e1n alternativas para llegar hasta la explanada principal, aunque pueden encontrar limitaciones en el acceso a algunos miradores.<\/p>\n<p>Es importante tambi\u00e9n prestar atenci\u00f3n a las <strong>indicaciones de seguridad<\/strong> y evitar zonas restringidas, especialmente tras las lluvias, ya que las piedras pueden estar resbaladizas.<\/p>\n<h3>Qu\u00e9 llevar para la excursi\u00f3n<\/h3>\n<ul>\n<li><strong>Agua y protecci\u00f3n solar:<\/strong> El fuerte se encuentra en una zona muy soleada y el recorrido incluye varios puntos expuestos al sol.<\/li>\n<li><strong>Calzado deportivo o de senderismo leve:<\/strong> Para circular con seguridad por los caminos y murallas.<\/li>\n<li><strong>C\u00e1mara de fotos:<\/strong> Las <strong>vistas panor\u00e1micas<\/strong> merecen una buena instant\u00e1nea.<\/li>\n<li><strong>Gorra o sombrero:<\/strong> Especialmente \u00fatil en verano.<\/li>\n<li><strong>Merienda ligera:<\/strong> Hay zonas ajardinadas para hacer un picnic disfrutando del paisaje.<\/li>\n<\/ul>\n<h2>Planes cercanos y actividades complementarias<\/h2>\n<h3>Ruta hacia Cala Llonga y el puerto de Cala d&#8217;Or<\/h3>\n<p>Desde Es Fort\u00ed puedes iniciar una <strong>ruta a pie<\/strong> muy agradable bordeando la costa hasta <strong>Cala Llonga<\/strong> y el <strong>Puerto Deportivo de Cala d&#8217;Or<\/strong>. El camino transcurre entre pinares y peque\u00f1as calas escondidas, siendo uno de los paseos favoritos de locales y turistas. El puerto, con su ambiente animado, restaurantes y tiendas, resulta un complemento perfecto tras la visita cultural.<\/p>\n<h3>Lugares para comer y descansar cerca<\/h3>\n<p>En las inmediaciones de Es Fort\u00ed, especialmente en Cala Egos, existen varias opciones para <strong>comer o descansar<\/strong>. Destacan chiringuitos con terraza, restaurantes de cocina mediterr\u00e1nea y bares donde podr\u00e1s degustar <strong>pescado fresco, pa amb oli<\/strong> t\u00edpico, tapas, y refrescarte tras la excursi\u00f3n. Para recomendaciones espec\u00edficas, puedes consultar rese\u00f1as y mapas actualizados en <a href=\"https:\/\/www.tripadvisor.es\/Restaurants-g580287-Cala_d_Or_Majorca_Balearic_Islands.html\" target=\"_blank\">Tripadvisor: restaurantes en Cala d&#8217;Or<\/a>.<\/p>\n<p>Algunas sugerencias incluyen locales frente al mar, perfectos para tomar algo con vistas, y cafeter\u00edas donde reponer energ\u00edas en familia.<\/p>\n<h3>Otras atracciones en Cala d&#8217;Or<\/h3>\n<ul>\n<li><strong>Playas y calas:<\/strong> Cala d&#8217;Or presume de <a href=\"https:\/\/caladormallorca.com\/descubre\/calas\/\" target=\"_blank\">m\u00e1s de siete calas<\/a>, entre las que destacan <strong>Cala Gran, Cala Esmeralda, Cala Ferrera<\/strong> y <strong>Cala Serena<\/strong>, ideales para el ba\u00f1o y el snorkel.<\/li>\n<li><strong>Casco hist\u00f3rico:<\/strong> El peque\u00f1o <strong>centro de Cala d&#8217;Or<\/strong>, con sus casas blancas de estilo ibicenco, tiendas y bares de tapas, ofrece un delicioso ambiente mediterr\u00e1neo.<\/li>\n<li><strong>Mercadillos locales:<\/strong> Los mercadillos semanales permiten descubrir artesan\u00eda, productos frescos y souvenirs t\u00edpicos.<\/li>\n<li><strong>Parque natural de Mondrag\u00f3:<\/strong> A pocos kil\u00f3metros, es un espacio protegido con senderos y playas v\u00edrgenes.<\/li>\n<\/ul>\n<h2>Preguntas Frecuentes Sobre Cala d&#8217;Or<\/h2>\n<h3>\u00bfCu\u00e1ntos habitantes hay en Cala d&#8217;Or?<\/h3>\n<p>Seg\u00fan los datos m\u00e1s recientes del Institut d&#8217;Estad\u00edstica de les Illes Balears (<a href=\"https:\/\/www.ibestat.cat\/\" target=\"_blank\">IBESTAT<\/a>), <strong>Cala d&#8217;Or<\/strong> cuenta con aproximadamente <strong>3.900 habitantes<\/strong> censados, aunque en temporada alta la poblaci\u00f3n aumenta considerablemente debido al turismo.<\/p>\n<h3>\u00bfD\u00f3nde puedo ver el atardecer en Cala d&#8217;Or?<\/h3>\n<p>Uno de los mejores lugares para ver el <strong>atardecer en Cala d&#8217;Or<\/strong> es precisamente <strong>Es Fort\u00ed<\/strong>, gracias a sus <strong>vistas panor\u00e1micas al mar<\/strong>. Tambi\u00e9n puedes disfrutar de un bonito atardecer desde el <strong>Puerto Deportivo<\/strong> o en los chiringuitos de las calas cercanas.<\/p>\n<h3>\u00bfCu\u00e1ntas calas hay en Cala d&#8217;Or?<\/h3>\n<p><strong>Cala d&#8217;Or<\/strong> alberga <strong>siete calas principales<\/strong>, entre ellas <strong>Cala Gran, Cala Esmeralda, Cala Ferrera, Cala Serena, Cala d&#8217;Or, Cala Egos<\/strong> y <strong>Cala Llonga<\/strong>, adem\u00e1s de otras peque\u00f1as ensenadas de f\u00e1cil acceso desde el centro y alrededores.<\/p>\n<h3>\u00bfQu\u00e9 significa cala d&#8217;or?<\/h3>\n<p>El nombre <strong>Cala d&#8217;Or<\/strong> procede del catal\u00e1n y significa \u00ab<strong>Cala Dorada<\/strong>\u00ab, en referencia a los <strong>brillantes reflejos dorados<\/strong> que el sol proyecta sobre la arena y las aguas cristalinas de sus playas.<\/p>\n<p><script type=\"application\/ld+json\">{\"@context\":\"https:\/\/schema.org\",\"@type\":\"BlogPosting\",\"mainEntityOfPage\":{\"@type\":\"WebPage\",\"@id\":\"https:\/\/surmasterprojects.com\/es-forti-cala-dor-que-ver-como-visitar-consejos\/\"},\"headline\":\"Es Fort\u00ed de Cala d'Or: qu\u00e9 ver, c\u00f3mo visitar y consejos imprescindibles\",\"description\":\"Descubre Es Fort\u00ed en Cala d'Or: una hist\u00f3rica fortaleza junto al mar, cerca de Cala Llonga y el puerto. Disfruta de vistas espectaculares y consejos \u00fatiles para visitar este imprescindible paseo desde el centro de Cala Egos.\",\"image\":[\"https:\/\/surmasterprojects.com\/es\/image-es-forty-de-cala-dor-3\/\"],\"datePublished\":\"2025-06-23T12:31:44.244Z\",\"dateModified\":\"2025-06-23T12:31:44.244Z\"}<\/script><\/p>\n","protected":false},"excerpt":{"rendered":"<p>\u00bfQu\u00e9 es Es Fort\u00ed de Cala d&#8217;Or? Origen e historia de la fortaleza Es Fort\u00ed de Cala d&#8217;Or es una hist\u00f3rica fortaleza costera situada en el sureste de Mallorca, en uno de los extremos m\u00e1s bellos del litoral de Cala d&#8217;Or. Construido en el siglo XVIII, Es Fort\u00ed fue erigido como un punto defensivo estrat\u00e9gico [&hellip;]<\/p>\n","protected":false},"author":1,"featured_media":9237,"comment_status":"open","ping_status":"open","sticky":false,"template":"","format":"standard","meta":{"_et_pb_use_builder":"","_et_pb_old_content":"","_et_gb_content_width":"1080","footnotes":""},"categories":[1],"tags":[],"class_list":["post-9241","post","type-post","status-publish","format-standard","has-post-thumbnail","hentry","category-cala-dor-guia-completa"],"yoast_head":"<!-- This site is optimized with the Yoast SEO plugin v27.4 - https:\/\/yoast.com\/product\/yoast-seo-wordpress\/ -->\n<title>Surmaster Projects<\/title>\n<meta name=\"robots\" content=\"index, follow, max-snippet:-1, max-image-preview:large, max-video-preview:-1\" \/>\n<link rel=\"canonical\" href=\"https:\/\/surmasterprojects.com\/en\/blog\/es-forti-cala-dor-que-ver-como-visitar-consejos\/\" \/>\n<meta property=\"og:locale\" content=\"en_GB\" \/>\n<meta property=\"og:type\" content=\"article\" \/>\n<meta property=\"og:description\" content=\"\u00bfQu\u00e9 es Es Fort\u00ed de Cala d&#8217;Or? Origen e historia de la fortaleza Es Fort\u00ed de Cala d&#8217;Or es una hist\u00f3rica fortaleza costera situada en el sureste de Mallorca, en uno de los extremos m\u00e1s bellos del litoral de Cala d&#8217;Or. Construido en el siglo XVIII, Es Fort\u00ed fue erigido como un punto defensivo estrat\u00e9gico [&hellip;]\" \/>\n<meta property=\"og:url\" content=\"https:\/\/surmasterprojects.com\/en\/blog\/es-forti-cala-dor-que-ver-como-visitar-consejos\/\" \/>\n<meta property=\"og:site_name\" content=\"Surmaster Projects\" \/>\n<meta property=\"article:published_time\" content=\"2025-06-23T12:31:44+00:00\" \/>\n<meta property=\"article:modified_time\" content=\"2025-10-09T11:43:34+00:00\" \/>\n<meta property=\"og:image\" content=\"https:\/\/surmasterprojects.com\/wp-content\/uploads\/2025\/06\/image-Es-Forty-de-Cala-dOr-scaled.jpg\" \/>\n\t<meta property=\"og:image:width\" content=\"2560\" \/>\n\t<meta property=\"og:image:height\" content=\"1707\" \/>\n\t<meta property=\"og:image:type\" content=\"image\/jpeg\" \/>\n<meta name=\"author\" content=\"admin\" \/>\n<meta name=\"twitter:card\" content=\"summary_large_image\" \/>\n<meta name=\"twitter:label1\" content=\"Written by\" \/>\n\t<meta name=\"twitter:data1\" content=\"admin\" \/>\n\t<meta name=\"twitter:label2\" content=\"Estimated reading time\" \/>\n\t<meta name=\"twitter:data2\" content=\"9 minutes\" \/>\n<script type=\"application\/ld+json\" class=\"yoast-schema-graph\">{\"@context\":\"https:\\\/\\\/schema.org\",\"@graph\":[{\"@type\":\"Article\",\"@id\":\"https:\\\/\\\/surmasterprojects.com\\\/blog\\\/es-forti-cala-dor-que-ver-como-visitar-consejos\\\/#article\",\"isPartOf\":{\"@id\":\"https:\\\/\\\/surmasterprojects.com\\\/blog\\\/es-forti-cala-dor-que-ver-como-visitar-consejos\\\/\"},\"author\":{\"name\":\"admin\",\"@id\":\"https:\\\/\\\/surmasterprojects.com\\\/es\\\/#\\\/schema\\\/person\\\/e91face8d14f85c1a1e8281796c8dc8f\"},\"headline\":\"Es Fort\u00ed de Cala d&#8217;Or: qu\u00e9 ver, c\u00f3mo visitar y consejos imprescindibles\",\"datePublished\":\"2025-06-23T12:31:44+00:00\",\"dateModified\":\"2025-10-09T11:43:34+00:00\",\"mainEntityOfPage\":{\"@id\":\"https:\\\/\\\/surmasterprojects.com\\\/blog\\\/es-forti-cala-dor-que-ver-como-visitar-consejos\\\/\"},\"wordCount\":1708,\"commentCount\":0,\"publisher\":{\"@id\":\"https:\\\/\\\/surmasterprojects.com\\\/es\\\/#organization\"},\"image\":{\"@id\":\"https:\\\/\\\/surmasterprojects.com\\\/blog\\\/es-forti-cala-dor-que-ver-como-visitar-consejos\\\/#primaryimage\"},\"thumbnailUrl\":\"https:\\\/\\\/surmasterprojects.com\\\/wp-content\\\/uploads\\\/2025\\\/06\\\/image-Es-Forty-de-Cala-dOr-scaled.jpg\",\"articleSection\":[\"Cala d'Or: Gu\u00eda Completa\"],\"inLanguage\":\"en-GB\",\"potentialAction\":[{\"@type\":\"CommentAction\",\"name\":\"Comment\",\"target\":[\"https:\\\/\\\/surmasterprojects.com\\\/blog\\\/es-forti-cala-dor-que-ver-como-visitar-consejos\\\/#respond\"]}]},{\"@type\":\"WebPage\",\"@id\":\"https:\\\/\\\/surmasterprojects.com\\\/blog\\\/es-forti-cala-dor-que-ver-como-visitar-consejos\\\/\",\"url\":\"https:\\\/\\\/surmasterprojects.com\\\/blog\\\/es-forti-cala-dor-que-ver-como-visitar-consejos\\\/\",\"name\":\"\",\"isPartOf\":{\"@id\":\"https:\\\/\\\/surmasterprojects.com\\\/es\\\/#website\"},\"primaryImageOfPage\":{\"@id\":\"https:\\\/\\\/surmasterprojects.com\\\/blog\\\/es-forti-cala-dor-que-ver-como-visitar-consejos\\\/#primaryimage\"},\"image\":{\"@id\":\"https:\\\/\\\/surmasterprojects.com\\\/blog\\\/es-forti-cala-dor-que-ver-como-visitar-consejos\\\/#primaryimage\"},\"thumbnailUrl\":\"https:\\\/\\\/surmasterprojects.com\\\/wp-content\\\/uploads\\\/2025\\\/06\\\/image-Es-Forty-de-Cala-dOr-scaled.jpg\",\"datePublished\":\"2025-06-23T12:31:44+00:00\",\"dateModified\":\"2025-10-09T11:43:34+00:00\",\"breadcrumb\":{\"@id\":\"https:\\\/\\\/surmasterprojects.com\\\/blog\\\/es-forti-cala-dor-que-ver-como-visitar-consejos\\\/#breadcrumb\"},\"inLanguage\":\"en-GB\",\"potentialAction\":[{\"@type\":\"ReadAction\",\"target\":[\"https:\\\/\\\/surmasterprojects.com\\\/blog\\\/es-forti-cala-dor-que-ver-como-visitar-consejos\\\/\"]}]},{\"@type\":\"ImageObject\",\"inLanguage\":\"en-GB\",\"@id\":\"https:\\\/\\\/surmasterprojects.com\\\/blog\\\/es-forti-cala-dor-que-ver-como-visitar-consejos\\\/#primaryimage\",\"url\":\"https:\\\/\\\/surmasterprojects.com\\\/wp-content\\\/uploads\\\/2025\\\/06\\\/image-Es-Forty-de-Cala-dOr-scaled.jpg\",\"contentUrl\":\"https:\\\/\\\/surmasterprojects.com\\\/wp-content\\\/uploads\\\/2025\\\/06\\\/image-Es-Forty-de-Cala-dOr-scaled.jpg\",\"width\":2560,\"height\":1707},{\"@type\":\"BreadcrumbList\",\"@id\":\"https:\\\/\\\/surmasterprojects.com\\\/blog\\\/es-forti-cala-dor-que-ver-como-visitar-consejos\\\/#breadcrumb\",\"itemListElement\":[{\"@type\":\"ListItem\",\"position\":1,\"name\":\"Portada\",\"item\":\"https:\\\/\\\/surmasterprojects.com\\\/es\\\/\"},{\"@type\":\"ListItem\",\"position\":2,\"name\":\"Es Fort\u00ed de Cala d&#8217;Or: qu\u00e9 ver, c\u00f3mo visitar y consejos imprescindibles\"}]},{\"@type\":\"WebSite\",\"@id\":\"https:\\\/\\\/surmasterprojects.com\\\/es\\\/#website\",\"url\":\"https:\\\/\\\/surmasterprojects.com\\\/es\\\/\",\"name\":\"Surmaster Projects\",\"description\":\"\",\"publisher\":{\"@id\":\"https:\\\/\\\/surmasterprojects.com\\\/es\\\/#organization\"},\"potentialAction\":[{\"@type\":\"SearchAction\",\"target\":{\"@type\":\"EntryPoint\",\"urlTemplate\":\"https:\\\/\\\/surmasterprojects.com\\\/es\\\/?s={search_term_string}\"},\"query-input\":{\"@type\":\"PropertyValueSpecification\",\"valueRequired\":true,\"valueName\":\"search_term_string\"}}],\"inLanguage\":\"en-GB\"},{\"@type\":\"Organization\",\"@id\":\"https:\\\/\\\/surmasterprojects.com\\\/es\\\/#organization\",\"name\":\"Surmaster Projects\",\"url\":\"https:\\\/\\\/surmasterprojects.com\\\/es\\\/\",\"logo\":{\"@type\":\"ImageObject\",\"inLanguage\":\"en-GB\",\"@id\":\"https:\\\/\\\/surmasterprojects.com\\\/es\\\/#\\\/schema\\\/logo\\\/image\\\/\",\"url\":\"https:\\\/\\\/surmasterprojects.com\\\/wp-content\\\/uploads\\\/2022\\\/04\\\/cropped-Logo_GrupoSurmaster_negativo.png\",\"contentUrl\":\"https:\\\/\\\/surmasterprojects.com\\\/wp-content\\\/uploads\\\/2022\\\/04\\\/cropped-Logo_GrupoSurmaster_negativo.png\",\"width\":512,\"height\":512,\"caption\":\"Surmaster Projects\"},\"image\":{\"@id\":\"https:\\\/\\\/surmasterprojects.com\\\/es\\\/#\\\/schema\\\/logo\\\/image\\\/\"}},{\"@type\":\"Person\",\"@id\":\"https:\\\/\\\/surmasterprojects.com\\\/es\\\/#\\\/schema\\\/person\\\/e91face8d14f85c1a1e8281796c8dc8f\",\"name\":\"admin\",\"image\":{\"@type\":\"ImageObject\",\"inLanguage\":\"en-GB\",\"@id\":\"https:\\\/\\\/surmasterprojects.com\\\/wp-content\\\/litespeed\\\/avatar\\\/891d1cd506ea39e67ffae4cde18491f4.jpg?ver=1776813681\",\"url\":\"https:\\\/\\\/surmasterprojects.com\\\/wp-content\\\/litespeed\\\/avatar\\\/891d1cd506ea39e67ffae4cde18491f4.jpg?ver=1776813681\",\"contentUrl\":\"https:\\\/\\\/surmasterprojects.com\\\/wp-content\\\/litespeed\\\/avatar\\\/891d1cd506ea39e67ffae4cde18491f4.jpg?ver=1776813681\",\"caption\":\"admin\"},\"sameAs\":[\"http:\\\/\\\/surmasterprojects.com\"]}]}<\/script>\n<!-- \/ Yoast SEO plugin. -->","yoast_head_json":{"title":"Surmaster Projects","robots":{"index":"index","follow":"follow","max-snippet":"max-snippet:-1","max-image-preview":"max-image-preview:large","max-video-preview":"max-video-preview:-1"},"canonical":"https:\/\/surmasterprojects.com\/en\/blog\/es-forti-cala-dor-que-ver-como-visitar-consejos\/","og_locale":"en_GB","og_type":"article","og_description":"\u00bfQu\u00e9 es Es Fort\u00ed de Cala d&#8217;Or? Origen e historia de la fortaleza Es Fort\u00ed de Cala d&#8217;Or es una hist\u00f3rica fortaleza costera situada en el sureste de Mallorca, en uno de los extremos m\u00e1s bellos del litoral de Cala d&#8217;Or. Construido en el siglo XVIII, Es Fort\u00ed fue erigido como un punto defensivo estrat\u00e9gico [&hellip;]","og_url":"https:\/\/surmasterprojects.com\/en\/blog\/es-forti-cala-dor-que-ver-como-visitar-consejos\/","og_site_name":"Surmaster Projects","article_published_time":"2025-06-23T12:31:44+00:00","article_modified_time":"2025-10-09T11:43:34+00:00","og_image":[{"width":2560,"height":1707,"url":"https:\/\/surmasterprojects.com\/wp-content\/uploads\/2025\/06\/image-Es-Forty-de-Cala-dOr-scaled.jpg","type":"image\/jpeg"}],"author":"admin","twitter_card":"summary_large_image","twitter_misc":{"Written by":"admin","Estimated reading time":"9 minutes"},"schema":{"@context":"https:\/\/schema.org","@graph":[{"@type":"Article","@id":"https:\/\/surmasterprojects.com\/blog\/es-forti-cala-dor-que-ver-como-visitar-consejos\/#article","isPartOf":{"@id":"https:\/\/surmasterprojects.com\/blog\/es-forti-cala-dor-que-ver-como-visitar-consejos\/"},"author":{"name":"admin","@id":"https:\/\/surmasterprojects.com\/es\/#\/schema\/person\/e91face8d14f85c1a1e8281796c8dc8f"},"headline":"Es Fort\u00ed de Cala d&#8217;Or: qu\u00e9 ver, c\u00f3mo visitar y consejos imprescindibles","datePublished":"2025-06-23T12:31:44+00:00","dateModified":"2025-10-09T11:43:34+00:00","mainEntityOfPage":{"@id":"https:\/\/surmasterprojects.com\/blog\/es-forti-cala-dor-que-ver-como-visitar-consejos\/"},"wordCount":1708,"commentCount":0,"publisher":{"@id":"https:\/\/surmasterprojects.com\/es\/#organization"},"image":{"@id":"https:\/\/surmasterprojects.com\/blog\/es-forti-cala-dor-que-ver-como-visitar-consejos\/#primaryimage"},"thumbnailUrl":"https:\/\/surmasterprojects.com\/wp-content\/uploads\/2025\/06\/image-Es-Forty-de-Cala-dOr-scaled.jpg","articleSection":["Cala d'Or: Gu\u00eda Completa"],"inLanguage":"en-GB","potentialAction":[{"@type":"CommentAction","name":"Comment","target":["https:\/\/surmasterprojects.com\/blog\/es-forti-cala-dor-que-ver-como-visitar-consejos\/#respond"]}]},{"@type":"WebPage","@id":"https:\/\/surmasterprojects.com\/blog\/es-forti-cala-dor-que-ver-como-visitar-consejos\/","url":"https:\/\/surmasterprojects.com\/blog\/es-forti-cala-dor-que-ver-como-visitar-consejos\/","name":"","isPartOf":{"@id":"https:\/\/surmasterprojects.com\/es\/#website"},"primaryImageOfPage":{"@id":"https:\/\/surmasterprojects.com\/blog\/es-forti-cala-dor-que-ver-como-visitar-consejos\/#primaryimage"},"image":{"@id":"https:\/\/surmasterprojects.com\/blog\/es-forti-cala-dor-que-ver-como-visitar-consejos\/#primaryimage"},"thumbnailUrl":"https:\/\/surmasterprojects.com\/wp-content\/uploads\/2025\/06\/image-Es-Forty-de-Cala-dOr-scaled.jpg","datePublished":"2025-06-23T12:31:44+00:00","dateModified":"2025-10-09T11:43:34+00:00","breadcrumb":{"@id":"https:\/\/surmasterprojects.com\/blog\/es-forti-cala-dor-que-ver-como-visitar-consejos\/#breadcrumb"},"inLanguage":"en-GB","potentialAction":[{"@type":"ReadAction","target":["https:\/\/surmasterprojects.com\/blog\/es-forti-cala-dor-que-ver-como-visitar-consejos\/"]}]},{"@type":"ImageObject","inLanguage":"en-GB","@id":"https:\/\/surmasterprojects.com\/blog\/es-forti-cala-dor-que-ver-como-visitar-consejos\/#primaryimage","url":"https:\/\/surmasterprojects.com\/wp-content\/uploads\/2025\/06\/image-Es-Forty-de-Cala-dOr-scaled.jpg","contentUrl":"https:\/\/surmasterprojects.com\/wp-content\/uploads\/2025\/06\/image-Es-Forty-de-Cala-dOr-scaled.jpg","width":2560,"height":1707},{"@type":"BreadcrumbList","@id":"https:\/\/surmasterprojects.com\/blog\/es-forti-cala-dor-que-ver-como-visitar-consejos\/#breadcrumb","itemListElement":[{"@type":"ListItem","position":1,"name":"Portada","item":"https:\/\/surmasterprojects.com\/es\/"},{"@type":"ListItem","position":2,"name":"Es Fort\u00ed de Cala d&#8217;Or: qu\u00e9 ver, c\u00f3mo visitar y consejos imprescindibles"}]},{"@type":"WebSite","@id":"https:\/\/surmasterprojects.com\/es\/#website","url":"https:\/\/surmasterprojects.com\/es\/","name":"Surmaster Projects","description":"","publisher":{"@id":"https:\/\/surmasterprojects.com\/es\/#organization"},"potentialAction":[{"@type":"SearchAction","target":{"@type":"EntryPoint","urlTemplate":"https:\/\/surmasterprojects.com\/es\/?s={search_term_string}"},"query-input":{"@type":"PropertyValueSpecification","valueRequired":true,"valueName":"search_term_string"}}],"inLanguage":"en-GB"},{"@type":"Organization","@id":"https:\/\/surmasterprojects.com\/es\/#organization","name":"Surmaster Projects","url":"https:\/\/surmasterprojects.com\/es\/","logo":{"@type":"ImageObject","inLanguage":"en-GB","@id":"https:\/\/surmasterprojects.com\/es\/#\/schema\/logo\/image\/","url":"https:\/\/surmasterprojects.com\/wp-content\/uploads\/2022\/04\/cropped-Logo_GrupoSurmaster_negativo.png","contentUrl":"https:\/\/surmasterprojects.com\/wp-content\/uploads\/2022\/04\/cropped-Logo_GrupoSurmaster_negativo.png","width":512,"height":512,"caption":"Surmaster Projects"},"image":{"@id":"https:\/\/surmasterprojects.com\/es\/#\/schema\/logo\/image\/"}},{"@type":"Person","@id":"https:\/\/surmasterprojects.com\/es\/#\/schema\/person\/e91face8d14f85c1a1e8281796c8dc8f","name":"admin","image":{"@type":"ImageObject","inLanguage":"en-GB","@id":"https:\/\/surmasterprojects.com\/wp-content\/litespeed\/avatar\/891d1cd506ea39e67ffae4cde18491f4.jpg?ver=1776813681","url":"https:\/\/surmasterprojects.com\/wp-content\/litespeed\/avatar\/891d1cd506ea39e67ffae4cde18491f4.jpg?ver=1776813681","contentUrl":"https:\/\/surmasterprojects.com\/wp-content\/litespeed\/avatar\/891d1cd506ea39e67ffae4cde18491f4.jpg?ver=1776813681","caption":"admin"},"sameAs":["http:\/\/surmasterprojects.com"]}]}},"_links":{"self":[{"href":"https:\/\/surmasterprojects.com\/en\/wp-json\/wp\/v2\/posts\/9241","targetHints":{"allow":["GET"]}}],"collection":[{"href":"https:\/\/surmasterprojects.com\/en\/wp-json\/wp\/v2\/posts"}],"about":[{"href":"https:\/\/surmasterprojects.com\/en\/wp-json\/wp\/v2\/types\/post"}],"author":[{"embeddable":true,"href":"https:\/\/surmasterprojects.com\/en\/wp-json\/wp\/v2\/users\/1"}],"replies":[{"embeddable":true,"href":"https:\/\/surmasterprojects.com\/en\/wp-json\/wp\/v2\/comments?post=9241"}],"version-history":[{"count":1,"href":"https:\/\/surmasterprojects.com\/en\/wp-json\/wp\/v2\/posts\/9241\/revisions"}],"predecessor-version":[{"id":9291,"href":"https:\/\/surmasterprojects.com\/en\/wp-json\/wp\/v2\/posts\/9241\/revisions\/9291"}],"wp:featuredmedia":[{"embeddable":true,"href":"https:\/\/surmasterprojects.com\/en\/wp-json\/wp\/v2\/media\/9237"}],"wp:attachment":[{"href":"https:\/\/surmasterprojects.com\/en\/wp-json\/wp\/v2\/media?parent=9241"}],"wp:term":[{"taxonomy":"category","embeddable":true,"href":"https:\/\/surmasterprojects.com\/en\/wp-json\/wp\/v2\/categories?post=9241"},{"taxonomy":"post_tag","embeddable":true,"href":"https:\/\/surmasterprojects.com\/en\/wp-json\/wp\/v2\/tags?post=9241"}],"curies":[{"name":"wp","href":"https:\/\/api.w.org\/{rel}","templated":true}]}}