{"id":9295,"date":"2025-10-09T11:58:42","date_gmt":"2025-10-09T11:58:42","guid":{"rendered":"https:\/\/surmasterprojects.com\/?p=9295"},"modified":"2025-11-07T11:17:25","modified_gmt":"2025-11-07T11:17:25","slug":"los-pueblos-mas-bonitos-de-mallorca","status":"publish","type":"post","link":"https:\/\/surmasterprojects.com\/en\/blog\/los-pueblos-mas-bonitos-de-mallorca\/","title":{"rendered":"The Most Beautiful Villages in Mallorca"},"content":{"rendered":"<p class=\"translation-block\">Mallorca is much more than turquoise beaches and dreamy coves. The island hides a network of charming villages full of history, tradition, and breathtaking scenery. From the fishing atmosphere of the eastern coast to the stone-built villages of the Serra de Tramuntana, every corner has its own character.\nIn this guide, we\u2019ll show you the most beautiful villages in Mallorca, with a special focus on Portocolom and Cala d\u2019Or, two gems on the island\u2019s east coast that perfectly blend sea, gastronomy, and authentic Mediterranean charm.<\/p>\n\n\n\n<h2 class=\"wp-block-heading\">Discover the Authentic Charm of Mallorca\u2019s Villages<\/h2>\n\n\n\n<p class=\"translation-block\">Exploring the villages of Mallorca means discovering the island\u2019s most genuine side. Each town offers a relaxed pace of life, traditional architecture, and a cuisine rooted in local heritage.\nThe east coast, home to Portocolom and Cala d\u2019Or, showcases the calmest and sunniest Mediterranean landscapes, while the Serra de Tramuntana reveals mountain villages that feel frozen in time.<\/p>\n\n\n\n<h2 class=\"wp-block-heading\">Consejos para recorrer los pueblos m\u00e1s bonitos de Mallorca<\/h2>\n\n\n\n<h3 class=\"wp-block-heading\">How to Get Around Mallorca<\/h3>\n\n\n\n<p>Renting a car is the best way to explore the island freely. Roads are in great condition, allowing you to easily combine coastal and inland routes. If you don\u2019t drive, there are local buses \u2014 though schedules can be limited, especially in rural areas.<\/p>\n\n\n\n<h3 class=\"wp-block-heading\">How Many Days You Need<\/h3>\n\n\n\n<p class=\"translation-block\">With four or five days, you can enjoy several villages at a relaxed pace. If you have more time, consider staying in different areas: one night by the sea in Portocolom, another in Cala d\u2019Or, and a few more in the Tramuntana mountains.<\/p>\n\n\n\n<h3 class=\"wp-block-heading\">Best Time to Visit<\/h3>\n\n\n\n<p>Spring and autumn offer mild weather and fewer tourists \u2014 perfect for exploring. In summer, coastal villages like Cala d\u2019Or and Portocolom come alive with festivals, night markets, and waterfront terraces.<\/p>\n\n\n\n<h2 class=\"wp-block-heading\">The Most Beautiful Villages in Mallorca You Can\u2019t Miss<\/h2>\n\n\n\n<h3 class=\"wp-block-heading\">Portocolom \u2013 The Most Beautiful Natural Harbor in Mallorca<\/h3>\n\n\n\n<p>Portocolom is one of the island\u2019s most authentic fishing villages. Its natural harbor, colorful houses, and lighthouse overlooking the bay create a truly picturesque Mediterranean scene. Unlike more touristy areas, Portocolom retains its maritime essence, with lla\u00fcts (traditional fishing boats) docked by the pier and locals still living off the sea.<\/p>\n\n\n\n<figure class=\"wp-block-image size-full\"><img loading=\"lazy\" decoding=\"async\" width=\"1024\" height=\"585\" src=\"https:\/\/surmasterprojects.com\/wp-content\/uploads\/2024\/02\/faro-portocolom-2.jpg\" alt=\"\" class=\"wp-image-8172\" srcset=\"https:\/\/surmasterprojects.com\/wp-content\/uploads\/2024\/02\/faro-portocolom-2.jpg 1024w, https:\/\/surmasterprojects.com\/wp-content\/uploads\/2024\/02\/faro-portocolom-2-980x560.jpg 980w, https:\/\/surmasterprojects.com\/wp-content\/uploads\/2024\/02\/faro-portocolom-2-480x274.jpg 480w\" sizes=\"(min-width: 0px) and (max-width: 480px) 480px, (min-width: 481px) and (max-width: 980px) 980px, (min-width: 981px) 1024px, 100vw\" \/><\/figure>\n\n\n\n<h4 class=\"wp-block-heading\">What to See in Portocolom<\/h4>\n\n\n\n<p class=\"translation-block\">Stroll through the Old Port, where time seems to stand still. The pastel fa\u00e7ades and shimmering reflections on the water create a unique atmosphere. Climb up to Sa Punta Lighthouse for panoramic views of the bay, and visit S\u2019Arenal Gran and S\u2019Arenal Petit, two peaceful beaches perfect for swimming and sunbathing.<\/p>\n\n\n\n<p class=\"translation-block\">Don\u2019t miss the Church of Mare de D\u00e9u del Carme, patron saint of sailors, or the Es Riuet\u00f3 viewpoint, offering some of the best views of the harbor.<\/p>\n\n\n\n<h4 class=\"wp-block-heading\">Where to Eat by the Sea<\/h4>\n\n\n\n<p class=\"translation-block\">For a meal with views, <strong><a href=\"https:\/\/www.hostalportocolom.com\/en\/\" target=\"_self\">Hostal HPC Portocolom<\/a><\/strong> is a top choice, serving Mediterranean dishes made with local products in a relaxed yet elegant setting. Another excellent option is Babbo Portocolom, known for its modern touch and warm service a favorite among locals and visitors alike.<\/p>\n\n\n\n<p class=\"translation-block\">After dinner, head to Blue &amp; Drinks, a stylish cocktail bar with a charming terrace and a vibrant atmosphere.<\/p>\n\n\n\n<h4 class=\"wp-block-heading\">Where to Stay in Portocolom<\/h4>\n\n\n\n<p class=\"translation-block\">The <strong><a href=\"https:\/\/www.hostalportocolom.com\/en\/\" target=\"_self\">Hostal HPC Portocolom<\/a><\/strong>, located right by the sea, offers bright rooms, a lovely terrace, and an excellent restaurant \u2014 perfect for travelers seeking peace and comfort.<\/p>\n\n\n\n<h3 class=\"wp-block-heading\">Cala d\u2019Or \u2013 Mediterranean Elegance Among Turquoise Coves<\/h3>\n\n\n\n<p>Cala d\u2019Or is a true jewel on Mallorca\u2019s east coast. Its whitewashed Ibizan-style architecture and network of small, crystal-clear coves make it an ideal destination for those seeking relaxation, sea views, and a touch of elegance.\nIts pedestrian streets lined with boutiques and terraces give it a cosmopolitan yet unmistakably Mediterranean vibe.<\/p>\n\n\n\n<figure class=\"wp-block-image size-large is-resized\"><img loading=\"lazy\" decoding=\"async\" width=\"1024\" height=\"576\" src=\"https:\/\/surmasterprojects.com\/wp-content\/uploads\/2024\/02\/calador-vistas-aereas-1024x576.jpeg\" alt=\"\" class=\"wp-image-8179\" style=\"width:1012px;height:auto\" srcset=\"https:\/\/surmasterprojects.com\/wp-content\/uploads\/2024\/02\/calador-vistas-aereas-1024x576.jpeg 1024w, https:\/\/surmasterprojects.com\/wp-content\/uploads\/2024\/02\/calador-vistas-aereas-980x551.jpeg 980w, https:\/\/surmasterprojects.com\/wp-content\/uploads\/2024\/02\/calador-vistas-aereas-480x270.jpeg 480w\" sizes=\"(min-width: 0px) and (max-width: 480px) 480px, (min-width: 481px) and (max-width: 980px) 980px, (min-width: 981px) 1024px, 100vw\" \/><\/figure>\n\n\n\n<h4 class=\"wp-block-heading\">Top Things to Do in Cala d\u2019Or<\/h4>\n\n\n\n<p class=\"translation-block\">Spend a day exploring its best-known coves \u2014 Cala Gran, Cala Ferrera, Cala Esmeralda, and Cala Serena \u2014 all within walking distance and perfect for swimming or paddleboarding.\nStroll along the marina, one of the prettiest in southern Mallorca, and walk up to Cala Egos Lighthouse at sunset for unforgettable views.<\/p>\n\n\n\n<p>At night, the marina comes alive with bars, restaurants, and live music.<\/p>\n\n\n\n<h4 class=\"wp-block-heading\">Best Restaurants in Cala d\u2019Or<\/h4>\n\n\n\n<p class=\"translation-block\">For fine dining, <strong><a href=\"https:\/\/www.bocanacalador.com\/en\/\" target=\"_self\">Restaurante Bocana<\/a><\/strong>, located by the marina, offers modern Mediterranean cuisine and fresh seafood. Other great options include <strong><a href=\"https:\/\/www.donleonecalador.com\/\" target=\"_self\">Don Leone<\/a><\/strong>, known for its family-friendly atmosphere, and <strong><a href=\"https:\/\/restaurantesivina.com\/en\/\" target=\"_self\">Sivina<\/a><\/strong>, perfect for a quiet dinner surrounded by pine trees and sea breeze.\nMexican food lovers should try <strong><a href=\"https:\/\/restaurantetacospatron.com\/en\/\" target=\"_self\">Tacos Patr\u00f3n<\/a><\/strong>, rated among the best Mexican restaurants in Mallorca.\nAfter dinner, don\u2019t miss <strong><a href=\"https:\/\/www.pubdugans.com\/en\/\" target=\"_self\">Dugans Irish Pub<\/a><\/strong>, a local classic famous for its live music and fun atmosphere.<\/p>\n\n\n\n<h4 class=\"wp-block-heading\">Where to Stay in Cala d\u2019Or<\/h4>\n\n\n\n<p class=\"translation-block\"><strong><a href=\"https:\/\/www.hoteldor.com\/en\" target=\"_self\">Hotel d\u2019Or<\/a><\/strong> is one of the best options thanks to its central location and cozy atmosphere. Just a short walk from the port, coves, and nightlife \u2014 perfect if you want everything close at hand.<\/p>\n\n\n\n<h3 class=\"wp-block-heading\">Valldemossa \u2013 History, Art &amp; Tradition in the Tramuntana<\/h3>\n\n\n\n<p class=\"translation-block\">Valldemossa es uno de los pueblos m\u00e1s emblem\u00e1ticos de Mallorca. Situado en pleno coraz\u00f3n de la <strong>Serra de Tramuntana<\/strong>, Patrimonio de la Humanidad, conserva el encanto de la arquitectura tradicional mallorquina con calles empedradas, balcones floridos y casas de piedra dorada.<\/p>\n\n\n\n<figure class=\"wp-block-image size-full is-resized\"><img loading=\"lazy\" decoding=\"async\" width=\"791\" height=\"522\" src=\"https:\/\/surmasterprojects.com\/wp-content\/uploads\/2024\/11\/valldemossa-mallorca.png\" alt=\"\" class=\"wp-image-9012\" style=\"width:924px;height:auto\" srcset=\"https:\/\/surmasterprojects.com\/wp-content\/uploads\/2024\/11\/valldemossa-mallorca.png 791w, https:\/\/surmasterprojects.com\/wp-content\/uploads\/2024\/11\/valldemossa-mallorca-480x317.png 480w\" sizes=\"(min-width: 0px) and (max-width: 480px) 480px, (min-width: 481px) 791px, 100vw\" \/><\/figure>\n\n\n\n<h4 class=\"wp-block-heading\">What to See in Valldemossa<\/h4>\n\n\n\n<p class=\"translation-block\">The Charterhouse of Valldemossa is its most famous monument \u2014 the place where composer Fr\u00e9d\u00e9ric Chopin and writer George Sand spent the winter of 1838. You can visit their former rooms, personal belongings, and a small museum.\nWander through the old town filled with artisan shops and quaint caf\u00e9s, and head to Lledoners Viewpoint for one of the best views of the valley.\nBefore you leave, try the famous \u201ccoca de patata\u201d with hot chocolate \u2014 a true Mallorcan treat.<\/p>\n\n\n\n<h3 class=\"wp-block-heading\">Dei\u00e0 \u2013 The Bohemian Haven of Artists<\/h3>\n\n\n\n<p>Perched between mountains and sea, Dei\u00e0 is a small village that has captivated artists, writers, and musicians since the early 20th century. Today, it remains a symbol of Mallorca\u2019s bohemian spirit.<\/p>\n\n\n\n<figure class=\"wp-block-image size-full is-resized\"><img loading=\"lazy\" decoding=\"async\" width=\"787\" height=\"477\" src=\"https:\/\/surmasterprojects.com\/wp-content\/uploads\/2024\/11\/deia-mallorca.png\" alt=\"\" class=\"wp-image-9013\" style=\"width:1015px;height:auto\" srcset=\"https:\/\/surmasterprojects.com\/wp-content\/uploads\/2024\/11\/deia-mallorca.png 787w, https:\/\/surmasterprojects.com\/wp-content\/uploads\/2024\/11\/deia-mallorca-480x291.png 480w\" sizes=\"(min-width: 0px) and (max-width: 480px) 480px, (min-width: 481px) 787px, 100vw\" \/><\/figure>\n\n\n\n<h4 class=\"wp-block-heading\">What to See in Dei\u00e0<\/h4>\n\n\n\n<p class=\"translation-block\">Start at the Robert Graves House Museum, where the British poet lived and wrote until his death. Wander through its narrow stone streets to the Church of Sant Joan Baptista, perched high with panoramic views.\nDon\u2019t miss the descent to Cala Dei\u00e0, a rocky cove surrounded by cliffs, perfect for swimming or enjoying fresh seafood right by the water.<\/p>\n\n\n\n<h3 class=\"wp-block-heading\">S\u00f3ller \u2013 Orange Groves &amp; Modernist Architecture<\/h3>\n\n\n\n<p>Nestled in a fertile valley filled with orange trees, S\u00f3ller combines elegant modernist architecture with the charm of traditional Mallorcan life.<\/p>\n\n\n\n<figure class=\"wp-block-image size-large is-resized\"><img loading=\"lazy\" decoding=\"async\" width=\"1217\" height=\"685\" src=\"https:\/\/surmasterprojects.com\/wp-content\/uploads\/2025\/11\/train-soller-edited.png\" alt=\"\" class=\"wp-image-9362\" style=\"width:1018px;height:auto\" srcset=\"https:\/\/surmasterprojects.com\/wp-content\/uploads\/2025\/11\/train-soller-edited.png 1217w, https:\/\/surmasterprojects.com\/wp-content\/uploads\/2025\/11\/train-soller-edited-980x552.png 980w, https:\/\/surmasterprojects.com\/wp-content\/uploads\/2025\/11\/train-soller-edited-480x270.png 480w\" sizes=\"(min-width: 0px) and (max-width: 480px) 480px, (min-width: 481px) and (max-width: 980px) 980px, (min-width: 981px) 1217px, 100vw\" \/><\/figure>\n\n\n\n<h4 class=\"wp-block-heading\">What to See in S\u00f3ller<\/h4>\n\n\n\n<p class=\"translation-block\">Begin at Pla\u00e7a de la Constituci\u00f3, the lively town square home to Sant Bartomeu Church and the modernist Banco de S\u00f3ller, designed by Joan Rubi\u00f3, a disciple of Gaud\u00ed.\nFrom there, take the historic wooden tram down to Port de S\u00f3ller \u2014 a must-do experience connecting the town with the sea.\nDon\u2019t leave without visiting the Botanical Garden or sipping a fresh orange juice on a sunny terrace.<\/p>\n\n\n\n<h3 class=\"wp-block-heading\">Fornalutx \u2013 The Most Picturesque Village in the Tramuntana<\/h3>\n\n\n\n<p class=\"translation-block\">Just minutes from S\u00f3ller, Fornalutx is often ranked among the most beautiful villages in Spain. Its stone-paved streets, terracotta roofs, and floral alleys make it a delight to explore slowly.<\/p>\n\n\n\n<figure class=\"wp-block-image size-large\"><img loading=\"lazy\" decoding=\"async\" width=\"1024\" height=\"682\" src=\"https:\/\/surmasterprojects.com\/wp-content\/uploads\/2025\/10\/fornaluxt-mallorca-1024x682.jpeg\" alt=\"\" class=\"wp-image-9359\" srcset=\"https:\/\/surmasterprojects.com\/wp-content\/uploads\/2025\/10\/fornaluxt-mallorca-1024x682.jpeg 1024w, https:\/\/surmasterprojects.com\/wp-content\/uploads\/2025\/10\/fornaluxt-mallorca-980x653.jpeg 980w, https:\/\/surmasterprojects.com\/wp-content\/uploads\/2025\/10\/fornaluxt-mallorca-480x320.jpeg 480w\" sizes=\"(min-width: 0px) and (max-width: 480px) 480px, (min-width: 481px) and (max-width: 980px) 980px, (min-width: 981px) 1024px, 100vw\" \/><\/figure>\n\n\n\n<h4 class=\"wp-block-heading\">What to See in Fornalutx<\/h4>\n\n\n\n<p class=\"translation-block\">Wander through its charming alleys, climb to Mirador de Ses Barques for panoramic valley views, and relax in Pla\u00e7a d\u2019Espanya, the heart of the village.\nIt\u2019s the perfect place to disconnect and enjoy nature, peace, and authenticity.<\/p>\n\n\n\n<h3 class=\"wp-block-heading\">Pollen\u00e7a and Alc\u00fadia \u2013 History and Sea in Northern Mallorca<\/h3>\n\n\n\n<p>Northern Mallorca is home to two towns full of character: Pollen\u00e7a and Alc\u00fadia, both offering a blend of culture, heritage, and stunning beaches. <strong>Pollen\u00e7a<\/strong> and <strong>Alc\u00fadia<\/strong>. Ambos combinan patrimonio, cultura y playas de ensue\u00f1o.<\/p>\n\n\n\n<h4 class=\"wp-block-heading\">Pollen\u00e7a<\/h4>\n\n\n\n<p class=\"translation-block\">Pollen\u00e7a enchants visitors with its artistic vibe and the famous Calvary Steps \u2014 365 steps leading up to a chapel overlooking the entire valley. The main square is perfect for enjoying a drink while soaking in the local atmosphere.<\/p>\n\n\n\n<figure class=\"wp-block-image size-large\"><img loading=\"lazy\" decoding=\"async\" width=\"1024\" height=\"576\" src=\"https:\/\/surmasterprojects.com\/wp-content\/uploads\/2025\/10\/pollensa-mallorca-1024x576.jpg\" alt=\"\" class=\"wp-image-9360\" srcset=\"https:\/\/surmasterprojects.com\/wp-content\/uploads\/2025\/10\/pollensa-mallorca-980x551.jpg 980w, https:\/\/surmasterprojects.com\/wp-content\/uploads\/2025\/10\/pollensa-mallorca-480x270.jpg 480w\" sizes=\"(min-width: 0px) and (max-width: 480px) 480px, (min-width: 481px) and (max-width: 980px) 980px, (min-width: 981px) 1024px, 100vw\" \/><\/figure>\n\n\n\n<h4 class=\"wp-block-heading\">Alc\u00fadia<\/h4>\n\n\n\n<p>Alc\u00fadia boasts a beautifully preserved walled old town, with narrow streets, historic houses, and lively markets. Beyond the walls, its port and beaches make it a perfect mix of history and sea.<\/p>\n\n\n\n<figure class=\"wp-block-image size-large\"><img loading=\"lazy\" decoding=\"async\" width=\"1024\" height=\"597\" src=\"https:\/\/surmasterprojects.com\/wp-content\/uploads\/2025\/10\/alcudia-mallorca-1024x597.jpg\" alt=\"\" class=\"wp-image-9361\" srcset=\"https:\/\/surmasterprojects.com\/wp-content\/uploads\/2025\/10\/alcudia-mallorca-980x572.jpg 980w, https:\/\/surmasterprojects.com\/wp-content\/uploads\/2025\/10\/alcudia-mallorca-480x280.jpg 480w\" sizes=\"(min-width: 0px) and (max-width: 480px) 480px, (min-width: 481px) and (max-width: 980px) 980px, (min-width: 981px) 1024px, 100vw\" \/><\/figure>\n\n\n\n<p class=\"translation-block\">Exploring the most beautiful villages of Mallorca means immersing yourself in its most authentic essence. From the maritime soul of <strong>Portocolom<\/strong> and the elegant atmosphere of <strong>Cala d\u2019Or<\/strong> to the magic of <strong>Valldemossa<\/strong>, <strong>Dei\u00e0<\/strong>, <strong>S\u00f3ller<\/strong>, and <strong>Fornalutx<\/strong>, each village holds a piece of the Mallorcan spirit. Add a delicious meal to your itinerary at <strong>Bocana<\/strong>, <strong>Sivina<\/strong>, <strong>Don Leone<\/strong>, <strong>HPC Portocolom<\/strong>, or <strong>Babbo Portocolom<\/strong>, and stay at <strong>Hostal HPC Portocolom<\/strong> or <strong>Hotel d\u2019Or<\/strong> to fully experience it. Mallorca awaits you with sea, mountains, history, and Mediterranean flavor.<\/p>","protected":false},"excerpt":{"rendered":"<p>Mallorca es mucho m\u00e1s que playas paradis\u00edacas y calas de aguas turquesas. La isla guarda una red de pueblos llenos de historia, tradici\u00f3n y paisajes inolvidables. Desde el ambiente marinero del este hasta las aldeas de piedra en la Serra de Tramuntana, cada rinc\u00f3n tiene su propio car\u00e1cter. En este recorrido te mostramos los pueblos [&hellip;]<\/p>\n","protected":false},"author":1,"featured_media":9274,"comment_status":"open","ping_status":"open","sticky":false,"template":"","format":"standard","meta":{"_et_pb_use_builder":"off","_et_pb_old_content":"<!-- wp:paragraph -->\n<p>Mallorca es mucho m\u00e1s que playas paradis\u00edacas y calas de aguas turquesas. La isla guarda una red de pueblos llenos de historia, tradici\u00f3n y paisajes inolvidables. Desde el ambiente marinero del este hasta las aldeas de piedra en la Serra de Tramuntana, cada rinc\u00f3n tiene su propio car\u00e1cter. En este recorrido te mostramos los <strong>pueblos m\u00e1s bonitos de Mallorca<\/strong>, con especial atenci\u00f3n a <strong>Portocolom<\/strong> y <strong>Cala d\u2019Or<\/strong>, dos joyas del Levante mallorqu\u00edn que combinan mar, gastronom\u00eda y autenticidad.<\/p>\n<!-- \/wp:paragraph -->\n\n<!-- wp:heading -->\n<h2 class=\"wp-block-heading\">Conoce el encanto aut\u00e9ntico de los pueblos mallorquines<\/h2>\n<!-- \/wp:heading -->\n\n<!-- wp:paragraph -->\n<p>Recorrer los pueblos de Mallorca es adentrarse en su esencia m\u00e1s genuina. En cada localidad descubrir\u00e1s un ritmo de vida pausado, una arquitectura cuidada y una gastronom\u00eda que conserva la tradici\u00f3n local. La <strong>costa del Levante<\/strong>, donde destacan <strong>Portocolom<\/strong> y <strong>Cala d\u2019Or<\/strong>, ofrece el Mediterr\u00e1neo m\u00e1s tranquilo y luminoso, mientras que la <strong>Serra de Tramuntana<\/strong> sorprende con pueblos de monta\u00f1a que parecen detenidos en el tiempo.<\/p>\n<!-- \/wp:paragraph -->\n\n<!-- wp:heading -->\n<h2 class=\"wp-block-heading\">Mapa y consejos para recorrer los pueblos m\u00e1s bonitos de Mallorca<\/h2>\n<!-- \/wp:heading -->\n\n<!-- wp:heading {\"level\":3} -->\n<h3 class=\"wp-block-heading\">C\u00f3mo moverte por Mallorca<\/h3>\n<!-- \/wp:heading -->\n\n<!-- wp:paragraph -->\n<p>El coche es la mejor opci\u00f3n para desplazarte por la isla con libertad. Las carreteras est\u00e1n en muy buen estado y te permiten enlazar f\u00e1cilmente visitas costeras y de interior. Si no dispones de coche, hay autobuses locales, aunque su frecuencia puede ser limitada.<\/p>\n<!-- \/wp:paragraph -->\n\n<!-- wp:heading {\"level\":3} -->\n<h3 class=\"wp-block-heading\">Cu\u00e1ntos d\u00edas dedicar a tu ruta<\/h3>\n<!-- \/wp:heading -->\n\n<!-- wp:paragraph -->\n<p>Con <strong>cuatro o cinco d\u00edas<\/strong> podr\u00e1s disfrutar de varios pueblos sin prisas. Si cuentas con m\u00e1s tiempo, aprovecha para dormir en distintos puntos: una noche frente al mar en Portocolom, otra en Cala d\u2019Or y alguna en la Tramuntana.<\/p>\n<!-- \/wp:paragraph -->\n\n<!-- wp:heading {\"level\":3} -->\n<h3 class=\"wp-block-heading\">Mejor \u00e9poca para visitar los pueblos con encanto<\/h3>\n<!-- \/wp:heading -->\n\n<!-- wp:paragraph -->\n<p>La primavera y el oto\u00f1o son ideales por su clima templado y menor afluencia tur\u00edstica. En verano, los pueblos costeros como Cala d\u2019Or y Portocolom se llenan de vida, con ambiente festivo, mercados nocturnos y terrazas frente al mar.<\/p>\n<!-- \/wp:paragraph -->\n\n<!-- wp:heading -->\n<h2 class=\"wp-block-heading\">Los pueblos m\u00e1s bonitos de Mallorca que no te puedes perder<\/h2>\n<!-- \/wp:heading -->\n\n<!-- wp:heading {\"level\":3} -->\n<h3 class=\"wp-block-heading\">Portocolom \u2013 el puerto natural m\u00e1s bonito de Mallorca<\/h3>\n<!-- \/wp:heading -->\n\n<!-- wp:paragraph -->\n<p>Portocolom es uno de los pueblos pesqueros m\u00e1s aut\u00e9nticos de la isla. Su puerto natural, las casas de colores y el faro que domina la bah\u00eda conforman una postal mediterr\u00e1nea inigualable. A diferencia de otras zonas m\u00e1s tur\u00edsticas, Portocolom conserva su esencia marinera, con lla\u00fcts (barcas tradicionales) amarrados junto al muelle y vecinos que a\u00fan viven del mar.<\/p>\n<!-- \/wp:paragraph -->\n\n<!-- wp:heading {\"level\":4} -->\n<h4 class=\"wp-block-heading\">Qu\u00e9 ver en Portocolom<\/h4>\n<!-- \/wp:heading -->\n\n<!-- wp:paragraph -->\n<p>Pasea por el <strong>Puerto Viejo<\/strong>, donde el tiempo parece haberse detenido. Las fachadas pintadas en tonos pastel y los reflejos del agua crean una atm\u00f3sfera \u00fanica. Sube al <strong>Faro de Sa Punta<\/strong>, un excelente mirador para contemplar la bah\u00eda, y ac\u00e9rcate a las playas de <strong>S\u2019Arenal Gran<\/strong> y <strong>S\u2019Arenal Petit<\/strong>, perfectas para nadar o tomar el sol en un entorno tranquilo.<\/p>\n<!-- \/wp:paragraph -->\n\n<!-- wp:paragraph -->\n<p>Tambi\u00e9n puedes visitar la <strong>Iglesia de la Mare de D\u00e9u del Carme<\/strong>, patrona de los marineros, o el <strong>Mirador de Es Riuet\u00f3<\/strong>, desde donde se aprecian vistas panor\u00e1micas del puerto.<\/p>\n<!-- \/wp:paragraph -->\n\n<!-- wp:heading {\"level\":4} -->\n<h4 class=\"wp-block-heading\">D\u00f3nde comer frente al mar<\/h4>\n<!-- \/wp:heading -->\n\n<!-- wp:paragraph -->\n<p>Para comer bien y con vistas, <strong><a href=\"https:\/\/hpcportocolom.com\/\">HPC Portocolom<\/a><\/strong> es una apuesta segura. Su carta combina platos mediterr\u00e1neos con productos locales y un ambiente elegante pero relajado. Otra excelente opci\u00f3n es <strong><a href=\"https:\/\/babboportocolom.com\/\">Babbo Portocolom<\/a><\/strong>, con un toque moderno y un trato cercano que lo convierten en uno de los favoritos entre residentes y visitantes.<\/p>\n<!-- \/wp:paragraph -->\n\n<!-- wp:paragraph -->\n<p>Y si despues de la comida o la cena quieres disfrutar de un buen cocktail puedes encontrar el <a href=\"https:\/\/surmasterprojects.com\/es\/blue-and-drinks-porto-colom\/\"><strong>Blue &amp; Drinks<\/strong><\/a>, con una encantadora terraza ofrece un espacio \u00fanico donde disfrutar de un ambiente excepcional.<\/p>\n<!-- \/wp:paragraph -->\n\n<!-- wp:heading {\"level\":4} -->\n<h4 class=\"wp-block-heading\">D\u00f3nde alojarte en Portocolom<\/h4>\n<!-- \/wp:heading -->\n\n<!-- wp:paragraph -->\n<p>El <strong><a href=\"https:\/\/www.hostalportocolom.com\/\">Hostal HPC Portocolom<\/a><\/strong>, situado frente al mar, ofrece habitaciones luminosas, terraza y un restaurante excelente. Es perfecto para quienes buscan disfrutar de la calma del pueblo sin renunciar a la comodidad.<\/p>\n<!-- \/wp:paragraph -->\n\n<!-- wp:heading {\"level\":3} -->\n<h3 class=\"wp-block-heading\">Cala d\u2019Or \u2013 elegancia mediterr\u00e1nea entre calas turquesa<\/h3>\n<!-- \/wp:heading -->\n\n<!-- wp:paragraph -->\n<p>Cala d\u2019Or es una joya del Levante mallorqu\u00edn. Su estilo arquitect\u00f3nico blanco, inspirado en Ibiza, y su red de peque\u00f1as calas de aguas cristalinas la convierten en un destino ideal para quienes buscan mar, confort y una atm\u00f3sfera cuidada. Sus calles peatonales, llenas de tiendas y terrazas, desprenden un aire cosmopolita pero sin perder su esencia mediterr\u00e1nea.<\/p>\n<!-- \/wp:paragraph -->\n\n<!-- wp:heading {\"level\":4} -->\n<h4 class=\"wp-block-heading\">Qu\u00e9 hacer en Cala d\u2019Or<\/h4>\n<!-- \/wp:heading -->\n\n<!-- wp:paragraph -->\n<p>Dedica un d\u00eda a disfrutar de sus calas m\u00e1s conocidas: <strong>Cala Gran<\/strong>, <strong>Cala Ferrera<\/strong>, <strong>Cala Esmeralda<\/strong> o <strong>Cala Serena<\/strong>, todas accesibles a pie y con aguas perfectas para nadar o practicar paddle surf.<br>Pasea por el <strong>puerto deportivo<\/strong>, uno de los m\u00e1s bonitos del sur de la isla, y ac\u00e9rcate hasta el <strong>Faro de Cala Egos<\/strong> al atardecer para disfrutar de unas vistas inolvidables.<\/p>\n<!-- \/wp:paragraph -->\n\n<!-- wp:paragraph -->\n<p>Por la noche, el ambiente cambia: la zona del puerto se llena de vida con bares, restaurantes y locales con m\u00fasica en directo.<\/p>\n<!-- \/wp:paragraph -->\n\n<!-- wp:heading {\"level\":4} -->\n<h4 class=\"wp-block-heading\">Los mejores restaurantes de Cala d\u2019Or<\/h4>\n<!-- \/wp:heading -->\n\n<!-- wp:paragraph -->\n<p>Si te gusta la buena mesa, no puedes perderte el <strong><a href=\"https:\/\/www.bocanacalador.com\/\">Restaurante Bocana<\/a><\/strong>, junto al puerto, especializado en cocina mediterr\u00e1nea moderna y pescado fresco. Tambi\u00e9n destacan <strong><a href=\"https:\/\/www.donleonecalador.com\/\">Don Leone<\/a><\/strong>, con un ambiente familiar y una carta variada, y <strong><a href=\"https:\/\/restaurantesivina.com\/\">Sivina<\/a><\/strong>, ideal para una cena tranquila entre pinos y brisa marina. Los amantes de la gastronom\u00eda mexicana estan de suerte, ya que podr\u00e1n encontrar el restaurante <strong><a href=\"https:\/\/restaurantetacospatron.com\/\">Tacos Patr\u00f3n<\/a><\/strong>, valorado como uno de los mejores restaurantes de comida mexicana de Mallorca.<br>Y si despu\u00e9s de cenar te apetece una copa, <strong><a href=\"https:\/\/www.pubdugans.com\/\">Dugans Irish Pub<\/a><\/strong> es un cl\u00e1sico imprescindible, conocido por su m\u00fasica en directo y su ambiente animado.<\/p>\n<!-- \/wp:paragraph -->\n\n<!-- wp:heading {\"level\":4} -->\n<h4 class=\"wp-block-heading\">D\u00f3nde alojarte para disfrutar del ambiente costero<\/h4>\n<!-- \/wp:heading -->\n\n<!-- wp:paragraph -->\n<p>El <strong><a href=\"https:\/\/www.hoteldor.com\/\">Hotel d\u2019Or<\/a><\/strong> es una de las mejores opciones por su excelente ubicaci\u00f3n en el centro y su ambiente acogedor. Est\u00e1 a pocos pasos del puerto, las calas y las principales zonas de ocio, ideal para quienes buscan comodidad sin depender del coche.<\/p>\n<!-- \/wp:paragraph -->\n\n<!-- wp:heading {\"level\":3} -->\n<h3 class=\"wp-block-heading\">Valldemossa \u2013 historia, arte y tradici\u00f3n en la Tramuntana<\/h3>\n<!-- \/wp:heading -->\n\n<!-- wp:paragraph -->\n<p>Valldemossa es uno de los pueblos m\u00e1s emblem\u00e1ticos de Mallorca. Situado en pleno coraz\u00f3n de la <strong>Serra de Tramuntana<\/strong>, Patrimonio de la Humanidad, conserva el encanto de la arquitectura tradicional mallorquina con calles empedradas, balcones floridos y casas de piedra dorada.<\/p>\n<!-- \/wp:paragraph -->\n\n<!-- wp:heading {\"level\":4} -->\n<h4 class=\"wp-block-heading\">Qu\u00e9 ver en Valldemossa<\/h4>\n<!-- \/wp:heading -->\n\n<!-- wp:paragraph -->\n<p>La <strong>Cartuja de Valldemossa<\/strong> es su monumento m\u00e1s famoso. All\u00ed residieron el compositor <strong>Fr\u00e9d\u00e9ric Chopin<\/strong> y la escritora <strong>George Sand<\/strong> durante el invierno de 1838, y hoy se puede visitar su celda con objetos personales y un peque\u00f1o museo.<br>Recorre el <strong>casco antiguo<\/strong>, lleno de peque\u00f1as tiendas de artesan\u00eda y caf\u00e9s con encanto. Desde el <strong>Mirador de Lledoners<\/strong> disfrutar\u00e1s de una de las mejores panor\u00e1micas del valle.<br>Y antes de marcharte, prueba la famosa <strong>coca de patata<\/strong> con un chocolate caliente: un cl\u00e1sico que sabe a Mallorca.<\/p>\n<!-- \/wp:paragraph -->\n\n<!-- wp:heading {\"level\":3} -->\n<h3 class=\"wp-block-heading\">Dei\u00e0 \u2013 el rinc\u00f3n bohemio de los artistas<\/h3>\n<!-- \/wp:heading -->\n\n<!-- wp:paragraph -->\n<p>Dei\u00e0 es un peque\u00f1o pueblo colgado entre el mar y la monta\u00f1a. Su belleza ha atra\u00eddo a artistas, escritores y m\u00fasicos desde principios del siglo XX, convirti\u00e9ndolo en un s\u00edmbolo del esp\u00edritu bohemio de la isla.<\/p>\n<!-- \/wp:paragraph -->\n\n<!-- wp:heading {\"level\":4} -->\n<h4 class=\"wp-block-heading\">Qu\u00e9 ver en Dei\u00e0<\/h4>\n<!-- \/wp:heading -->\n\n<!-- wp:paragraph -->\n<p>Empieza tu recorrido en la <strong>Casa Museo de Robert Graves<\/strong>, el poeta ingl\u00e9s que se enamor\u00f3 del pueblo y vivi\u00f3 aqu\u00ed hasta su muerte. Contin\u00faa por sus calles empedradas hasta la <strong>Iglesia de San Juan Bautista<\/strong>, situada en lo alto, con un mirador que ofrece una vista espectacular.<br>No te pierdas la bajada a <strong>Cala Dei\u00e0<\/strong>, una peque\u00f1a cala de roca rodeada de acantilados, donde podr\u00e1s ba\u00f1arte o almorzar pescado fresco en alguno de los restaurantes a pie de mar.<\/p>\n<!-- \/wp:paragraph -->\n\n<!-- wp:heading {\"level\":3} -->\n<h3 class=\"wp-block-heading\">S\u00f3ller \u2013 entre naranjos y arquitectura modernista<\/h3>\n<!-- \/wp:heading -->\n\n<!-- wp:paragraph -->\n<p>S\u00f3ller es una de las joyas del noroeste de la isla. Enclavado en un f\u00e9rtil valle cubierto de naranjos, combina la elegancia de su arquitectura modernista con el ambiente de un pueblo mallorqu\u00edn tradicional.<\/p>\n<!-- \/wp:paragraph -->\n\n<!-- wp:heading {\"level\":4} -->\n<h4 class=\"wp-block-heading\">Qu\u00e9 ver en S\u00f3ller<\/h4>\n<!-- \/wp:heading -->\n\n<!-- wp:paragraph -->\n<p>Empieza por la <strong>Plaza de la Constituci\u00f3n<\/strong>, coraz\u00f3n del pueblo, donde destacan la <strong>Iglesia de Sant Bartomeu<\/strong> y el edificio modernista del <strong>Banco de S\u00f3ller<\/strong>, obra de Joan Rubi\u00f3, disc\u00edpulo de Gaud\u00ed.<br>Desde all\u00ed puedes tomar el <strong>tranv\u00eda de madera<\/strong> hasta el <strong>Puerto de S\u00f3ller<\/strong>, una experiencia \u00fanica que conecta el centro del pueblo con el mar.<br>No olvides visitar el <strong>Jard\u00edn Bot\u00e1nico de S\u00f3ller<\/strong> y probar un zumo de naranja reci\u00e9n exprimido en alguna de sus terrazas.<\/p>\n<!-- \/wp:paragraph -->\n\n<!-- wp:heading {\"level\":3} -->\n<h3 class=\"wp-block-heading\">Fornalutx \u2013 el pueblo m\u00e1s pintoresco de la Tramuntana<\/h3>\n<!-- \/wp:heading -->\n\n<!-- wp:paragraph -->\n<p>A solo unos minutos de S\u00f3ller, <strong>Fornalutx<\/strong> es considerado uno de los pueblos m\u00e1s bonitos de Espa\u00f1a. Sus calles empedradas, sus casas con tejas \u00e1rabes y sus escaleras de piedra invitan a recorrerlo sin prisa.<\/p>\n<!-- \/wp:paragraph -->\n\n<!-- wp:heading {\"level\":4} -->\n<h4 class=\"wp-block-heading\">Qu\u00e9 ver en Fornalutx<\/h4>\n<!-- \/wp:heading -->\n\n<!-- wp:paragraph -->\n<p>Pasea por sus callejones decorados con flores, sube al <strong>Mirador de Ses Barques<\/strong> para contemplar el valle y detente en la <strong>Plaza de Espa\u00f1a<\/strong>, donde siempre hay alg\u00fan local dispuesto a charlar.<br>Es el lugar ideal para quienes buscan calma, naturaleza y autenticidad.<\/p>\n<!-- \/wp:paragraph -->\n\n<!-- wp:heading {\"level\":3} -->\n<h3 class=\"wp-block-heading\">Pollen\u00e7a y Alc\u00fadia \u2013 historia y mar en el norte de la isla<\/h3>\n<!-- \/wp:heading -->\n\n<!-- wp:paragraph -->\n<p>El norte de Mallorca guarda dos pueblos con mucho car\u00e1cter: <strong>Pollen\u00e7a<\/strong> y <strong>Alc\u00fadia<\/strong>. Ambos combinan patrimonio, cultura y playas de ensue\u00f1o.<\/p>\n<!-- \/wp:paragraph -->\n\n<!-- wp:heading {\"level\":4} -->\n<h4 class=\"wp-block-heading\">Pollen\u00e7a<\/h4>\n<!-- \/wp:heading -->\n\n<!-- wp:paragraph -->\n<p>Pollen\u00e7a cautiva con su aire art\u00edstico y su impresionante escalinata del <strong>Calvario<\/strong>, con 365 escalones que conducen a una peque\u00f1a ermita desde la que se divisa todo el valle. Su plaza mayor es perfecta para sentarse a tomar algo y disfrutar del ambiente local.<\/p>\n<!-- \/wp:paragraph -->\n\n<!-- wp:heading {\"level\":4} -->\n<h4 class=\"wp-block-heading\">Alc\u00fadia<\/h4>\n<!-- \/wp:heading -->\n\n<!-- wp:paragraph -->\n<p>Alc\u00fadia, por su parte, conserva un magn\u00edfico recinto amurallado y un casco antiguo lleno de historia. Dentro de sus murallas encontrar\u00e1s calles estrechas, casas se\u00f1oriales y una animada vida comercial. Adem\u00e1s, su puerto y las playas cercanas son ideales para completar el d\u00eda entre cultura y mar.<\/p>\n<!-- \/wp:paragraph -->\n\n<!-- wp:paragraph -->\n<p>Recorrer los pueblos m\u00e1s bonitos de Mallorca es adentrarse en su esencia m\u00e1s aut\u00e9ntica. Desde el alma marinera de <strong>Portocolom<\/strong> y el ambiente elegante de <strong>Cala d\u2019Or<\/strong> hasta la magia de <strong>Valldemossa<\/strong>, <strong>Dei\u00e0<\/strong>, <strong>S\u00f3ller<\/strong> y <strong>Fornalutx<\/strong>, cada pueblo guarda un pedazo del esp\u00edritu mallorqu\u00edn.<br>A\u00f1ade a tu itinerario una buena comida en <strong>Bocana<\/strong>, <strong>Sivina<\/strong>, <strong>Don Leone<\/strong>, <strong>HPC Portocolom<\/strong> o <strong>Babbo Portocolom<\/strong>, y al\u00f3jate en el <strong>Hostal HPC Portocolom<\/strong> o el <strong>Hotel d\u2019Or<\/strong> para vivir la experiencia completa. Mallorca te espera con mar, monta\u00f1a, historia y sabor mediterr\u00e1neo.<\/p>\n<!-- \/wp:paragraph -->","_et_gb_content_width":"1080","footnotes":""},"categories":[19],"tags":[],"class_list":["post-9295","post","type-post","status-publish","format-standard","has-post-thumbnail","hentry","category-guia-viaje-mallorca"],"yoast_head":"<!-- This site is optimized with the Yoast SEO plugin v27.4 - https:\/\/yoast.com\/product\/yoast-seo-wordpress\/ -->\n<title>Surmaster Projects<\/title>\n<meta name=\"description\" content=\"Los pueblos m\u00e1s bonitos de Mallorca: Portocolom, Cala d\u2019Or, Valldemossa, Dei\u00e0, S\u00f3ller y m\u00e1s. Gu\u00eda completa con qu\u00e9 ver, d\u00f3nde comer y dormir.\" \/>\n<meta name=\"robots\" content=\"index, follow, max-snippet:-1, max-image-preview:large, max-video-preview:-1\" \/>\n<link rel=\"canonical\" href=\"https:\/\/surmasterprojects.com\/en\/blog\/los-pueblos-mas-bonitos-de-mallorca\/\" \/>\n<meta property=\"og:locale\" content=\"en_GB\" \/>\n<meta property=\"og:type\" content=\"article\" \/>\n<meta property=\"og:description\" content=\"Los pueblos m\u00e1s bonitos de Mallorca: Portocolom, Cala d\u2019Or, Valldemossa, Dei\u00e0, S\u00f3ller y m\u00e1s. Gu\u00eda completa con qu\u00e9 ver, d\u00f3nde comer y dormir.\" \/>\n<meta property=\"og:url\" content=\"https:\/\/surmasterprojects.com\/en\/blog\/los-pueblos-mas-bonitos-de-mallorca\/\" \/>\n<meta property=\"og:site_name\" content=\"Surmaster Projects\" \/>\n<meta property=\"article:published_time\" content=\"2025-10-09T11:58:42+00:00\" \/>\n<meta property=\"article:modified_time\" content=\"2025-11-07T11:17:25+00:00\" \/>\n<meta property=\"og:image\" content=\"https:\/\/surmasterprojects.com\/wp-content\/uploads\/2025\/08\/celebrar-eventos-en-portocolom.jpg\" \/>\n\t<meta property=\"og:image:width\" content=\"1920\" \/>\n\t<meta property=\"og:image:height\" content=\"1280\" \/>\n\t<meta property=\"og:image:type\" content=\"image\/jpeg\" \/>\n<meta name=\"author\" content=\"admin\" \/>\n<meta name=\"twitter:card\" content=\"summary_large_image\" \/>\n<meta name=\"twitter:label1\" content=\"Written by\" \/>\n\t<meta name=\"twitter:data1\" content=\"admin\" \/>\n\t<meta name=\"twitter:label2\" content=\"Estimated reading time\" \/>\n\t<meta name=\"twitter:data2\" content=\"8 minutes\" \/>\n<script type=\"application\/ld+json\" class=\"yoast-schema-graph\">{\"@context\":\"https:\\\/\\\/schema.org\",\"@graph\":[{\"@type\":\"Article\",\"@id\":\"https:\\\/\\\/surmasterprojects.com\\\/blog\\\/los-pueblos-mas-bonitos-de-mallorca\\\/#article\",\"isPartOf\":{\"@id\":\"https:\\\/\\\/surmasterprojects.com\\\/blog\\\/los-pueblos-mas-bonitos-de-mallorca\\\/\"},\"author\":{\"name\":\"admin\",\"@id\":\"https:\\\/\\\/surmasterprojects.com\\\/es\\\/#\\\/schema\\\/person\\\/e91face8d14f85c1a1e8281796c8dc8f\"},\"headline\":\"Los pueblos m\u00e1s bonitos de Mallorca\",\"datePublished\":\"2025-10-09T11:58:42+00:00\",\"dateModified\":\"2025-11-07T11:17:25+00:00\",\"mainEntityOfPage\":{\"@id\":\"https:\\\/\\\/surmasterprojects.com\\\/blog\\\/los-pueblos-mas-bonitos-de-mallorca\\\/\"},\"wordCount\":1770,\"commentCount\":0,\"publisher\":{\"@id\":\"https:\\\/\\\/surmasterprojects.com\\\/es\\\/#organization\"},\"image\":{\"@id\":\"https:\\\/\\\/surmasterprojects.com\\\/blog\\\/los-pueblos-mas-bonitos-de-mallorca\\\/#primaryimage\"},\"thumbnailUrl\":\"https:\\\/\\\/surmasterprojects.com\\\/wp-content\\\/uploads\\\/2025\\\/08\\\/celebrar-eventos-en-portocolom.jpg\",\"articleSection\":[\"Mallorca (Baleares): Gu\u00eda completa\"],\"inLanguage\":\"en-GB\",\"potentialAction\":[{\"@type\":\"CommentAction\",\"name\":\"Comment\",\"target\":[\"https:\\\/\\\/surmasterprojects.com\\\/blog\\\/los-pueblos-mas-bonitos-de-mallorca\\\/#respond\"]}]},{\"@type\":\"WebPage\",\"@id\":\"https:\\\/\\\/surmasterprojects.com\\\/blog\\\/los-pueblos-mas-bonitos-de-mallorca\\\/\",\"url\":\"https:\\\/\\\/surmasterprojects.com\\\/blog\\\/los-pueblos-mas-bonitos-de-mallorca\\\/\",\"name\":\"\",\"isPartOf\":{\"@id\":\"https:\\\/\\\/surmasterprojects.com\\\/es\\\/#website\"},\"primaryImageOfPage\":{\"@id\":\"https:\\\/\\\/surmasterprojects.com\\\/blog\\\/los-pueblos-mas-bonitos-de-mallorca\\\/#primaryimage\"},\"image\":{\"@id\":\"https:\\\/\\\/surmasterprojects.com\\\/blog\\\/los-pueblos-mas-bonitos-de-mallorca\\\/#primaryimage\"},\"thumbnailUrl\":\"https:\\\/\\\/surmasterprojects.com\\\/wp-content\\\/uploads\\\/2025\\\/08\\\/celebrar-eventos-en-portocolom.jpg\",\"datePublished\":\"2025-10-09T11:58:42+00:00\",\"dateModified\":\"2025-11-07T11:17:25+00:00\",\"description\":\"Los pueblos m\u00e1s bonitos de Mallorca: Portocolom, Cala d\u2019Or, Valldemossa, Dei\u00e0, S\u00f3ller y m\u00e1s. Gu\u00eda completa con qu\u00e9 ver, d\u00f3nde comer y dormir.\",\"breadcrumb\":{\"@id\":\"https:\\\/\\\/surmasterprojects.com\\\/blog\\\/los-pueblos-mas-bonitos-de-mallorca\\\/#breadcrumb\"},\"inLanguage\":\"en-GB\",\"potentialAction\":[{\"@type\":\"ReadAction\",\"target\":[\"https:\\\/\\\/surmasterprojects.com\\\/blog\\\/los-pueblos-mas-bonitos-de-mallorca\\\/\"]}]},{\"@type\":\"ImageObject\",\"inLanguage\":\"en-GB\",\"@id\":\"https:\\\/\\\/surmasterprojects.com\\\/blog\\\/los-pueblos-mas-bonitos-de-mallorca\\\/#primaryimage\",\"url\":\"https:\\\/\\\/surmasterprojects.com\\\/wp-content\\\/uploads\\\/2025\\\/08\\\/celebrar-eventos-en-portocolom.jpg\",\"contentUrl\":\"https:\\\/\\\/surmasterprojects.com\\\/wp-content\\\/uploads\\\/2025\\\/08\\\/celebrar-eventos-en-portocolom.jpg\",\"width\":1920,\"height\":1280},{\"@type\":\"BreadcrumbList\",\"@id\":\"https:\\\/\\\/surmasterprojects.com\\\/blog\\\/los-pueblos-mas-bonitos-de-mallorca\\\/#breadcrumb\",\"itemListElement\":[{\"@type\":\"ListItem\",\"position\":1,\"name\":\"Portada\",\"item\":\"https:\\\/\\\/surmasterprojects.com\\\/es\\\/\"},{\"@type\":\"ListItem\",\"position\":2,\"name\":\"Los pueblos m\u00e1s bonitos de Mallorca\"}]},{\"@type\":\"WebSite\",\"@id\":\"https:\\\/\\\/surmasterprojects.com\\\/es\\\/#website\",\"url\":\"https:\\\/\\\/surmasterprojects.com\\\/es\\\/\",\"name\":\"Surmaster Projects\",\"description\":\"\",\"publisher\":{\"@id\":\"https:\\\/\\\/surmasterprojects.com\\\/es\\\/#organization\"},\"potentialAction\":[{\"@type\":\"SearchAction\",\"target\":{\"@type\":\"EntryPoint\",\"urlTemplate\":\"https:\\\/\\\/surmasterprojects.com\\\/es\\\/?s={search_term_string}\"},\"query-input\":{\"@type\":\"PropertyValueSpecification\",\"valueRequired\":true,\"valueName\":\"search_term_string\"}}],\"inLanguage\":\"en-GB\"},{\"@type\":\"Organization\",\"@id\":\"https:\\\/\\\/surmasterprojects.com\\\/es\\\/#organization\",\"name\":\"Surmaster Projects\",\"url\":\"https:\\\/\\\/surmasterprojects.com\\\/es\\\/\",\"logo\":{\"@type\":\"ImageObject\",\"inLanguage\":\"en-GB\",\"@id\":\"https:\\\/\\\/surmasterprojects.com\\\/es\\\/#\\\/schema\\\/logo\\\/image\\\/\",\"url\":\"https:\\\/\\\/surmasterprojects.com\\\/wp-content\\\/uploads\\\/2022\\\/04\\\/cropped-Logo_GrupoSurmaster_negativo.png\",\"contentUrl\":\"https:\\\/\\\/surmasterprojects.com\\\/wp-content\\\/uploads\\\/2022\\\/04\\\/cropped-Logo_GrupoSurmaster_negativo.png\",\"width\":512,\"height\":512,\"caption\":\"Surmaster Projects\"},\"image\":{\"@id\":\"https:\\\/\\\/surmasterprojects.com\\\/es\\\/#\\\/schema\\\/logo\\\/image\\\/\"}},{\"@type\":\"Person\",\"@id\":\"https:\\\/\\\/surmasterprojects.com\\\/es\\\/#\\\/schema\\\/person\\\/e91face8d14f85c1a1e8281796c8dc8f\",\"name\":\"admin\",\"image\":{\"@type\":\"ImageObject\",\"inLanguage\":\"en-GB\",\"@id\":\"https:\\\/\\\/surmasterprojects.com\\\/wp-content\\\/litespeed\\\/avatar\\\/891d1cd506ea39e67ffae4cde18491f4.jpg?ver=1776813681\",\"url\":\"https:\\\/\\\/surmasterprojects.com\\\/wp-content\\\/litespeed\\\/avatar\\\/891d1cd506ea39e67ffae4cde18491f4.jpg?ver=1776813681\",\"contentUrl\":\"https:\\\/\\\/surmasterprojects.com\\\/wp-content\\\/litespeed\\\/avatar\\\/891d1cd506ea39e67ffae4cde18491f4.jpg?ver=1776813681\",\"caption\":\"admin\"},\"sameAs\":[\"http:\\\/\\\/surmasterprojects.com\"]}]}<\/script>\n<!-- \/ Yoast SEO plugin. -->","yoast_head_json":{"title":"Surmaster Projects","description":"The most beautiful towns in Mallorca: Portocolom, Cala d\u2019Or, Valldemossa, Dei\u00e0, S\u00f3ller, and more. A complete guide on what to see, where to eat, and where to stay.","robots":{"index":"index","follow":"follow","max-snippet":"max-snippet:-1","max-image-preview":"max-image-preview:large","max-video-preview":"max-video-preview:-1"},"canonical":"https:\/\/surmasterprojects.com\/en\/blog\/los-pueblos-mas-bonitos-de-mallorca\/","og_locale":"en_GB","og_type":"article","og_description":"Los pueblos m\u00e1s bonitos de Mallorca: Portocolom, Cala d\u2019Or, Valldemossa, Dei\u00e0, S\u00f3ller y m\u00e1s. Gu\u00eda completa con qu\u00e9 ver, d\u00f3nde comer y dormir.","og_url":"https:\/\/surmasterprojects.com\/en\/blog\/los-pueblos-mas-bonitos-de-mallorca\/","og_site_name":"Surmaster Projects","article_published_time":"2025-10-09T11:58:42+00:00","article_modified_time":"2025-11-07T11:17:25+00:00","og_image":[{"width":1920,"height":1280,"url":"https:\/\/surmasterprojects.com\/wp-content\/uploads\/2025\/08\/celebrar-eventos-en-portocolom.jpg","type":"image\/jpeg"}],"author":"admin","twitter_card":"summary_large_image","twitter_misc":{"Written by":"admin","Estimated reading time":"8 minutes"},"schema":{"@context":"https:\/\/schema.org","@graph":[{"@type":"Article","@id":"https:\/\/surmasterprojects.com\/blog\/los-pueblos-mas-bonitos-de-mallorca\/#article","isPartOf":{"@id":"https:\/\/surmasterprojects.com\/blog\/los-pueblos-mas-bonitos-de-mallorca\/"},"author":{"name":"admin","@id":"https:\/\/surmasterprojects.com\/es\/#\/schema\/person\/e91face8d14f85c1a1e8281796c8dc8f"},"headline":"Los pueblos m\u00e1s bonitos de Mallorca","datePublished":"2025-10-09T11:58:42+00:00","dateModified":"2025-11-07T11:17:25+00:00","mainEntityOfPage":{"@id":"https:\/\/surmasterprojects.com\/blog\/los-pueblos-mas-bonitos-de-mallorca\/"},"wordCount":1770,"commentCount":0,"publisher":{"@id":"https:\/\/surmasterprojects.com\/es\/#organization"},"image":{"@id":"https:\/\/surmasterprojects.com\/blog\/los-pueblos-mas-bonitos-de-mallorca\/#primaryimage"},"thumbnailUrl":"https:\/\/surmasterprojects.com\/wp-content\/uploads\/2025\/08\/celebrar-eventos-en-portocolom.jpg","articleSection":["Mallorca (Baleares): Gu\u00eda completa"],"inLanguage":"en-GB","potentialAction":[{"@type":"CommentAction","name":"Comment","target":["https:\/\/surmasterprojects.com\/blog\/los-pueblos-mas-bonitos-de-mallorca\/#respond"]}]},{"@type":"WebPage","@id":"https:\/\/surmasterprojects.com\/blog\/los-pueblos-mas-bonitos-de-mallorca\/","url":"https:\/\/surmasterprojects.com\/blog\/los-pueblos-mas-bonitos-de-mallorca\/","name":"","isPartOf":{"@id":"https:\/\/surmasterprojects.com\/es\/#website"},"primaryImageOfPage":{"@id":"https:\/\/surmasterprojects.com\/blog\/los-pueblos-mas-bonitos-de-mallorca\/#primaryimage"},"image":{"@id":"https:\/\/surmasterprojects.com\/blog\/los-pueblos-mas-bonitos-de-mallorca\/#primaryimage"},"thumbnailUrl":"https:\/\/surmasterprojects.com\/wp-content\/uploads\/2025\/08\/celebrar-eventos-en-portocolom.jpg","datePublished":"2025-10-09T11:58:42+00:00","dateModified":"2025-11-07T11:17:25+00:00","description":"The most beautiful towns in Mallorca: Portocolom, Cala d\u2019Or, Valldemossa, Dei\u00e0, S\u00f3ller, and more. A complete guide on what to see, where to eat, and where to stay.","breadcrumb":{"@id":"https:\/\/surmasterprojects.com\/blog\/los-pueblos-mas-bonitos-de-mallorca\/#breadcrumb"},"inLanguage":"en-GB","potentialAction":[{"@type":"ReadAction","target":["https:\/\/surmasterprojects.com\/blog\/los-pueblos-mas-bonitos-de-mallorca\/"]}]},{"@type":"ImageObject","inLanguage":"en-GB","@id":"https:\/\/surmasterprojects.com\/blog\/los-pueblos-mas-bonitos-de-mallorca\/#primaryimage","url":"https:\/\/surmasterprojects.com\/wp-content\/uploads\/2025\/08\/celebrar-eventos-en-portocolom.jpg","contentUrl":"https:\/\/surmasterprojects.com\/wp-content\/uploads\/2025\/08\/celebrar-eventos-en-portocolom.jpg","width":1920,"height":1280},{"@type":"BreadcrumbList","@id":"https:\/\/surmasterprojects.com\/blog\/los-pueblos-mas-bonitos-de-mallorca\/#breadcrumb","itemListElement":[{"@type":"ListItem","position":1,"name":"Portada","item":"https:\/\/surmasterprojects.com\/es\/"},{"@type":"ListItem","position":2,"name":"Los pueblos m\u00e1s bonitos de Mallorca"}]},{"@type":"WebSite","@id":"https:\/\/surmasterprojects.com\/es\/#website","url":"https:\/\/surmasterprojects.com\/es\/","name":"Surmaster Projects","description":"","publisher":{"@id":"https:\/\/surmasterprojects.com\/es\/#organization"},"potentialAction":[{"@type":"SearchAction","target":{"@type":"EntryPoint","urlTemplate":"https:\/\/surmasterprojects.com\/es\/?s={search_term_string}"},"query-input":{"@type":"PropertyValueSpecification","valueRequired":true,"valueName":"search_term_string"}}],"inLanguage":"en-GB"},{"@type":"Organization","@id":"https:\/\/surmasterprojects.com\/es\/#organization","name":"Surmaster Projects","url":"https:\/\/surmasterprojects.com\/es\/","logo":{"@type":"ImageObject","inLanguage":"en-GB","@id":"https:\/\/surmasterprojects.com\/es\/#\/schema\/logo\/image\/","url":"https:\/\/surmasterprojects.com\/wp-content\/uploads\/2022\/04\/cropped-Logo_GrupoSurmaster_negativo.png","contentUrl":"https:\/\/surmasterprojects.com\/wp-content\/uploads\/2022\/04\/cropped-Logo_GrupoSurmaster_negativo.png","width":512,"height":512,"caption":"Surmaster Projects"},"image":{"@id":"https:\/\/surmasterprojects.com\/es\/#\/schema\/logo\/image\/"}},{"@type":"Person","@id":"https:\/\/surmasterprojects.com\/es\/#\/schema\/person\/e91face8d14f85c1a1e8281796c8dc8f","name":"admin","image":{"@type":"ImageObject","inLanguage":"en-GB","@id":"https:\/\/surmasterprojects.com\/wp-content\/litespeed\/avatar\/891d1cd506ea39e67ffae4cde18491f4.jpg?ver=1776813681","url":"https:\/\/surmasterprojects.com\/wp-content\/litespeed\/avatar\/891d1cd506ea39e67ffae4cde18491f4.jpg?ver=1776813681","contentUrl":"https:\/\/surmasterprojects.com\/wp-content\/litespeed\/avatar\/891d1cd506ea39e67ffae4cde18491f4.jpg?ver=1776813681","caption":"admin"},"sameAs":["http:\/\/surmasterprojects.com"]}]}},"_links":{"self":[{"href":"https:\/\/surmasterprojects.com\/en\/wp-json\/wp\/v2\/posts\/9295","targetHints":{"allow":["GET"]}}],"collection":[{"href":"https:\/\/surmasterprojects.com\/en\/wp-json\/wp\/v2\/posts"}],"about":[{"href":"https:\/\/surmasterprojects.com\/en\/wp-json\/wp\/v2\/types\/post"}],"author":[{"embeddable":true,"href":"https:\/\/surmasterprojects.com\/en\/wp-json\/wp\/v2\/users\/1"}],"replies":[{"embeddable":true,"href":"https:\/\/surmasterprojects.com\/en\/wp-json\/wp\/v2\/comments?post=9295"}],"version-history":[{"count":6,"href":"https:\/\/surmasterprojects.com\/en\/wp-json\/wp\/v2\/posts\/9295\/revisions"}],"predecessor-version":[{"id":9365,"href":"https:\/\/surmasterprojects.com\/en\/wp-json\/wp\/v2\/posts\/9295\/revisions\/9365"}],"wp:featuredmedia":[{"embeddable":true,"href":"https:\/\/surmasterprojects.com\/en\/wp-json\/wp\/v2\/media\/9274"}],"wp:attachment":[{"href":"https:\/\/surmasterprojects.com\/en\/wp-json\/wp\/v2\/media?parent=9295"}],"wp:term":[{"taxonomy":"category","embeddable":true,"href":"https:\/\/surmasterprojects.com\/en\/wp-json\/wp\/v2\/categories?post=9295"},{"taxonomy":"post_tag","embeddable":true,"href":"https:\/\/surmasterprojects.com\/en\/wp-json\/wp\/v2\/tags?post=9295"}],"curies":[{"name":"wp","href":"https:\/\/api.w.org\/{rel}","templated":true}]}}