{"id":9394,"date":"2026-01-27T15:49:34","date_gmt":"2026-01-27T15:49:34","guid":{"rendered":"https:\/\/surmasterprojects.com\/?p=9394"},"modified":"2026-01-29T11:10:27","modified_gmt":"2026-01-29T11:10:27","slug":"faro-de-portocolom-origen-e-historia","status":"publish","type":"post","link":"https:\/\/surmasterprojects.com\/en\/blog\/faro-de-portocolom-origen-e-historia\/","title":{"rendered":"El Faro de Portocolom: Origen e historia"},"content":{"rendered":"<h1 class=\"wp-block-heading\">Historia y Origen del faro de Portocolom en Mallorca<\/h1>\n\n\n\n<p>The <strong>faro de Portocolom<\/strong> es mucho m\u00e1s que una se\u00f1al mar\u00edtima: es uno de los grandes s\u00edmbolos del paisaje costero del pueblo y un testigo silencioso de su historia ligada al mar. Situado en la entrada del puerto natural, este faro ha acompa\u00f1ado durante m\u00e1s de siglo y medio a marineros, pescadores y navegantes, marcando el camino seguro hacia uno de los enclaves mar\u00edtimos m\u00e1s singulares de la costa este de Mallorca.<\/p>\n\n\n\n<p>Hablar del faro de Portocolom es hablar del crecimiento del pueblo, de la importancia del puerto y del v\u00ednculo profundo entre la comunidad local y el Mediterr\u00e1neo.<\/p>\n\n\n\n<h2 class=\"wp-block-heading\">Ubicaci\u00f3n geogr\u00e1fica y contexto mar\u00edtimo de Portocolom<\/h2>\n\n\n\n<p>El faro se encuentra en la <strong>punta de ses Crestes<\/strong>, un punto estrat\u00e9gico que domina visualmente la bocana del puerto natural de Portocolom, dentro del municipio de <strong>Felanitx<\/strong>. Sus coordenadas geogr\u00e1ficas (<strong>39.414115\u00b0 N, 3.270621\u00b0 E<\/strong>) lo sit\u00faan con exactitud dentro del sistema de ayudas a la navegaci\u00f3n de la costa balear.<\/p>\n\n\n\n<figure class=\"wp-block-image aligncenter size-full\"><img loading=\"lazy\" decoding=\"async\" width=\"661\" height=\"715\" src=\"https:\/\/surmasterprojects.com\/wp-content\/uploads\/2026\/01\/Location_map_Majorca.png\" alt=\"\" class=\"wp-image-9398\" srcset=\"https:\/\/surmasterprojects.com\/wp-content\/uploads\/2026\/01\/Location_map_Majorca.png 661w, https:\/\/surmasterprojects.com\/wp-content\/uploads\/2026\/01\/Location_map_Majorca-480x519.png 480w\" sizes=\"(min-width: 0px) and (max-width: 480px) 480px, (min-width: 481px) 661px, 100vw\" \/><\/figure>\n\n\n\n<p>Desde este emplazamiento privilegiado, el faro controla uno de los accesos mar\u00edtimos m\u00e1s seguros de Mallorca. La elecci\u00f3n del lugar responde tanto a criterios t\u00e9cnicos como a la propia configuraci\u00f3n natural del puerto, considerado hist\u00f3ricamente un refugio ideal frente a temporales y una base clave para la actividad pesquera y comercial del pueblo.<\/p>\n\n\n\n<h2 class=\"wp-block-heading\">Origen del faro de Portocolom y su construcci\u00f3n en el siglo XIX<\/h2>\n\n\n\n<p>La construcci\u00f3n del faro de Portocolom se enmarca dentro del <strong>Plan General de Balizamiento de las Costas y Puertos de Espa\u00f1a de 1861<\/strong>, un proyecto estatal que transform\u00f3 la seguridad mar\u00edtima en todo el pa\u00eds. En este contexto de modernizaci\u00f3n, Portocolom fue identificado como un punto estrat\u00e9gico que requer\u00eda una se\u00f1al luminosa permanente.<\/p>\n\n\n\n<figure class=\"wp-block-image size-large\"><img loading=\"lazy\" decoding=\"async\" width=\"1024\" height=\"498\" src=\"https:\/\/surmasterprojects.com\/wp-content\/uploads\/2026\/01\/1920px-Faro_de_Porto_Colom_en_Felanich_Espana-1024x498.jpg\" alt=\"\" class=\"wp-image-9396\" srcset=\"https:\/\/surmasterprojects.com\/wp-content\/uploads\/2026\/01\/1920px-Faro_de_Porto_Colom_en_Felanich_Espana-980x476.jpg 980w, https:\/\/surmasterprojects.com\/wp-content\/uploads\/2026\/01\/1920px-Faro_de_Porto_Colom_en_Felanich_Espana-480x233.jpg 480w\" sizes=\"(min-width: 0px) and (max-width: 480px) 480px, (min-width: 481px) and (max-width: 980px) 980px, (min-width: 981px) 1024px, 100vw\" \/><\/figure>\n\n\n\n<p>El faro entr\u00f3 en servicio en <strong>1863<\/strong>, coincidiendo con una etapa de crecimiento del puerto y del tr\u00e1fico mar\u00edtimo. Desde entonces, su luz ha guiado a generaciones de navegantes, facilitando la entrada al puerto durante la noche y en condiciones de baja visibilidad, y reduciendo de forma significativa los riesgos asociados a la navegaci\u00f3n costera.<\/p>\n\n\n\n<h2 class=\"wp-block-heading\">Arquitectura y caracter\u00edsticas del faro<\/h2>\n\n\n\n<p>El dise\u00f1o del faro responde a la arquitectura funcional propia de los faros espa\u00f1oles del siglo XIX. La <strong>torre, de 25 metros de altura<\/strong>, est\u00e1 adosada a una edificaci\u00f3n que originalmente albergaba la vivienda de los fareros, formando un conjunto compacto y perfectamente integrado en el entorno.<\/p>\n\n\n\n<p>Gracias a la elevaci\u00f3n natural del terreno, la <strong>altura del plano focal alcanza los 42 metros sobre el nivel del mar<\/strong>, lo que permite una excelente visibilidad sin necesidad de una estructura excesivamente alta. Su <strong>apariencia diurna<\/strong>, con <strong>bandas blancas y negras sobre una casa blanca de tejado rojo<\/strong>, facilita su identificaci\u00f3n visual desde el mar y se ha convertido en una imagen reconocible del litoral de Portocolom.<\/p>\n\n\n\n<h2 class=\"wp-block-heading\">Reformas hist\u00f3ricas y evoluci\u00f3n t\u00e9cnica<\/h2>\n\n\n\n<p>El faro de Portocolom no ha permanecido ajeno al paso del tiempo. En <strong>1918<\/strong>, la torre fue <strong>recrecida en 6,5 metros<\/strong>, una actuaci\u00f3n destinada a mejorar el alcance de la luz y adaptarse a las nuevas exigencias de la navegaci\u00f3n mar\u00edtima. En esa misma reforma se sustituy\u00f3 la linterna original por una linterna cil\u00edndrica m\u00e1s moderna.<\/p>\n\n\n\n<p>At <strong>1965<\/strong> se llev\u00f3 a cabo una segunda intervenci\u00f3n clave: la <strong>electrificaci\u00f3n del sistema luminoso<\/strong>. Esta mejora increment\u00f3 notablemente la fiabilidad del faro y redujo las tareas de mantenimiento. Adem\u00e1s, para evitar interferencias con las edificaciones cercanas al puerto, se realiz\u00f3 un <strong>nuevo recrecimiento de la torre de aproximadamente 10 metros<\/strong>, dando lugar a la configuraci\u00f3n actual del faro.<\/p>\n\n\n\n<h2 class=\"wp-block-heading\">Se\u00f1al luminosa y funci\u00f3n actual<\/h2>\n\n\n\n<p>Hoy en d\u00eda, el faro de Portocolom sigue plenamente activo como ayuda oficial a la navegaci\u00f3n. Su se\u00f1al luminosa se caracteriza por un <strong>grupo de dos destellos blancos cada 10 segundos<\/strong>, con un <strong>alcance nominal de 20 millas n\u00e1uticas<\/strong>, lo que lo hace visible desde una amplia franja del litoral oriental de Mallorca.<\/p>\n\n\n\n<p>El faro forma parte del sistema de balizamiento mar\u00edtimo espa\u00f1ol y contin\u00faa desempe\u00f1ando la misma funci\u00f3n esencial para la que fue concebido: garantizar una navegaci\u00f3n segura hacia el puerto de Portocolom.<\/p>\n\n\n\n<h2 class=\"wp-block-heading\">Valor patrimonial y v\u00ednculo con el pueblo<\/h2>\n\n\n\n<p>M\u00e1s all\u00e1 de su funci\u00f3n t\u00e9cnica, el faro de Portocolom es un elemento profundamente ligado a la identidad del pueblo. Durante d\u00e9cadas, fue lugar de trabajo y residencia de los fareros, figuras fundamentales en la vida mar\u00edtima local. Su presencia constante ha convertido al faro en un <strong>s\u00edmbolo del paisaje y de la memoria colectiva<\/strong> de Portocolom.<\/p>\n\n\n\n<figure class=\"wp-block-image size-large\"><img loading=\"lazy\" decoding=\"async\" width=\"1024\" height=\"1024\" src=\"https:\/\/surmasterprojects.com\/wp-content\/uploads\/2026\/01\/1280px-Far_de_sa_Punta_de_Ses_Crestes_Portocolom_-_panoramio-1024x1024.jpg\" alt=\"\" class=\"wp-image-9397\" srcset=\"https:\/\/surmasterprojects.com\/wp-content\/uploads\/2026\/01\/1280px-Far_de_sa_Punta_de_Ses_Crestes_Portocolom_-_panoramio-1024x1024.jpg 1024w, https:\/\/surmasterprojects.com\/wp-content\/uploads\/2026\/01\/1280px-Far_de_sa_Punta_de_Ses_Crestes_Portocolom_-_panoramio-980x981.jpg 980w, https:\/\/surmasterprojects.com\/wp-content\/uploads\/2026\/01\/1280px-Far_de_sa_Punta_de_Ses_Crestes_Portocolom_-_panoramio-480x480.jpg 480w\" sizes=\"(min-width: 0px) and (max-width: 480px) 480px, (min-width: 481px) and (max-width: 980px) 980px, (min-width: 981px) 1024px, 100vw\" \/><figcaption class=\"wp-element-caption\">Far de sa Punta de Ses Crestes, Portocolom<\/figcaption><\/figure>\n\n\n\n<p>Hoy, el faro sigue siendo un punto de referencia visual y emocional tanto para residentes como para visitantes, recordando el papel central del mar en la historia y el desarrollo del municipio.<\/p>\n\n\n\n<h2 class=\"wp-block-heading\">El faro y su entorno costero<\/h2>\n\n\n\n<p>El entorno del faro se puede recorrer a pie a trav\u00e9s de caminos y senderos costeros que bordean el litoral rocoso de Portocolom. Estos recorridos permiten disfrutar de vistas abiertas al Mediterr\u00e1neo, peque\u00f1as calas y miradores naturales, ofreciendo una perspectiva \u00fanica del faro integrado en el paisaje.<\/p>\n\n\n\n<p>Pasear por esta zona es tambi\u00e9n una forma de comprender la relaci\u00f3n hist\u00f3rica entre el puerto, el faro y el pueblo, en un entorno que combina naturaleza, patrimonio y tradici\u00f3n marinera.<\/p>\n\n\n\n<figure class=\"wp-block-image size-large\"><img loading=\"lazy\" decoding=\"async\" width=\"894\" height=\"1024\" src=\"https:\/\/surmasterprojects.com\/wp-content\/uploads\/2026\/01\/Punta_de_ses_Crestes-894x1024.jpg\" alt=\"\" class=\"wp-image-9399\"\/><\/figure>\n\n\n\n<p>El faro de Portocolom es una pieza clave del patrimonio hist\u00f3rico y mar\u00edtimo del pueblo. Desde su inauguraci\u00f3n en 1863 hasta hoy, ha iluminado la entrada al puerto y ha acompa\u00f1ado la vida marinera de generaciones enteras. Su historia, su arquitectura y su permanencia en el paisaje lo convierten en uno de los grandes s\u00edmbolos de Portocolom y de la costa este de Mallorca.<\/p>\n\n\n\n<h2 class=\"wp-block-heading\">Preguntas Frecuentes Sobre el Faro de Portocolom<\/h2>\n\n\n\n<h3 class=\"wp-block-heading\">\u00bfD\u00f3nde se encuentra el faro de Portocolom?<\/h3>\n\n\n\n<p>El faro de Portocolom se encuentra en la punta de ses Crestes, en la entrada del puerto natural de Portocolom, dentro del municipio de Felanitx, en la costa este de Mallorca.<\/p>\n\n\n\n<h3 class=\"wp-block-heading\">\u00bfCu\u00e1ndo se construy\u00f3 el faro de Portocolom?<\/h3>\n\n\n\n<p>El faro de Portocolom entr\u00f3 en funcionamiento en el a\u00f1o 1863, como parte del Plan General de Balizamiento de las Costas y Puertos de Espa\u00f1a del siglo XIX.<\/p>\n\n\n\n<h3 class=\"wp-block-heading\">\u00bfQu\u00e9 altura tiene el faro de Portocolom?<\/h3>\n\n\n\n<p>La torre del faro tiene una altura de 25 metros y su plano focal se sit\u00faa a 42 metros sobre el nivel del mar gracias a la elevaci\u00f3n natural del terreno.<\/p>\n\n\n\n<h3 class=\"wp-block-heading\">\u00bfPara qu\u00e9 sirve el faro de Portocolom?<\/h3>\n\n\n\n<p>El faro de Portocolom sirve como ayuda a la navegaci\u00f3n, se\u00f1alizando la entrada al puerto y advirtiendo a los barcos de la proximidad de la costa.<\/p>\n\n\n\n<h3 class=\"wp-block-heading\">\u00bfQu\u00e9 tipo de luz emite el faro de Portocolom?<\/h3>\n\n\n\n<p>El faro emite un grupo de dos destellos blancos cada 10 segundos, una caracter\u00edstica luminosa f\u00e1cilmente reconocible por los navegantes.<\/p>\n\n\n\n<h3 class=\"wp-block-heading\">\u00bfCu\u00e1l es el alcance del faro de Portocolom?<\/h3>\n\n\n\n<p>El alcance nominal de la luz del faro de Portocolom es de aproximadamente 20 millas n\u00e1uticas en condiciones normales de visibilidad.<\/p>\n\n\n\n<h3 class=\"wp-block-heading\">\u00bfSigue en funcionamiento el faro de Portocolom?<\/h3>\n\n\n\n<p>S\u00ed, el faro de Portocolom sigue plenamente operativo y forma parte del sistema oficial de balizamiento mar\u00edtimo de la costa espa\u00f1ola.<\/p>\n\n\n\n<h3 class=\"wp-block-heading\">\u00bfSe puede visitar el interior del faro de Portocolom?<\/h3>\n\n\n\n<p>El faro de Portocolom no est\u00e1 abierto al p\u00fablico, aunque su entorno puede visitarse a pie y ofrece vistas destacadas del puerto y del litoral.<\/p>\n\n\n\n<h3 class=\"wp-block-heading\">\u00bfPor qu\u00e9 es importante el faro de Portocolom?<\/h3>\n\n\n\n<p>El faro es importante tanto por su funci\u00f3n mar\u00edtima como por su valor hist\u00f3rico y patrimonial, ya que ha guiado a los navegantes desde el siglo XIX.<\/p>\n\n\n\n<h3 class=\"wp-block-heading\">\u00bfC\u00f3mo se llega al faro de Portocolom?<\/h3>\n\n\n\n<p>Se puede llegar al faro de Portocolom a pie desde el n\u00facleo urbano siguiendo caminos costeros que bordean el litoral y el puerto natural.<\/p>","protected":false},"excerpt":{"rendered":"<p>Historia y Origen del faro de Portocolom en Mallorca El faro de Portocolom es mucho m\u00e1s que una se\u00f1al mar\u00edtima: es uno de los grandes s\u00edmbolos del paisaje costero del pueblo y un testigo silencioso de su historia ligada al mar. Situado en la entrada del puerto natural, este faro ha acompa\u00f1ado durante m\u00e1s de [&hellip;]<\/p>\n","protected":false},"author":1,"featured_media":9395,"comment_status":"open","ping_status":"open","sticky":false,"template":"","format":"standard","meta":{"_et_pb_use_builder":"off","_et_pb_old_content":"","_et_gb_content_width":"1080","footnotes":""},"categories":[17],"tags":[],"class_list":["post-9394","post","type-post","status-publish","format-standard","has-post-thumbnail","hentry","category-portocolom"],"yoast_head":"<!-- This site is optimized with the Yoast SEO plugin v27.4 - https:\/\/yoast.com\/product\/yoast-seo-wordpress\/ -->\n<title>Surmaster Projects<\/title>\n<meta name=\"description\" content=\"Historia y origen del faro de Portocolom, como llegar y su valor patrimonial en la costa este de Mallorca.\" \/>\n<meta name=\"robots\" content=\"index, follow, max-snippet:-1, max-image-preview:large, max-video-preview:-1\" \/>\n<link rel=\"canonical\" href=\"https:\/\/surmasterprojects.com\/en\/blog\/faro-de-portocolom-origen-e-historia\/\" \/>\n<meta property=\"og:locale\" content=\"en_GB\" \/>\n<meta property=\"og:type\" content=\"article\" \/>\n<meta property=\"og:description\" content=\"Historia y origen del faro de Portocolom, como llegar y su valor patrimonial en la costa este de Mallorca.\" \/>\n<meta property=\"og:url\" content=\"https:\/\/surmasterprojects.com\/en\/blog\/faro-de-portocolom-origen-e-historia\/\" \/>\n<meta property=\"og:site_name\" content=\"Surmaster Projects\" \/>\n<meta property=\"article:published_time\" content=\"2026-01-27T15:49:34+00:00\" \/>\n<meta property=\"article:modified_time\" content=\"2026-01-29T11:10:27+00:00\" \/>\n<meta property=\"og:image\" content=\"https:\/\/surmasterprojects.com\/wp-content\/uploads\/2026\/01\/1280px-Faro_de_Portocolom_-_Ponta_de_Ses_Crest_en_Mallorca.jpg\" \/>\n\t<meta property=\"og:image:width\" content=\"1280\" \/>\n\t<meta property=\"og:image:height\" content=\"851\" \/>\n\t<meta property=\"og:image:type\" content=\"image\/jpeg\" \/>\n<meta name=\"author\" content=\"admin\" \/>\n<meta name=\"twitter:card\" content=\"summary_large_image\" \/>\n<meta name=\"twitter:label1\" content=\"Written by\" \/>\n\t<meta name=\"twitter:data1\" content=\"admin\" \/>\n\t<meta name=\"twitter:label2\" content=\"Estimated reading time\" \/>\n\t<meta name=\"twitter:data2\" content=\"7 minutes\" \/>\n<script type=\"application\/ld+json\" class=\"yoast-schema-graph\">{\"@context\":\"https:\\\/\\\/schema.org\",\"@graph\":[{\"@type\":\"Article\",\"@id\":\"https:\\\/\\\/surmasterprojects.com\\\/blog\\\/faro-de-portocolom-origen-e-historia\\\/#article\",\"isPartOf\":{\"@id\":\"https:\\\/\\\/surmasterprojects.com\\\/blog\\\/faro-de-portocolom-origen-e-historia\\\/\"},\"author\":{\"name\":\"admin\",\"@id\":\"https:\\\/\\\/surmasterprojects.com\\\/es\\\/#\\\/schema\\\/person\\\/e91face8d14f85c1a1e8281796c8dc8f\"},\"headline\":\"El Faro de Portocolom: Origen e historia\",\"datePublished\":\"2026-01-27T15:49:34+00:00\",\"dateModified\":\"2026-01-29T11:10:27+00:00\",\"mainEntityOfPage\":{\"@id\":\"https:\\\/\\\/surmasterprojects.com\\\/blog\\\/faro-de-portocolom-origen-e-historia\\\/\"},\"wordCount\":1350,\"commentCount\":0,\"publisher\":{\"@id\":\"https:\\\/\\\/surmasterprojects.com\\\/es\\\/#organization\"},\"image\":{\"@id\":\"https:\\\/\\\/surmasterprojects.com\\\/blog\\\/faro-de-portocolom-origen-e-historia\\\/#primaryimage\"},\"thumbnailUrl\":\"https:\\\/\\\/surmasterprojects.com\\\/wp-content\\\/uploads\\\/2026\\\/01\\\/1280px-Faro_de_Portocolom_-_Ponta_de_Ses_Crest_en_Mallorca.jpg\",\"articleSection\":[\"Portocolom: Gu\u00eda completa\"],\"inLanguage\":\"en-GB\",\"potentialAction\":[{\"@type\":\"CommentAction\",\"name\":\"Comment\",\"target\":[\"https:\\\/\\\/surmasterprojects.com\\\/blog\\\/faro-de-portocolom-origen-e-historia\\\/#respond\"]}]},{\"@type\":\"WebPage\",\"@id\":\"https:\\\/\\\/surmasterprojects.com\\\/blog\\\/faro-de-portocolom-origen-e-historia\\\/\",\"url\":\"https:\\\/\\\/surmasterprojects.com\\\/blog\\\/faro-de-portocolom-origen-e-historia\\\/\",\"name\":\"\",\"isPartOf\":{\"@id\":\"https:\\\/\\\/surmasterprojects.com\\\/es\\\/#website\"},\"primaryImageOfPage\":{\"@id\":\"https:\\\/\\\/surmasterprojects.com\\\/blog\\\/faro-de-portocolom-origen-e-historia\\\/#primaryimage\"},\"image\":{\"@id\":\"https:\\\/\\\/surmasterprojects.com\\\/blog\\\/faro-de-portocolom-origen-e-historia\\\/#primaryimage\"},\"thumbnailUrl\":\"https:\\\/\\\/surmasterprojects.com\\\/wp-content\\\/uploads\\\/2026\\\/01\\\/1280px-Faro_de_Portocolom_-_Ponta_de_Ses_Crest_en_Mallorca.jpg\",\"datePublished\":\"2026-01-27T15:49:34+00:00\",\"dateModified\":\"2026-01-29T11:10:27+00:00\",\"description\":\"Historia y origen del faro de Portocolom, como llegar y su valor patrimonial en la costa este de Mallorca.\",\"breadcrumb\":{\"@id\":\"https:\\\/\\\/surmasterprojects.com\\\/blog\\\/faro-de-portocolom-origen-e-historia\\\/#breadcrumb\"},\"inLanguage\":\"en-GB\",\"potentialAction\":[{\"@type\":\"ReadAction\",\"target\":[\"https:\\\/\\\/surmasterprojects.com\\\/blog\\\/faro-de-portocolom-origen-e-historia\\\/\"]}]},{\"@type\":\"ImageObject\",\"inLanguage\":\"en-GB\",\"@id\":\"https:\\\/\\\/surmasterprojects.com\\\/blog\\\/faro-de-portocolom-origen-e-historia\\\/#primaryimage\",\"url\":\"https:\\\/\\\/surmasterprojects.com\\\/wp-content\\\/uploads\\\/2026\\\/01\\\/1280px-Faro_de_Portocolom_-_Ponta_de_Ses_Crest_en_Mallorca.jpg\",\"contentUrl\":\"https:\\\/\\\/surmasterprojects.com\\\/wp-content\\\/uploads\\\/2026\\\/01\\\/1280px-Faro_de_Portocolom_-_Ponta_de_Ses_Crest_en_Mallorca.jpg\",\"width\":1280,\"height\":851},{\"@type\":\"BreadcrumbList\",\"@id\":\"https:\\\/\\\/surmasterprojects.com\\\/blog\\\/faro-de-portocolom-origen-e-historia\\\/#breadcrumb\",\"itemListElement\":[{\"@type\":\"ListItem\",\"position\":1,\"name\":\"Portada\",\"item\":\"https:\\\/\\\/surmasterprojects.com\\\/es\\\/\"},{\"@type\":\"ListItem\",\"position\":2,\"name\":\"El Faro de Portocolom: Origen e historia\"}]},{\"@type\":\"WebSite\",\"@id\":\"https:\\\/\\\/surmasterprojects.com\\\/es\\\/#website\",\"url\":\"https:\\\/\\\/surmasterprojects.com\\\/es\\\/\",\"name\":\"Surmaster Projects\",\"description\":\"\",\"publisher\":{\"@id\":\"https:\\\/\\\/surmasterprojects.com\\\/es\\\/#organization\"},\"potentialAction\":[{\"@type\":\"SearchAction\",\"target\":{\"@type\":\"EntryPoint\",\"urlTemplate\":\"https:\\\/\\\/surmasterprojects.com\\\/es\\\/?s={search_term_string}\"},\"query-input\":{\"@type\":\"PropertyValueSpecification\",\"valueRequired\":true,\"valueName\":\"search_term_string\"}}],\"inLanguage\":\"en-GB\"},{\"@type\":\"Organization\",\"@id\":\"https:\\\/\\\/surmasterprojects.com\\\/es\\\/#organization\",\"name\":\"Surmaster Projects\",\"url\":\"https:\\\/\\\/surmasterprojects.com\\\/es\\\/\",\"logo\":{\"@type\":\"ImageObject\",\"inLanguage\":\"en-GB\",\"@id\":\"https:\\\/\\\/surmasterprojects.com\\\/es\\\/#\\\/schema\\\/logo\\\/image\\\/\",\"url\":\"https:\\\/\\\/surmasterprojects.com\\\/wp-content\\\/uploads\\\/2022\\\/04\\\/cropped-Logo_GrupoSurmaster_negativo.png\",\"contentUrl\":\"https:\\\/\\\/surmasterprojects.com\\\/wp-content\\\/uploads\\\/2022\\\/04\\\/cropped-Logo_GrupoSurmaster_negativo.png\",\"width\":512,\"height\":512,\"caption\":\"Surmaster Projects\"},\"image\":{\"@id\":\"https:\\\/\\\/surmasterprojects.com\\\/es\\\/#\\\/schema\\\/logo\\\/image\\\/\"}},{\"@type\":\"Person\",\"@id\":\"https:\\\/\\\/surmasterprojects.com\\\/es\\\/#\\\/schema\\\/person\\\/e91face8d14f85c1a1e8281796c8dc8f\",\"name\":\"admin\",\"image\":{\"@type\":\"ImageObject\",\"inLanguage\":\"en-GB\",\"@id\":\"https:\\\/\\\/surmasterprojects.com\\\/wp-content\\\/litespeed\\\/avatar\\\/891d1cd506ea39e67ffae4cde18491f4.jpg?ver=1776813681\",\"url\":\"https:\\\/\\\/surmasterprojects.com\\\/wp-content\\\/litespeed\\\/avatar\\\/891d1cd506ea39e67ffae4cde18491f4.jpg?ver=1776813681\",\"contentUrl\":\"https:\\\/\\\/surmasterprojects.com\\\/wp-content\\\/litespeed\\\/avatar\\\/891d1cd506ea39e67ffae4cde18491f4.jpg?ver=1776813681\",\"caption\":\"admin\"},\"sameAs\":[\"http:\\\/\\\/surmasterprojects.com\"]}]}<\/script>\n<!-- \/ Yoast SEO plugin. -->","yoast_head_json":{"title":"Surmaster Projects","description":"Historia y origen del faro de Portocolom, como llegar y su valor patrimonial en la costa este de Mallorca.","robots":{"index":"index","follow":"follow","max-snippet":"max-snippet:-1","max-image-preview":"max-image-preview:large","max-video-preview":"max-video-preview:-1"},"canonical":"https:\/\/surmasterprojects.com\/en\/blog\/faro-de-portocolom-origen-e-historia\/","og_locale":"en_GB","og_type":"article","og_description":"Historia y origen del faro de Portocolom, como llegar y su valor patrimonial en la costa este de Mallorca.","og_url":"https:\/\/surmasterprojects.com\/en\/blog\/faro-de-portocolom-origen-e-historia\/","og_site_name":"Surmaster Projects","article_published_time":"2026-01-27T15:49:34+00:00","article_modified_time":"2026-01-29T11:10:27+00:00","og_image":[{"width":1280,"height":851,"url":"https:\/\/surmasterprojects.com\/wp-content\/uploads\/2026\/01\/1280px-Faro_de_Portocolom_-_Ponta_de_Ses_Crest_en_Mallorca.jpg","type":"image\/jpeg"}],"author":"admin","twitter_card":"summary_large_image","twitter_misc":{"Written by":"admin","Estimated reading time":"7 minutes"},"schema":{"@context":"https:\/\/schema.org","@graph":[{"@type":"Article","@id":"https:\/\/surmasterprojects.com\/blog\/faro-de-portocolom-origen-e-historia\/#article","isPartOf":{"@id":"https:\/\/surmasterprojects.com\/blog\/faro-de-portocolom-origen-e-historia\/"},"author":{"name":"admin","@id":"https:\/\/surmasterprojects.com\/es\/#\/schema\/person\/e91face8d14f85c1a1e8281796c8dc8f"},"headline":"El Faro de Portocolom: Origen e historia","datePublished":"2026-01-27T15:49:34+00:00","dateModified":"2026-01-29T11:10:27+00:00","mainEntityOfPage":{"@id":"https:\/\/surmasterprojects.com\/blog\/faro-de-portocolom-origen-e-historia\/"},"wordCount":1350,"commentCount":0,"publisher":{"@id":"https:\/\/surmasterprojects.com\/es\/#organization"},"image":{"@id":"https:\/\/surmasterprojects.com\/blog\/faro-de-portocolom-origen-e-historia\/#primaryimage"},"thumbnailUrl":"https:\/\/surmasterprojects.com\/wp-content\/uploads\/2026\/01\/1280px-Faro_de_Portocolom_-_Ponta_de_Ses_Crest_en_Mallorca.jpg","articleSection":["Portocolom: Gu\u00eda completa"],"inLanguage":"en-GB","potentialAction":[{"@type":"CommentAction","name":"Comment","target":["https:\/\/surmasterprojects.com\/blog\/faro-de-portocolom-origen-e-historia\/#respond"]}]},{"@type":"WebPage","@id":"https:\/\/surmasterprojects.com\/blog\/faro-de-portocolom-origen-e-historia\/","url":"https:\/\/surmasterprojects.com\/blog\/faro-de-portocolom-origen-e-historia\/","name":"","isPartOf":{"@id":"https:\/\/surmasterprojects.com\/es\/#website"},"primaryImageOfPage":{"@id":"https:\/\/surmasterprojects.com\/blog\/faro-de-portocolom-origen-e-historia\/#primaryimage"},"image":{"@id":"https:\/\/surmasterprojects.com\/blog\/faro-de-portocolom-origen-e-historia\/#primaryimage"},"thumbnailUrl":"https:\/\/surmasterprojects.com\/wp-content\/uploads\/2026\/01\/1280px-Faro_de_Portocolom_-_Ponta_de_Ses_Crest_en_Mallorca.jpg","datePublished":"2026-01-27T15:49:34+00:00","dateModified":"2026-01-29T11:10:27+00:00","description":"Historia y origen del faro de Portocolom, como llegar y su valor patrimonial en la costa este de Mallorca.","breadcrumb":{"@id":"https:\/\/surmasterprojects.com\/blog\/faro-de-portocolom-origen-e-historia\/#breadcrumb"},"inLanguage":"en-GB","potentialAction":[{"@type":"ReadAction","target":["https:\/\/surmasterprojects.com\/blog\/faro-de-portocolom-origen-e-historia\/"]}]},{"@type":"ImageObject","inLanguage":"en-GB","@id":"https:\/\/surmasterprojects.com\/blog\/faro-de-portocolom-origen-e-historia\/#primaryimage","url":"https:\/\/surmasterprojects.com\/wp-content\/uploads\/2026\/01\/1280px-Faro_de_Portocolom_-_Ponta_de_Ses_Crest_en_Mallorca.jpg","contentUrl":"https:\/\/surmasterprojects.com\/wp-content\/uploads\/2026\/01\/1280px-Faro_de_Portocolom_-_Ponta_de_Ses_Crest_en_Mallorca.jpg","width":1280,"height":851},{"@type":"BreadcrumbList","@id":"https:\/\/surmasterprojects.com\/blog\/faro-de-portocolom-origen-e-historia\/#breadcrumb","itemListElement":[{"@type":"ListItem","position":1,"name":"Portada","item":"https:\/\/surmasterprojects.com\/es\/"},{"@type":"ListItem","position":2,"name":"El Faro de Portocolom: Origen e historia"}]},{"@type":"WebSite","@id":"https:\/\/surmasterprojects.com\/es\/#website","url":"https:\/\/surmasterprojects.com\/es\/","name":"Surmaster Projects","description":"","publisher":{"@id":"https:\/\/surmasterprojects.com\/es\/#organization"},"potentialAction":[{"@type":"SearchAction","target":{"@type":"EntryPoint","urlTemplate":"https:\/\/surmasterprojects.com\/es\/?s={search_term_string}"},"query-input":{"@type":"PropertyValueSpecification","valueRequired":true,"valueName":"search_term_string"}}],"inLanguage":"en-GB"},{"@type":"Organization","@id":"https:\/\/surmasterprojects.com\/es\/#organization","name":"Surmaster Projects","url":"https:\/\/surmasterprojects.com\/es\/","logo":{"@type":"ImageObject","inLanguage":"en-GB","@id":"https:\/\/surmasterprojects.com\/es\/#\/schema\/logo\/image\/","url":"https:\/\/surmasterprojects.com\/wp-content\/uploads\/2022\/04\/cropped-Logo_GrupoSurmaster_negativo.png","contentUrl":"https:\/\/surmasterprojects.com\/wp-content\/uploads\/2022\/04\/cropped-Logo_GrupoSurmaster_negativo.png","width":512,"height":512,"caption":"Surmaster Projects"},"image":{"@id":"https:\/\/surmasterprojects.com\/es\/#\/schema\/logo\/image\/"}},{"@type":"Person","@id":"https:\/\/surmasterprojects.com\/es\/#\/schema\/person\/e91face8d14f85c1a1e8281796c8dc8f","name":"admin","image":{"@type":"ImageObject","inLanguage":"en-GB","@id":"https:\/\/surmasterprojects.com\/wp-content\/litespeed\/avatar\/891d1cd506ea39e67ffae4cde18491f4.jpg?ver=1776813681","url":"https:\/\/surmasterprojects.com\/wp-content\/litespeed\/avatar\/891d1cd506ea39e67ffae4cde18491f4.jpg?ver=1776813681","contentUrl":"https:\/\/surmasterprojects.com\/wp-content\/litespeed\/avatar\/891d1cd506ea39e67ffae4cde18491f4.jpg?ver=1776813681","caption":"admin"},"sameAs":["http:\/\/surmasterprojects.com"]}]}},"_links":{"self":[{"href":"https:\/\/surmasterprojects.com\/en\/wp-json\/wp\/v2\/posts\/9394","targetHints":{"allow":["GET"]}}],"collection":[{"href":"https:\/\/surmasterprojects.com\/en\/wp-json\/wp\/v2\/posts"}],"about":[{"href":"https:\/\/surmasterprojects.com\/en\/wp-json\/wp\/v2\/types\/post"}],"author":[{"embeddable":true,"href":"https:\/\/surmasterprojects.com\/en\/wp-json\/wp\/v2\/users\/1"}],"replies":[{"embeddable":true,"href":"https:\/\/surmasterprojects.com\/en\/wp-json\/wp\/v2\/comments?post=9394"}],"version-history":[{"count":3,"href":"https:\/\/surmasterprojects.com\/en\/wp-json\/wp\/v2\/posts\/9394\/revisions"}],"predecessor-version":[{"id":9403,"href":"https:\/\/surmasterprojects.com\/en\/wp-json\/wp\/v2\/posts\/9394\/revisions\/9403"}],"wp:featuredmedia":[{"embeddable":true,"href":"https:\/\/surmasterprojects.com\/en\/wp-json\/wp\/v2\/media\/9395"}],"wp:attachment":[{"href":"https:\/\/surmasterprojects.com\/en\/wp-json\/wp\/v2\/media?parent=9394"}],"wp:term":[{"taxonomy":"category","embeddable":true,"href":"https:\/\/surmasterprojects.com\/en\/wp-json\/wp\/v2\/categories?post=9394"},{"taxonomy":"post_tag","embeddable":true,"href":"https:\/\/surmasterprojects.com\/en\/wp-json\/wp\/v2\/tags?post=9394"}],"curies":[{"name":"wp","href":"https:\/\/api.w.org\/{rel}","templated":true}]}}