{"id":9435,"date":"2026-03-16T12:46:29","date_gmt":"2026-03-16T12:46:29","guid":{"rendered":"https:\/\/surmasterprojects.com\/?p=9435"},"modified":"2026-03-16T12:48:55","modified_gmt":"2026-03-16T12:48:55","slug":"historia-y-cultura-de-portocolom","status":"publish","type":"post","link":"https:\/\/surmasterprojects.com\/en\/blog\/historia-y-cultura-de-portocolom\/","title":{"rendered":"Historia y Cultura de Portocolom"},"content":{"rendered":"<h2 class=\"wp-block-heading\">Historia y cultura de Portocolom (Palma de Mallorca)<\/h2>\n\n\n\n<p><strong>Portocolom<\/strong> es uno de los pueblos costeros m\u00e1s aut\u00e9nticos de Mallorca y uno de los puertos naturales mejor conservados de toda la isla. Situado en la costa oriental, este peque\u00f1o enclave combina <strong>tradici\u00f3n marinera, paisajes mediterr\u00e1neos y un ambiente tranquilo<\/strong> que lo diferencia de otros destinos tur\u00edsticos m\u00e1s masificados. A pesar del crecimiento tur\u00edstico que ha experimentado Mallorca en las \u00faltimas d\u00e9cadas, Portocolom ha logrado mantener su esencia de antiguo pueblo pesquero.<\/p>\n\n\n\n<p>El car\u00e1cter del pueblo est\u00e1 profundamente ligado al mar. Desde sus or\u00edgenes, el <strong>puerto natural de Portocolom<\/strong> ha servido como refugio para pescadores y navegantes, lo que dio lugar a una comunidad estrechamente vinculada a la pesca, el comercio mar\u00edtimo y posteriormente al turismo. Hoy en d\u00eda, pasear por el puerto o por las calles del casco antiguo permite descubrir un lugar donde conviven historia, tradici\u00f3n y vida mediterr\u00e1nea.<\/p>\n\n\n\n<p>Portocolom se encuentra en el <strong>municipio de Felanitx<\/strong>, en la parte oriental de Mallorca, dentro de la comunidad aut\u00f3noma de las <strong>Islas Baleares<\/strong>. Su ubicaci\u00f3n frente al mar Mediterr\u00e1neo lo convierte en uno de los enclaves costeros m\u00e1s atractivos de la isla. La localidad se sit\u00faa alrededor de una amplia bah\u00eda natural que ha sido utilizada durante siglos como puerto seguro para embarcaciones.<\/p>\n\n\n\n<h3 class=\"wp-block-heading\">Un pueblo costero aut\u00e9ntico de Mallorca<\/h3>\n\n\n\n<p>Uno de los rasgos que hacen especial a Portocolom es que ha sabido mantener su identidad tradicional a pesar del crecimiento del turismo en Mallorca. A diferencia de otras localidades costeras que han experimentado una urbanizaci\u00f3n intensa, aqu\u00ed todav\u00eda es posible encontrar un ambiente relajado donde predominan las casas tradicionales, los peque\u00f1os restaurantes familiares y las embarcaciones pesqueras.<\/p>\n\n\n\n<p>Las <strong>casas de colores pastel frente al puerto<\/strong>, los barcos tradicionales y el ritmo pausado de la vida local hacen que Portocolom conserve un encanto especial. Esta combinaci\u00f3n de tradici\u00f3n, paisaje y tranquilidad ha convertido al pueblo en uno de los destinos preferidos para quienes buscan conocer la Mallorca m\u00e1s aut\u00e9ntica.<\/p>\n\n\n\n<h3 class=\"wp-block-heading\">Relaci\u00f3n con el municipio de Felanitx<\/h3>\n\n\n\n<p>Portocolom pertenece administrativamente al municipio de <strong>Felanitx<\/strong>, situado a unos 12 kil\u00f3metros hacia el interior de la isla. Hist\u00f3ricamente, el puerto ha sido la salida natural al mar para esta localidad y para las zonas agr\u00edcolas de los alrededores.<\/p>\n\n\n\n<p>Durante siglos, los productos cultivados en el interior del municipio, especialmente el vino y otros productos agr\u00edcolas, se exportaban desde el puerto de Portocolom hacia diferentes destinos del Mediterr\u00e1neo. Esta relaci\u00f3n hist\u00f3rica entre el pueblo interior y su puerto ha marcado el desarrollo econ\u00f3mico y social de la regi\u00f3n.<\/p>\n\n\n\n<h3 class=\"wp-block-heading\">El puerto natural de Portocolom<\/h3>\n\n\n\n<p>El elemento m\u00e1s distintivo del pueblo es su <strong>gran puerto natural<\/strong>, considerado uno de los m\u00e1s importantes de Mallorca. La forma irregular de la bah\u00eda proporciona protecci\u00f3n natural frente al viento y el oleaje, lo que ha permitido que este lugar sea utilizado durante siglos como refugio para embarcaciones.<\/p>\n\n\n\n<p>Actualmente el puerto sigue siendo el coraz\u00f3n de la localidad. En \u00e9l conviven <strong>barcos pesqueros tradicionales, lla\u00fcts mallorquines y modernas embarcaciones deportivas<\/strong>. Este contraste entre tradici\u00f3n y modernidad crea una de las im\u00e1genes m\u00e1s representativas de Portocolom.<\/p>\n\n\n\n<h2 class=\"wp-block-heading\">Paisaje y entorno<\/h2>\n\n\n\n<p>El paisaje que rodea el pueblo est\u00e1 formado por acantilados suaves, pinares y peque\u00f1as bah\u00edas que se abren al Mediterr\u00e1neo. Portocolom se sit\u00faa en la <strong>costa este de Mallorca<\/strong>, una zona conocida por su gran n\u00famero de calas y playas de aguas turquesas. Este entorno natural convierte a Portocolom en un lugar perfecto tanto para disfrutar del mar como para realizar excursiones por el interior de la isla. La combinaci\u00f3n entre naturaleza y tradici\u00f3n mediterr\u00e1nea es uno de los principales atractivos de la zona.<\/p>\n\n\n\n<h3 class=\"wp-block-heading\">Pueblos y zonas cercanas<\/h3>\n\n\n\n<p>En los alrededores de Portocolom se encuentran varios pueblos y n\u00facleos tur\u00edsticos que forman parte del atractivo de la regi\u00f3n. Entre ellos destacan <strong>s\u2019Horta, Cala d\u2019Or, Calonge, Cala Murada y las Calas de Mallorca<\/strong>. Cada uno de estos lugares ofrece diferentes paisajes, playas y actividades.<\/p>\n\n\n\n<p>La proximidad entre estas localidades permite a los visitantes explorar f\u00e1cilmente la zona y descubrir nuevas calas, restaurantes y paisajes sin necesidad de recorrer grandes distancias.<\/p>\n\n\n\n<figure class=\"wp-block-image size-large\"><img loading=\"lazy\" decoding=\"async\" width=\"1024\" height=\"683\" src=\"https:\/\/surmasterprojects.com\/wp-content\/uploads\/2025\/08\/celebrar-eventos-en-portocolom-1024x683.jpg\" alt=\"\" class=\"wp-image-9274\" srcset=\"https:\/\/surmasterprojects.com\/wp-content\/uploads\/2025\/08\/celebrar-eventos-en-portocolom-980x653.jpg 980w, https:\/\/surmasterprojects.com\/wp-content\/uploads\/2025\/08\/celebrar-eventos-en-portocolom-480x320.jpg 480w\" sizes=\"(min-width: 0px) and (max-width: 480px) 480px, (min-width: 481px) and (max-width: 980px) 980px, (min-width: 981px) 1024px, 100vw\" \/><\/figure>\n\n\n\n<h2 class=\"wp-block-heading\">Origen del nombre de Portocolom<\/h2>\n\n\n\n<h3 class=\"wp-block-heading\">El origen latino Portu Columbi<\/h3>\n\n\n\n<p>El nombre <strong>Portocolom<\/strong> proviene del lat\u00edn <strong>\u201cPortu Columbi\u201d<\/strong>, que puede traducirse como \u201cpuerto de las palomas\u201d. Seg\u00fan diversas interpretaciones hist\u00f3ricas, este nombre se debe a la gran cantidad de palomas que habitaban en los acantilados cercanos al puerto.<\/p>\n\n\n\n<p>Con el paso de los siglos, esta denominaci\u00f3n evolucion\u00f3 hasta convertirse en el nombre actual de la localidad. El significado del nombre refleja la estrecha relaci\u00f3n entre el lugar y su entorno natural. La abundancia de aves en la zona pudo haber sido una caracter\u00edstica destacada para los primeros navegantes que utilizaban el puerto como refugio.<\/p>\n\n\n\n<h3 class=\"wp-block-heading\">La teor\u00eda sobre Crist\u00f3bal Col\u00f3n<\/h3>\n\n\n\n<p>Existe tambi\u00e9n una teor\u00eda popular que relaciona el nombre de Portocolom con el explorador <strong>Crist\u00f3bal Col\u00f3n<\/strong>. Seg\u00fan algunas tradiciones locales, el navegante podr\u00eda haber nacido en esta zona de Mallorca.<\/p>\n\n\n\n<p>Aunque esta hip\u00f3tesis no est\u00e1 confirmada hist\u00f3ricamente, forma parte de la tradici\u00f3n popular y del imaginario cultural del pueblo.<\/p>\n\n\n\n<h2 class=\"wp-block-heading\">Historia de Portocolom<\/h2>\n\n\n\n<h3 class=\"wp-block-heading\">Or\u00edgenes prehist\u00f3ricos de Portocolom<\/h3>\n\n\n\n<h4 class=\"wp-block-heading\">La cultura talay\u00f3tica<\/h4>\n\n\n\n<p>Los primeros indicios de presencia humana en la zona de Portocolom se remontan a la <strong>cultura talay\u00f3tica<\/strong>, una civilizaci\u00f3n prehist\u00f3rica que habit\u00f3 las Baleares aproximadamente entre el 2000 y el 1400 a.C. Esta cultura se caracteriza principalmente por la construcci\u00f3n de grandes estructuras megal\u00edticas conocidas como <em>talayots<\/em>, torres de piedra que probablemente cumpl\u00edan funciones defensivas, de vigilancia o incluso ceremoniales.<\/p>\n\n\n\n<p>Estas construcciones, realizadas con enormes bloques de piedra sin mortero, reflejan el alto grado de organizaci\u00f3n social y conocimiento arquitect\u00f3nico de los pobladores de la \u00e9poca. La presencia de restos talay\u00f3ticos en distintas zonas del sureste de Mallorca demuestra que este territorio estaba ya habitado miles de a\u00f1os antes de la fundaci\u00f3n de los actuales pueblos, formando parte de una red de asentamientos que aprovechaban los recursos naturales del entorno.<\/p>\n\n\n\n<h4 class=\"wp-block-heading\">Yacimientos arqueol\u00f3gicos en los alrededores<\/h4>\n\n\n\n<p>En los alrededores de Portocolom se han identificado diversos <strong>yacimientos arqueol\u00f3gicos<\/strong> que confirman la presencia de comunidades humanas desde tiempos muy antiguos. Estos enclaves incluyen restos de estructuras talay\u00f3ticas, herramientas de piedra y cer\u00e1mica que ayudan a reconstruir c\u00f3mo viv\u00edan los primeros habitantes de la zona.<\/p>\n\n\n\n<p>El estudio de estos yacimientos ha permitido a los arque\u00f3logos comprender mejor las din\u00e1micas de ocupaci\u00f3n del territorio en el levante de Mallorca. La cercan\u00eda al mar, la disponibilidad de recursos naturales y la existencia de zonas f\u00e9rtiles para el cultivo hicieron de esta \u00e1rea un lugar atractivo para el asentamiento humano desde \u00e9pocas prehist\u00f3ricas.<\/p>\n\n\n\n<h2 class=\"wp-block-heading\">Portocolom en la \u00e9poca romana<\/h2>\n\n\n\n<h3 class=\"wp-block-heading\">El puerto natural como enclave comercial<\/h3>\n\n\n\n<p>Con la llegada de los romanos a Mallorca tras la conquista del siglo II a.C., el <strong>puerto natural de Portocolom<\/strong> comenz\u00f3 a adquirir una mayor relevancia estrat\u00e9gica. Gracias a su forma de bah\u00eda protegida y a sus aguas tranquilas, este enclave se convirti\u00f3 en un punto id\u00f3neo para el fondeo de embarcaciones que recorr\u00edan las rutas comerciales del Mediterr\u00e1neo occidental.<\/p>\n\n\n\n<p>Durante el dominio romano, los puertos naturales como el de Portocolom serv\u00edan como lugares de escala para barcos que transportaban productos agr\u00edcolas, aceite, vino y cer\u00e1mica. Aunque no existen evidencias de una gran ciudad romana en el lugar, su posici\u00f3n geogr\u00e1fica sugiere que pudo funcionar como punto log\u00edstico dentro de la red mar\u00edtima que conectaba Mallorca con otras regiones del Imperio Romano.<\/p>\n\n\n\n<h2 class=\"wp-block-heading\">Edad Media y defensa costera<\/h2>\n\n\n\n<h3 class=\"wp-block-heading\">Ataques piratas en la costa<\/h3>\n\n\n\n<p>Durante la Edad Media, las costas de Mallorca vivieron una etapa marcada por la inseguridad mar\u00edtima. Las incursiones de piratas y corsarios eran frecuentes en el Mediterr\u00e1neo, y los peque\u00f1os puertos y poblaciones costeras resultaban especialmente vulnerables a estos ataques.<\/p>\n\n\n\n<p>Portocolom, por su excelente puerto natural y su posici\u00f3n estrat\u00e9gica en la costa este de la isla, se encontraba expuesto a estas amenazas. Las embarcaciones piratas sol\u00edan atacar para saquear mercanc\u00edas, capturar prisioneros o abastecerse de recursos, lo que oblig\u00f3 a las autoridades locales a reforzar los sistemas de defensa costera.<\/p>\n\n\n\n<h3 class=\"wp-block-heading\">Torres defensivas y vigilancia<\/h3>\n\n\n\n<p>Para proteger a la poblaci\u00f3n y vigilar la llegada de embarcaciones sospechosas, a lo largo de la costa mallorquina se construy\u00f3 una red de <strong>torres de vigilancia<\/strong>. Estas torres permit\u00edan detectar posibles ataques con suficiente antelaci\u00f3n y alertar a las poblaciones cercanas mediante se\u00f1ales de humo o fuego.<\/p>\n\n\n\n<p>El sistema defensivo estaba dise\u00f1ado para que cada torre tuviera contacto visual con la siguiente, creando as\u00ed una cadena de vigilancia que cubr\u00eda gran parte del litoral. Este sistema result\u00f3 fundamental para mejorar la seguridad de las comunidades costeras durante siglos.<\/p>\n\n\n\n<h3 class=\"wp-block-heading\">La Torre de Ses Crestes<\/h3>\n\n\n\n<p>Entre las construcciones defensivas m\u00e1s conocidas de la zona destaca la <strong>Torre de Ses Crestes<\/strong>, situada en una posici\u00f3n elevada cerca del puerto de Portocolom. Desde este punto estrat\u00e9gico se pod\u00eda controlar una amplia parte de la costa y detectar con rapidez la llegada de posibles embarcaciones enemigas.<\/p>\n\n\n\n<p>Hoy en d\u00eda, esta torre sigue en pie y constituye uno de los testimonios hist\u00f3ricos m\u00e1s importantes del pasado defensivo de la localidad. Adem\u00e1s de su valor patrimonial, representa un s\u00edmbolo del sistema de vigilancia que proteg\u00eda a las comunidades costeras de Mallorca.<\/p>\n\n\n\n<figure class=\"wp-block-image size-large\"><img loading=\"lazy\" decoding=\"async\" width=\"1024\" height=\"683\" src=\"https:\/\/surmasterprojects.com\/wp-content\/uploads\/2025\/08\/image-Portocolom-Mallorca-Guia-de-Viaje-Completa-3-1024x683.jpg\" alt=\"\" class=\"wp-image-9260\" srcset=\"https:\/\/surmasterprojects.com\/wp-content\/uploads\/2025\/08\/image-Portocolom-Mallorca-Guia-de-Viaje-Completa-3-980x653.jpg 980w, https:\/\/surmasterprojects.com\/wp-content\/uploads\/2025\/08\/image-Portocolom-Mallorca-Guia-de-Viaje-Completa-3-480x320.jpg 480w\" sizes=\"(min-width: 0px) and (max-width: 480px) 480px, (min-width: 481px) and (max-width: 980px) 980px, (min-width: 981px) 1024px, 100vw\" \/><\/figure>\n\n\n\n<h2 class=\"wp-block-heading\">Desarrollo portuario entre los siglos XVIII y XIX<\/h2>\n\n\n\n<h3 class=\"wp-block-heading\">Crecimiento del comercio mar\u00edtimo<\/h3>\n\n\n\n<p>Entre los siglos XVIII y XIX, Portocolom experiment\u00f3 un importante crecimiento econ\u00f3mico impulsado principalmente por el comercio mar\u00edtimo. Su puerto natural comenz\u00f3 a consolidarse como uno de los puntos clave para la exportaci\u00f3n de productos agr\u00edcolas procedentes del interior de la comarca.<\/p>\n\n\n\n<p>Los agricultores de la regi\u00f3n utilizaban el puerto para enviar mercanc\u00edas como cereales, aceite, almendras o vino hacia otros mercados del Mediterr\u00e1neo. Este intercambio comercial favoreci\u00f3 el desarrollo de infraestructuras portuarias y contribuy\u00f3 al crecimiento de la poblaci\u00f3n local.<\/p>\n\n\n\n<h3 class=\"wp-block-heading\">Construcci\u00f3n de la aduana<\/h3>\n\n\n\n<p>Un hito importante en el desarrollo del puerto fue la inauguraci\u00f3n del <strong>edificio de la aduana en 1854<\/strong>. Esta instalaci\u00f3n ten\u00eda como funci\u00f3n regular el comercio mar\u00edtimo, controlar la entrada y salida de mercanc\u00edas y gestionar los impuestos asociados al tr\u00e1fico portuario.<\/p>\n\n\n\n<p>La presencia de una aduana oficial demuestra la relevancia econ\u00f3mica que hab\u00eda adquirido Portocolom en aquella \u00e9poca. Gracias a esta infraestructura, el puerto pudo organizar de forma m\u00e1s eficiente las operaciones comerciales que conectaban Mallorca con otros territorios.<\/p>\n\n\n\n<h2 class=\"wp-block-heading\">El auge del comercio del vino<\/h2>\n\n\n\n<h3 class=\"wp-block-heading\">Exportaci\u00f3n de vino a Francia<\/h3>\n\n\n\n<p>Durante el siglo XIX, uno de los productos m\u00e1s importantes que sal\u00edan del puerto de Portocolom era el <strong>vino procedente de los vi\u00f1edos del Pla i Llevant de Mallorca<\/strong>. Esta regi\u00f3n contaba con una larga tradici\u00f3n vitivin\u00edcola y produc\u00eda grandes cantidades de vino destinadas a la exportaci\u00f3n.<\/p>\n\n\n\n<p>Gran parte de esta producci\u00f3n se enviaba a Francia, especialmente durante los periodos en los que los vi\u00f1edos franceses sufr\u00edan problemas de producci\u00f3n. El comercio del vino gener\u00f3 un notable impulso econ\u00f3mico en la zona y convirti\u00f3 al puerto en un centro clave para la exportaci\u00f3n agr\u00edcola.<\/p>\n\n\n\n<h3 class=\"wp-block-heading\">La crisis de la filoxera<\/h3>\n\n\n\n<p>Sin embargo, esta prosperidad no dur\u00f3 para siempre. A finales del siglo XIX, la llegada de la <strong>filoxera<\/strong>, un insecto que ataca las ra\u00edces de las vides, provoc\u00f3 una grave crisis en el sector vitivin\u00edcola europeo.<\/p>\n\n\n\n<p>La plaga devast\u00f3 numerosos vi\u00f1edos en Mallorca, reduciendo dr\u00e1sticamente la producci\u00f3n de vino. Como consecuencia, el comercio asociado al puerto de Portocolom se vio seriamente afectado, lo que supuso un duro golpe para la econom\u00eda local.<\/p>\n\n\n\n<h2 class=\"wp-block-heading\">Evoluci\u00f3n durante el siglo XX<\/h2>\n\n\n\n<h3 class=\"wp-block-heading\">Desarrollo de la pesca<\/h3>\n\n\n\n<p>A lo largo del siglo XX, la pesca se consolid\u00f3 como una de las principales actividades econ\u00f3micas de Portocolom. Las aguas del Mediterr\u00e1neo proporcionaban una gran variedad de especies marinas, y muchas familias del pueblo depend\u00edan directamente de esta actividad para su sustento.<\/p>\n\n\n\n<p>La tradici\u00f3n pesquera se convirti\u00f3 en un elemento central de la identidad local, con generaciones de pescadores transmitiendo sus conocimientos y t\u00e9cnicas de navegaci\u00f3n de padres a hijos.<\/p>\n\n\n\n<h3 class=\"wp-block-heading\">Urbanizaci\u00f3n del pueblo<\/h3>\n\n\n\n<p>Con el paso de las d\u00e9cadas, el n\u00facleo urbano de Portocolom comenz\u00f3 a expandirse alrededor del puerto. Se desarrollaron nuevas zonas residenciales, infraestructuras y servicios que permitieron mejorar la calidad de vida de los habitantes.<\/p>\n\n\n\n<p>Este crecimiento urban\u00edstico transform\u00f3 gradualmente el antiguo puerto pesquero en una localidad m\u00e1s amplia y estructurada, sin perder su car\u00e1cter tradicional.<\/p>\n\n\n\n<h3 class=\"wp-block-heading\">Llegada del turismo en los a\u00f1os 60<\/h3>\n\n\n\n<p>A partir de la d\u00e9cada de 1960, Portocolom comenz\u00f3 a experimentar el auge del turismo que transform\u00f3 gran parte de Mallorca. La belleza de su puerto natural, sus calas cercanas y su ambiente tranquilo atrajeron a visitantes nacionales e internacionales.<\/p>\n\n\n\n<p>El turismo se convirti\u00f3 progresivamente en uno de los motores econ\u00f3micos del municipio, impulsando la creaci\u00f3n de hoteles, restaurantes y servicios relacionados con el sector tur\u00edstico.<\/p>\n\n\n\n<h2 class=\"wp-block-heading\">El puerto de Portocolom<\/h2>\n\n\n\n<h3 class=\"wp-block-heading\">Caracter\u00edsticas del puerto natural<\/h3>\n\n\n\n<p>El puerto de Portocolom es considerado <strong>uno de los puertos naturales m\u00e1s grandes y mejor protegidos de Mallorca<\/strong>. Su amplia bah\u00eda ofrece refugio seguro frente a los temporales y permite el fondeo de numerosas embarcaciones.<\/p>\n\n\n\n<p>Esta caracter\u00edstica ha sido clave para su utilizaci\u00f3n durante siglos como punto estrat\u00e9gico para la navegaci\u00f3n y el comercio mar\u00edtimo en la isla.<\/p>\n\n\n\n<figure class=\"wp-block-image size-full\"><img loading=\"lazy\" decoding=\"async\" width=\"800\" height=\"486\" src=\"https:\/\/surmasterprojects.com\/wp-content\/uploads\/2023\/11\/Portocolom-panoramica-e1700784003612.jpg\" alt=\"\" class=\"wp-image-7976\" srcset=\"https:\/\/surmasterprojects.com\/wp-content\/uploads\/2023\/11\/Portocolom-panoramica-e1700784003612.jpg 800w, https:\/\/surmasterprojects.com\/wp-content\/uploads\/2023\/11\/Portocolom-panoramica-e1700784003612-480x270.jpg 480w\" sizes=\"(min-width: 0px) and (max-width: 480px) 480px, (min-width: 481px) 800px, 100vw\" \/><\/figure>\n\n\n\n<h3 class=\"wp-block-heading\">Importancia hist\u00f3rica del puerto<\/h3>\n\n\n\n<p>A lo largo de la historia, el puerto ha sido el aut\u00e9ntico motor econ\u00f3mico de Portocolom. Gracias a \u00e9l se desarrollaron actividades comerciales, pesqueras y de transporte que permitieron la prosperidad de la poblaci\u00f3n local.<\/p>\n\n\n\n<p>Desde la exportaci\u00f3n agr\u00edcola en siglos pasados hasta la actividad tur\u00edstica actual, el puerto ha sido siempre el eje central de la vida del pueblo.<\/p>\n\n\n\n<h3 class=\"wp-block-heading\">Actividad pesquera actual<\/h3>\n\n\n\n<p>Aunque el turismo tiene hoy un papel destacado en la econom\u00eda local, la pesca tradicional contin\u00faa siendo una actividad importante en Portocolom. Cada d\u00eda, varias embarcaciones salen al mar para capturar pescado fresco que posteriormente se vende en mercados y restaurantes de la zona.<\/p>\n\n\n\n<p>Esta actividad mantiene viva una tradici\u00f3n mar\u00edtima que forma parte del patrimonio cultural del pueblo.<\/p>\n\n\n\n<p>Entre las embarcaciones m\u00e1s emblem\u00e1ticas del puerto destacan los <strong>lla\u00fcts mallorquines<\/strong>, barcos tradicionales de madera utilizados hist\u00f3ricamente para la pesca en las Islas Baleares. Estas embarcaciones se caracterizan por su dise\u00f1o robusto, su estabilidad en el mar y su capacidad para navegar incluso en condiciones dif\u00edciles.<\/p>\n\n\n\n<p>Hoy en d\u00eda, muchos lla\u00fcts han sido restaurados y se utilizan tanto para actividades pesqueras como para navegaci\u00f3n recreativa, convirti\u00e9ndose en un s\u00edmbolo de la tradici\u00f3n mar\u00edtima balear.<\/p>\n\n\n\n<h2 class=\"wp-block-heading\">Cultura y tradiciones de Portocolom<\/h2>\n\n\n\n<p>Portocolom mantiene vivas sus tradiciones a trav\u00e9s de celebraciones que reflejan su identidad marinera y su fuerte sentido de comunidad. Entre las fiestas m\u00e1s destacadas se encuentran las <strong>Fiestas de San Jaime<\/strong>, celebradas en julio como uno de los eventos principales del calendario local, y la <strong>Virgen del Carmen<\/strong>, una festividad muy especial para la comunidad marinera. Tambi\u00e9n sobresalen eventos tradicionales como el <strong>Sopar a Penyes<\/strong>, una multitudinaria cena al aire libre en la playa, y el espect\u00e1culo de <strong>fuegos artificiales sobre el mar<\/strong>, que pone el broche final a las celebraciones.<\/p>\n\n\n\n<h2 class=\"wp-block-heading\">Gastronom\u00eda local<\/h2>\n\n\n\n<p>La gastronom\u00eda de Portocolom est\u00e1 fuertemente influenciada por su tradici\u00f3n marinera, con una cocina basada en productos frescos del mar. En muchos restaurantes del puerto se puede disfrutar de pescado y marisco reci\u00e9n capturado en las aguas cercanas, lo que convierte comer frente al mar en una de las experiencias gastron\u00f3micas m\u00e1s aut\u00e9nticas y agradables del pueblo. Destaca especialmente el <a href=\"https:\/\/hpcportocolom.com\/en\/events\/\">restaurante HPC Portocolom ubicado en el puerto de Portocolom<\/a> por ser una referencia en la zona de visita obligatoria. Otro destacado <a href=\"https:\/\/babboportocolom.com\/en\/events\/\">restaurante gastrobar de tapas en Portocolom es el Babbo Portocolom<\/a> con una gran selecci\u00f3n de mini-platos creativos y contempor\u00e1neos llenos de sabor.<\/p>\n\n\n\n\n\n<h2 class=\"wp-block-heading\">Demograf\u00eda y vida local<\/h2>\n\n\n\n<h3 class=\"wp-block-heading\">Poblaci\u00f3n actual<\/h3>\n\n\n\n<p>Portocolom cuenta con una poblaci\u00f3n estable de varios miles de habitantes que viven durante todo el a\u00f1o. A diferencia de otros destinos tur\u00edsticos de la isla, el pueblo mantiene una fuerte identidad local y una vida cotidiana muy activa. Muchos residentes trabajan en sectores relacionados con la pesca, la hosteler\u00eda, el turismo y los servicios, mientras que otros se desplazan a localidades cercanas para trabajar. Esta mezcla entre tradici\u00f3n marinera y econom\u00eda tur\u00edstica crea un ambiente aut\u00e9ntico y tranquilo que atrae tanto a residentes locales como a nuevos vecinos internacionales que buscan vivir en un entorno costero con calidad de vida.<\/p>\n\n\n\n<h3 class=\"wp-block-heading\">Aumento de poblaci\u00f3n en verano<\/h3>\n\n\n\n<p>Durante los meses de verano, especialmente entre junio y septiembre, la poblaci\u00f3n de Portocolom aumenta considerablemente debido a la llegada de turistas, propietarios de segundas residencias y visitantes que pasan largas temporadas en la zona. Este incremento poblacional dinamiza la econom\u00eda local, llena de vida el puerto, las playas y los restaurantes, y genera una amplia oferta de actividades culturales, n\u00e1uticas y gastron\u00f3micas. A pesar de este crecimiento estacional, Portocolom mantiene un ambiente m\u00e1s relajado que otros destinos tur\u00edsticos de Palma de Mallorca o de la costa suroeste de la isla, lo que lo convierte en un lugar muy valorado para quienes buscan disfrutar de Mallorca con un ritmo m\u00e1s tranquilo y aut\u00e9ntico.<\/p>","protected":false},"excerpt":{"rendered":"<p>Historia y cultura de Portocolom (Palma de Mallorca) Portocolom es uno de los pueblos costeros m\u00e1s aut\u00e9nticos de Mallorca y uno de los puertos naturales mejor conservados de toda la isla. Situado en la costa oriental, este peque\u00f1o enclave combina tradici\u00f3n marinera, paisajes mediterr\u00e1neos y un ambiente tranquilo que lo diferencia de otros destinos tur\u00edsticos [&hellip;]<\/p>\n","protected":false},"author":1,"featured_media":9439,"comment_status":"open","ping_status":"open","sticky":false,"template":"","format":"standard","meta":{"_et_pb_use_builder":"off","_et_pb_old_content":"","_et_gb_content_width":"1080","footnotes":""},"categories":[17],"tags":[],"class_list":["post-9435","post","type-post","status-publish","format-standard","has-post-thumbnail","hentry","category-portocolom"],"yoast_head":"<!-- This site is optimized with the Yoast SEO plugin v27.4 - https:\/\/yoast.com\/product\/yoast-seo-wordpress\/ -->\n<title>Surmaster Projects<\/title>\n<meta name=\"description\" content=\"Historia y cultura de Portocolom, desde la \u00e9poca talay\u00f3tica y romana hasta su tradici\u00f3n pesquera y el desarrollo tur\u00edstico en Mallorca.\" \/>\n<meta name=\"robots\" content=\"index, follow, max-snippet:-1, max-image-preview:large, max-video-preview:-1\" \/>\n<link rel=\"canonical\" href=\"https:\/\/surmasterprojects.com\/en\/blog\/historia-y-cultura-de-portocolom\/\" \/>\n<meta property=\"og:locale\" content=\"en_GB\" \/>\n<meta property=\"og:type\" content=\"article\" \/>\n<meta property=\"og:description\" content=\"Historia y cultura de Portocolom, desde la \u00e9poca talay\u00f3tica y romana hasta su tradici\u00f3n pesquera y el desarrollo tur\u00edstico en Mallorca.\" \/>\n<meta property=\"og:url\" content=\"https:\/\/surmasterprojects.com\/en\/blog\/historia-y-cultura-de-portocolom\/\" \/>\n<meta property=\"og:site_name\" content=\"Surmaster Projects\" \/>\n<meta property=\"article:published_time\" content=\"2026-03-16T12:46:29+00:00\" \/>\n<meta property=\"article:modified_time\" content=\"2026-03-16T12:48:55+00:00\" \/>\n<meta property=\"og:image\" content=\"https:\/\/surmasterprojects.com\/wp-content\/uploads\/2026\/03\/portocolom.jpg\" \/>\n\t<meta property=\"og:image:width\" content=\"1920\" \/>\n\t<meta property=\"og:image:height\" content=\"1126\" \/>\n\t<meta property=\"og:image:type\" content=\"image\/jpeg\" \/>\n<meta name=\"author\" content=\"admin\" \/>\n<meta name=\"twitter:card\" content=\"summary_large_image\" \/>\n<meta name=\"twitter:label1\" content=\"Written by\" \/>\n\t<meta name=\"twitter:data1\" content=\"admin\" \/>\n\t<meta name=\"twitter:label2\" content=\"Estimated reading time\" \/>\n\t<meta name=\"twitter:data2\" content=\"14 minutes\" \/>\n<script type=\"application\/ld+json\" class=\"yoast-schema-graph\">{\"@context\":\"https:\\\/\\\/schema.org\",\"@graph\":[{\"@type\":\"Article\",\"@id\":\"https:\\\/\\\/surmasterprojects.com\\\/blog\\\/historia-y-cultura-de-portocolom\\\/#article\",\"isPartOf\":{\"@id\":\"https:\\\/\\\/surmasterprojects.com\\\/blog\\\/historia-y-cultura-de-portocolom\\\/\"},\"author\":{\"name\":\"admin\",\"@id\":\"https:\\\/\\\/surmasterprojects.com\\\/es\\\/#\\\/schema\\\/person\\\/e91face8d14f85c1a1e8281796c8dc8f\"},\"headline\":\"Historia y Cultura de Portocolom\",\"datePublished\":\"2026-03-16T12:46:29+00:00\",\"dateModified\":\"2026-03-16T12:48:55+00:00\",\"mainEntityOfPage\":{\"@id\":\"https:\\\/\\\/surmasterprojects.com\\\/blog\\\/historia-y-cultura-de-portocolom\\\/\"},\"wordCount\":3032,\"commentCount\":0,\"publisher\":{\"@id\":\"https:\\\/\\\/surmasterprojects.com\\\/es\\\/#organization\"},\"image\":{\"@id\":\"https:\\\/\\\/surmasterprojects.com\\\/blog\\\/historia-y-cultura-de-portocolom\\\/#primaryimage\"},\"thumbnailUrl\":\"https:\\\/\\\/surmasterprojects.com\\\/wp-content\\\/uploads\\\/2026\\\/03\\\/portocolom.jpg\",\"articleSection\":[\"Portocolom: Gu\u00eda completa\"],\"inLanguage\":\"en-GB\",\"potentialAction\":[{\"@type\":\"CommentAction\",\"name\":\"Comment\",\"target\":[\"https:\\\/\\\/surmasterprojects.com\\\/blog\\\/historia-y-cultura-de-portocolom\\\/#respond\"]}]},{\"@type\":\"WebPage\",\"@id\":\"https:\\\/\\\/surmasterprojects.com\\\/blog\\\/historia-y-cultura-de-portocolom\\\/\",\"url\":\"https:\\\/\\\/surmasterprojects.com\\\/blog\\\/historia-y-cultura-de-portocolom\\\/\",\"name\":\"\",\"isPartOf\":{\"@id\":\"https:\\\/\\\/surmasterprojects.com\\\/es\\\/#website\"},\"primaryImageOfPage\":{\"@id\":\"https:\\\/\\\/surmasterprojects.com\\\/blog\\\/historia-y-cultura-de-portocolom\\\/#primaryimage\"},\"image\":{\"@id\":\"https:\\\/\\\/surmasterprojects.com\\\/blog\\\/historia-y-cultura-de-portocolom\\\/#primaryimage\"},\"thumbnailUrl\":\"https:\\\/\\\/surmasterprojects.com\\\/wp-content\\\/uploads\\\/2026\\\/03\\\/portocolom.jpg\",\"datePublished\":\"2026-03-16T12:46:29+00:00\",\"dateModified\":\"2026-03-16T12:48:55+00:00\",\"description\":\"Historia y cultura de Portocolom, desde la \u00e9poca talay\u00f3tica y romana hasta su tradici\u00f3n pesquera y el desarrollo tur\u00edstico en Mallorca.\",\"breadcrumb\":{\"@id\":\"https:\\\/\\\/surmasterprojects.com\\\/blog\\\/historia-y-cultura-de-portocolom\\\/#breadcrumb\"},\"inLanguage\":\"en-GB\",\"potentialAction\":[{\"@type\":\"ReadAction\",\"target\":[\"https:\\\/\\\/surmasterprojects.com\\\/blog\\\/historia-y-cultura-de-portocolom\\\/\"]}]},{\"@type\":\"ImageObject\",\"inLanguage\":\"en-GB\",\"@id\":\"https:\\\/\\\/surmasterprojects.com\\\/blog\\\/historia-y-cultura-de-portocolom\\\/#primaryimage\",\"url\":\"https:\\\/\\\/surmasterprojects.com\\\/wp-content\\\/uploads\\\/2026\\\/03\\\/portocolom.jpg\",\"contentUrl\":\"https:\\\/\\\/surmasterprojects.com\\\/wp-content\\\/uploads\\\/2026\\\/03\\\/portocolom.jpg\",\"width\":1920,\"height\":1126,\"caption\":\"default\"},{\"@type\":\"BreadcrumbList\",\"@id\":\"https:\\\/\\\/surmasterprojects.com\\\/blog\\\/historia-y-cultura-de-portocolom\\\/#breadcrumb\",\"itemListElement\":[{\"@type\":\"ListItem\",\"position\":1,\"name\":\"Portada\",\"item\":\"https:\\\/\\\/surmasterprojects.com\\\/es\\\/\"},{\"@type\":\"ListItem\",\"position\":2,\"name\":\"Historia y Cultura de Portocolom\"}]},{\"@type\":\"WebSite\",\"@id\":\"https:\\\/\\\/surmasterprojects.com\\\/es\\\/#website\",\"url\":\"https:\\\/\\\/surmasterprojects.com\\\/es\\\/\",\"name\":\"Surmaster Projects\",\"description\":\"\",\"publisher\":{\"@id\":\"https:\\\/\\\/surmasterprojects.com\\\/es\\\/#organization\"},\"potentialAction\":[{\"@type\":\"SearchAction\",\"target\":{\"@type\":\"EntryPoint\",\"urlTemplate\":\"https:\\\/\\\/surmasterprojects.com\\\/es\\\/?s={search_term_string}\"},\"query-input\":{\"@type\":\"PropertyValueSpecification\",\"valueRequired\":true,\"valueName\":\"search_term_string\"}}],\"inLanguage\":\"en-GB\"},{\"@type\":\"Organization\",\"@id\":\"https:\\\/\\\/surmasterprojects.com\\\/es\\\/#organization\",\"name\":\"Surmaster Projects\",\"url\":\"https:\\\/\\\/surmasterprojects.com\\\/es\\\/\",\"logo\":{\"@type\":\"ImageObject\",\"inLanguage\":\"en-GB\",\"@id\":\"https:\\\/\\\/surmasterprojects.com\\\/es\\\/#\\\/schema\\\/logo\\\/image\\\/\",\"url\":\"https:\\\/\\\/surmasterprojects.com\\\/wp-content\\\/uploads\\\/2022\\\/04\\\/cropped-Logo_GrupoSurmaster_negativo.png\",\"contentUrl\":\"https:\\\/\\\/surmasterprojects.com\\\/wp-content\\\/uploads\\\/2022\\\/04\\\/cropped-Logo_GrupoSurmaster_negativo.png\",\"width\":512,\"height\":512,\"caption\":\"Surmaster Projects\"},\"image\":{\"@id\":\"https:\\\/\\\/surmasterprojects.com\\\/es\\\/#\\\/schema\\\/logo\\\/image\\\/\"}},{\"@type\":\"Person\",\"@id\":\"https:\\\/\\\/surmasterprojects.com\\\/es\\\/#\\\/schema\\\/person\\\/e91face8d14f85c1a1e8281796c8dc8f\",\"name\":\"admin\",\"image\":{\"@type\":\"ImageObject\",\"inLanguage\":\"en-GB\",\"@id\":\"https:\\\/\\\/surmasterprojects.com\\\/wp-content\\\/litespeed\\\/avatar\\\/891d1cd506ea39e67ffae4cde18491f4.jpg?ver=1776813681\",\"url\":\"https:\\\/\\\/surmasterprojects.com\\\/wp-content\\\/litespeed\\\/avatar\\\/891d1cd506ea39e67ffae4cde18491f4.jpg?ver=1776813681\",\"contentUrl\":\"https:\\\/\\\/surmasterprojects.com\\\/wp-content\\\/litespeed\\\/avatar\\\/891d1cd506ea39e67ffae4cde18491f4.jpg?ver=1776813681\",\"caption\":\"admin\"},\"sameAs\":[\"http:\\\/\\\/surmasterprojects.com\"]}]}<\/script>\n<!-- \/ Yoast SEO plugin. -->","yoast_head_json":{"title":"Surmaster Projects","description":"Historia y cultura de Portocolom, desde la \u00e9poca talay\u00f3tica y romana hasta su tradici\u00f3n pesquera y el desarrollo tur\u00edstico en Mallorca.","robots":{"index":"index","follow":"follow","max-snippet":"max-snippet:-1","max-image-preview":"max-image-preview:large","max-video-preview":"max-video-preview:-1"},"canonical":"https:\/\/surmasterprojects.com\/en\/blog\/historia-y-cultura-de-portocolom\/","og_locale":"en_GB","og_type":"article","og_description":"Historia y cultura de Portocolom, desde la \u00e9poca talay\u00f3tica y romana hasta su tradici\u00f3n pesquera y el desarrollo tur\u00edstico en Mallorca.","og_url":"https:\/\/surmasterprojects.com\/en\/blog\/historia-y-cultura-de-portocolom\/","og_site_name":"Surmaster Projects","article_published_time":"2026-03-16T12:46:29+00:00","article_modified_time":"2026-03-16T12:48:55+00:00","og_image":[{"width":1920,"height":1126,"url":"https:\/\/surmasterprojects.com\/wp-content\/uploads\/2026\/03\/portocolom.jpg","type":"image\/jpeg"}],"author":"admin","twitter_card":"summary_large_image","twitter_misc":{"Written by":"admin","Estimated reading time":"14 minutes"},"schema":{"@context":"https:\/\/schema.org","@graph":[{"@type":"Article","@id":"https:\/\/surmasterprojects.com\/blog\/historia-y-cultura-de-portocolom\/#article","isPartOf":{"@id":"https:\/\/surmasterprojects.com\/blog\/historia-y-cultura-de-portocolom\/"},"author":{"name":"admin","@id":"https:\/\/surmasterprojects.com\/es\/#\/schema\/person\/e91face8d14f85c1a1e8281796c8dc8f"},"headline":"Historia y Cultura de Portocolom","datePublished":"2026-03-16T12:46:29+00:00","dateModified":"2026-03-16T12:48:55+00:00","mainEntityOfPage":{"@id":"https:\/\/surmasterprojects.com\/blog\/historia-y-cultura-de-portocolom\/"},"wordCount":3032,"commentCount":0,"publisher":{"@id":"https:\/\/surmasterprojects.com\/es\/#organization"},"image":{"@id":"https:\/\/surmasterprojects.com\/blog\/historia-y-cultura-de-portocolom\/#primaryimage"},"thumbnailUrl":"https:\/\/surmasterprojects.com\/wp-content\/uploads\/2026\/03\/portocolom.jpg","articleSection":["Portocolom: Gu\u00eda completa"],"inLanguage":"en-GB","potentialAction":[{"@type":"CommentAction","name":"Comment","target":["https:\/\/surmasterprojects.com\/blog\/historia-y-cultura-de-portocolom\/#respond"]}]},{"@type":"WebPage","@id":"https:\/\/surmasterprojects.com\/blog\/historia-y-cultura-de-portocolom\/","url":"https:\/\/surmasterprojects.com\/blog\/historia-y-cultura-de-portocolom\/","name":"","isPartOf":{"@id":"https:\/\/surmasterprojects.com\/es\/#website"},"primaryImageOfPage":{"@id":"https:\/\/surmasterprojects.com\/blog\/historia-y-cultura-de-portocolom\/#primaryimage"},"image":{"@id":"https:\/\/surmasterprojects.com\/blog\/historia-y-cultura-de-portocolom\/#primaryimage"},"thumbnailUrl":"https:\/\/surmasterprojects.com\/wp-content\/uploads\/2026\/03\/portocolom.jpg","datePublished":"2026-03-16T12:46:29+00:00","dateModified":"2026-03-16T12:48:55+00:00","description":"Historia y cultura de Portocolom, desde la \u00e9poca talay\u00f3tica y romana hasta su tradici\u00f3n pesquera y el desarrollo tur\u00edstico en Mallorca.","breadcrumb":{"@id":"https:\/\/surmasterprojects.com\/blog\/historia-y-cultura-de-portocolom\/#breadcrumb"},"inLanguage":"en-GB","potentialAction":[{"@type":"ReadAction","target":["https:\/\/surmasterprojects.com\/blog\/historia-y-cultura-de-portocolom\/"]}]},{"@type":"ImageObject","inLanguage":"en-GB","@id":"https:\/\/surmasterprojects.com\/blog\/historia-y-cultura-de-portocolom\/#primaryimage","url":"https:\/\/surmasterprojects.com\/wp-content\/uploads\/2026\/03\/portocolom.jpg","contentUrl":"https:\/\/surmasterprojects.com\/wp-content\/uploads\/2026\/03\/portocolom.jpg","width":1920,"height":1126,"caption":"default"},{"@type":"BreadcrumbList","@id":"https:\/\/surmasterprojects.com\/blog\/historia-y-cultura-de-portocolom\/#breadcrumb","itemListElement":[{"@type":"ListItem","position":1,"name":"Portada","item":"https:\/\/surmasterprojects.com\/es\/"},{"@type":"ListItem","position":2,"name":"Historia y Cultura de Portocolom"}]},{"@type":"WebSite","@id":"https:\/\/surmasterprojects.com\/es\/#website","url":"https:\/\/surmasterprojects.com\/es\/","name":"Surmaster Projects","description":"","publisher":{"@id":"https:\/\/surmasterprojects.com\/es\/#organization"},"potentialAction":[{"@type":"SearchAction","target":{"@type":"EntryPoint","urlTemplate":"https:\/\/surmasterprojects.com\/es\/?s={search_term_string}"},"query-input":{"@type":"PropertyValueSpecification","valueRequired":true,"valueName":"search_term_string"}}],"inLanguage":"en-GB"},{"@type":"Organization","@id":"https:\/\/surmasterprojects.com\/es\/#organization","name":"Surmaster Projects","url":"https:\/\/surmasterprojects.com\/es\/","logo":{"@type":"ImageObject","inLanguage":"en-GB","@id":"https:\/\/surmasterprojects.com\/es\/#\/schema\/logo\/image\/","url":"https:\/\/surmasterprojects.com\/wp-content\/uploads\/2022\/04\/cropped-Logo_GrupoSurmaster_negativo.png","contentUrl":"https:\/\/surmasterprojects.com\/wp-content\/uploads\/2022\/04\/cropped-Logo_GrupoSurmaster_negativo.png","width":512,"height":512,"caption":"Surmaster Projects"},"image":{"@id":"https:\/\/surmasterprojects.com\/es\/#\/schema\/logo\/image\/"}},{"@type":"Person","@id":"https:\/\/surmasterprojects.com\/es\/#\/schema\/person\/e91face8d14f85c1a1e8281796c8dc8f","name":"admin","image":{"@type":"ImageObject","inLanguage":"en-GB","@id":"https:\/\/surmasterprojects.com\/wp-content\/litespeed\/avatar\/891d1cd506ea39e67ffae4cde18491f4.jpg?ver=1776813681","url":"https:\/\/surmasterprojects.com\/wp-content\/litespeed\/avatar\/891d1cd506ea39e67ffae4cde18491f4.jpg?ver=1776813681","contentUrl":"https:\/\/surmasterprojects.com\/wp-content\/litespeed\/avatar\/891d1cd506ea39e67ffae4cde18491f4.jpg?ver=1776813681","caption":"admin"},"sameAs":["http:\/\/surmasterprojects.com"]}]}},"_links":{"self":[{"href":"https:\/\/surmasterprojects.com\/en\/wp-json\/wp\/v2\/posts\/9435","targetHints":{"allow":["GET"]}}],"collection":[{"href":"https:\/\/surmasterprojects.com\/en\/wp-json\/wp\/v2\/posts"}],"about":[{"href":"https:\/\/surmasterprojects.com\/en\/wp-json\/wp\/v2\/types\/post"}],"author":[{"embeddable":true,"href":"https:\/\/surmasterprojects.com\/en\/wp-json\/wp\/v2\/users\/1"}],"replies":[{"embeddable":true,"href":"https:\/\/surmasterprojects.com\/en\/wp-json\/wp\/v2\/comments?post=9435"}],"version-history":[{"count":2,"href":"https:\/\/surmasterprojects.com\/en\/wp-json\/wp\/v2\/posts\/9435\/revisions"}],"predecessor-version":[{"id":9438,"href":"https:\/\/surmasterprojects.com\/en\/wp-json\/wp\/v2\/posts\/9435\/revisions\/9438"}],"wp:featuredmedia":[{"embeddable":true,"href":"https:\/\/surmasterprojects.com\/en\/wp-json\/wp\/v2\/media\/9439"}],"wp:attachment":[{"href":"https:\/\/surmasterprojects.com\/en\/wp-json\/wp\/v2\/media?parent=9435"}],"wp:term":[{"taxonomy":"category","embeddable":true,"href":"https:\/\/surmasterprojects.com\/en\/wp-json\/wp\/v2\/categories?post=9435"},{"taxonomy":"post_tag","embeddable":true,"href":"https:\/\/surmasterprojects.com\/en\/wp-json\/wp\/v2\/tags?post=9435"}],"curies":[{"name":"wp","href":"https:\/\/api.w.org\/{rel}","templated":true}]}}