{"id":9035,"date":"2024-11-21T11:06:17","date_gmt":"2024-11-21T11:06:17","guid":{"rendered":"https:\/\/surmasterprojects.com\/?p=9035"},"modified":"2024-11-22T09:13:34","modified_gmt":"2024-11-22T09:13:34","slug":"cuando-viajar-a-mallorca","status":"publish","type":"post","link":"https:\/\/surmasterprojects.com\/es\/blog\/cuando-viajar-a-mallorca\/","title":{"rendered":"Cuando Viajar a Mallorca"},"content":{"rendered":"<p>[et_pb_section fb_built=\u00bb1&#8243; _builder_version=\u00bb4.21.0&#8243; _module_preset=\u00bbdefault\u00bb global_colors_info=\u00bb{}\u00bb][et_pb_row _builder_version=\u00bb4.16&#8243; custom_padding=\u00bb21px|||||\u00bb locked=\u00bboff\u00bb global_colors_info=\u00bb{}\u00bb][et_pb_column type=\u00bb4_4&#8243; _builder_version=\u00bb4.16&#8243; global_colors_info=\u00bb{}\u00bb][et_pb_text _builder_version=\u00bb4.27.3&#8243; header_font=\u00bbBellefair||||||||\u00bb header_font_size=\u00bb48px\u00bb header_line_height=\u00bb1.2em\u00bb header_2_font=\u00bbBellefair||||||||\u00bb header_2_text_color=\u00bb#000000&#8243; header_2_font_size=\u00bb48px\u00bb header_2_line_height=\u00bb1.2em\u00bb header_6_font=\u00bbMontserrat|700||on|||||\u00bb header_6_text_color=\u00bb#ff4e00&#8243; header_6_font_size=\u00bb12px\u00bb header_6_letter_spacing=\u00bb2px\u00bb header_6_line_height=\u00bb1.2em\u00bb text_orientation=\u00bbcenter\u00bb max_width=\u00bb700px\u00bb module_alignment=\u00bbcenter\u00bb header_2_font_size_tablet=\u00bb42px\u00bb header_2_font_size_phone=\u00bb34px\u00bb header_2_font_size_last_edited=\u00bbon|desktop\u00bb header_6_font_size_tablet=\u00bb42px\u00bb header_6_font_size_phone=\u00bb34px\u00bb header_6_font_size_last_edited=\u00bboff|phone\u00bb text_text_align=\u00bbjustify\u00bb locked=\u00bboff\u00bb global_colors_info=\u00bb{}\u00bb header_2_2_font_size_tablet=\u00bb42px\u00bb header_3_2_font_size_tablet=\u00bb42px\u00bb header_4_2_font_size_tablet=\u00bb42px\u00bb header_5_2_font_size_tablet=\u00bb42px\u00bb header_6_2_font_size_tablet=\u00bb42px\u00bb header_2_2_font_size_phone=\u00bb34px\u00bb header_3_2_font_size_phone=\u00bb34px\u00bb header_4_2_font_size_phone=\u00bb34px\u00bb header_5_2_font_size_phone=\u00bb34px\u00bb header_6_2_font_size_phone=\u00bb34px\u00bb header_2_2_font_size_last_edited=\u00bbon|tablet\u00bb header_3_2_font_size_last_edited=\u00bbon|tablet\u00bb header_4_2_font_size_last_edited=\u00bbon|tablet\u00bb header_5_2_font_size_last_edited=\u00bbon|tablet\u00bb header_6_2_font_size_last_edited=\u00bbon|tablet\u00bb header_2_3_font_size_tablet=\u00bb34px\u00bb header_3_3_font_size_tablet=\u00bb34px\u00bb header_4_3_font_size_tablet=\u00bb34px\u00bb header_5_3_font_size_tablet=\u00bb34px\u00bb header_6_3_font_size_tablet=\u00bb34px\u00bb header_2_3_font_size_phone=\u00bb28px\u00bb header_3_3_font_size_phone=\u00bb28px\u00bb header_4_3_font_size_phone=\u00bb28px\u00bb header_5_3_font_size_phone=\u00bb28px\u00bb header_6_3_font_size_phone=\u00bb28px\u00bb header_2_3_font_size_last_edited=\u00bbon|phone\u00bb header_3_3_font_size_last_edited=\u00bbon|phone\u00bb header_4_3_font_size_last_edited=\u00bbon|phone\u00bb header_5_3_font_size_last_edited=\u00bbon|phone\u00bb header_6_3_font_size_last_edited=\u00bbon|phone\u00bb header_2_4_font_size_tablet=\u00bb22px\u00bb header_3_4_font_size_tablet=\u00bb22px\u00bb header_4_4_font_size_tablet=\u00bb22px\u00bb header_5_4_font_size_tablet=\u00bb22px\u00bb header_6_4_font_size_tablet=\u00bb22px\u00bb header_2_4_font_size_phone=\u00bb18px\u00bb header_3_4_font_size_phone=\u00bb18px\u00bb header_4_4_font_size_phone=\u00bb18px\u00bb header_5_4_font_size_phone=\u00bb18px\u00bb header_6_4_font_size_phone=\u00bb18px\u00bb header_2_4_font_size_last_edited=\u00bbon|phone\u00bb header_3_4_font_size_last_edited=\u00bbon|phone\u00bb header_4_4_font_size_last_edited=\u00bbon|phone\u00bb header_5_4_font_size_last_edited=\u00bbon|phone\u00bb header_6_4_font_size_last_edited=\u00bbon|phone\u00bb header_2_5_font_size_phone=\u00bb16px\u00bb header_3_5_font_size_phone=\u00bb16px\u00bb header_4_5_font_size_phone=\u00bb16px\u00bb header_5_5_font_size_phone=\u00bb16px\u00bb header_6_5_font_size_phone=\u00bb16px\u00bb header_2_5_font_size_last_edited=\u00bbon|tablet\u00bb header_3_5_font_size_last_edited=\u00bbon|tablet\u00bb header_4_5_font_size_last_edited=\u00bbon|tablet\u00bb header_5_5_font_size_last_edited=\u00bbon|tablet\u00bb header_6_5_font_size_last_edited=\u00bbon|tablet\u00bb]<\/p>\n<h6>CUANDO VIAJAR A MALLORCA<\/h6>\n<h1><span style=\"font-weight: 400;\">Cuando Viajar a Mallorca: Gu\u00eda Completa<\/span><\/h1>\n<p>[\/et_pb_text][et_pb_image src=\u00bbhttps:\/\/surmasterprojects.com\/wp-content\/uploads\/2024\/02\/catedral-mallorca.jpeg\u00bb title_text=\u00bbcatedral-mallorca\u00bb align=\u00bbcenter\u00bb _builder_version=\u00bb4.24.0&#8243; global_colors_info=\u00bb{}\u00bb][\/et_pb_image][\/et_pb_column][\/et_pb_row][et_pb_row column_structure=\u00bb1_2,1_2&#8243; _builder_version=\u00bb4.16&#8243; custom_padding=\u00bb||0px|||\u00bb global_colors_info=\u00bb{}\u00bb][et_pb_column type=\u00bb1_2&#8243; _builder_version=\u00bb4.16&#8243; global_colors_info=\u00bb{}\u00bb][et_pb_text _builder_version=\u00bb4.24.0&#8243; header_font=\u00bbBellefair||||||||\u00bb header_text_color=\u00bb#000000&#8243; header_font_size=\u00bb48px\u00bb header_line_height=\u00bb1.2em\u00bb header_2_font=\u00bbBellefair||||||||\u00bb header_2_text_align=\u00bbleft\u00bb header_2_text_color=\u00bb#000000&#8243; header_2_font_size=\u00bb48px\u00bb header_2_line_height=\u00bb1.2em\u00bb header_3_font=\u00bbBellefair||||||||\u00bb header_3_text_color=\u00bb#000000&#8243; header_3_font_size=\u00bb38px\u00bb header_3_line_height=\u00bb1.2em\u00bb header_4_font=\u00bbBellefair||||||||\u00bb header_4_text_color=\u00bb#000000&#8243; header_4_font_size=\u00bb30px\u00bb header_4_line_height=\u00bb1.4em\u00bb header_5_font=\u00bbBellefair||||||||\u00bb header_5_text_color=\u00bb#000000&#8243; header_5_font_size=\u00bb22px\u00bb header_5_line_height=\u00bb1.2em\u00bb header_6_font=\u00bbMontserrat|700||on|||||\u00bb header_6_text_color=\u00bb#ff4e00&#8243; header_6_font_size=\u00bb12px\u00bb header_6_letter_spacing=\u00bb2px\u00bb header_6_line_height=\u00bb1.2em\u00bb header_font_size_tablet=\u00bb42px\u00bb header_font_size_phone=\u00bb34px\u00bb header_font_size_last_edited=\u00bbon|tablet\u00bb header_2_font_size_tablet=\u00bb42px\u00bb header_2_font_size_phone=\u00bb34px\u00bb header_2_font_size_last_edited=\u00bbon|tablet\u00bb header_3_font_size_tablet=\u00bb34px\u00bb header_3_font_size_phone=\u00bb28px\u00bb header_3_font_size_last_edited=\u00bbon|phone\u00bb header_4_font_size_tablet=\u00bb22px\u00bb header_4_font_size_phone=\u00bb18px\u00bb header_4_font_size_last_edited=\u00bbon|phone\u00bb header_5_font_size_tablet=\u00bb\u00bb header_5_font_size_phone=\u00bb16px\u00bb header_5_font_size_last_edited=\u00bbon|tablet\u00bb border_color_all=\u00bb#ff4e00&#8243; border_width_bottom=\u00bb4px\u00bb text_text_align=\u00bbjustify\u00bb locked=\u00bboff\u00bb global_colors_info=\u00bb{}\u00bb header_2_2_font_size_tablet=\u00bb42px\u00bb header_3_2_font_size_tablet=\u00bb42px\u00bb header_4_2_font_size_tablet=\u00bb42px\u00bb header_5_2_font_size_tablet=\u00bb42px\u00bb header_6_2_font_size_tablet=\u00bb42px\u00bb header_2_2_font_size_phone=\u00bb34px\u00bb header_3_2_font_size_phone=\u00bb34px\u00bb header_4_2_font_size_phone=\u00bb34px\u00bb header_5_2_font_size_phone=\u00bb34px\u00bb header_6_2_font_size_phone=\u00bb34px\u00bb header_2_2_font_size_last_edited=\u00bbon|tablet\u00bb header_3_2_font_size_last_edited=\u00bbon|tablet\u00bb header_4_2_font_size_last_edited=\u00bbon|tablet\u00bb header_5_2_font_size_last_edited=\u00bbon|tablet\u00bb header_6_2_font_size_last_edited=\u00bbon|tablet\u00bb header_2_3_font_size_tablet=\u00bb34px\u00bb header_3_3_font_size_tablet=\u00bb34px\u00bb header_4_3_font_size_tablet=\u00bb34px\u00bb header_5_3_font_size_tablet=\u00bb34px\u00bb header_6_3_font_size_tablet=\u00bb34px\u00bb header_2_3_font_size_phone=\u00bb28px\u00bb header_3_3_font_size_phone=\u00bb28px\u00bb header_4_3_font_size_phone=\u00bb28px\u00bb header_5_3_font_size_phone=\u00bb28px\u00bb header_6_3_font_size_phone=\u00bb28px\u00bb header_2_3_font_size_last_edited=\u00bbon|phone\u00bb header_3_3_font_size_last_edited=\u00bbon|phone\u00bb header_4_3_font_size_last_edited=\u00bbon|phone\u00bb header_5_3_font_size_last_edited=\u00bbon|phone\u00bb header_6_3_font_size_last_edited=\u00bbon|phone\u00bb header_2_4_font_size_tablet=\u00bb22px\u00bb header_3_4_font_size_tablet=\u00bb22px\u00bb header_4_4_font_size_tablet=\u00bb22px\u00bb header_5_4_font_size_tablet=\u00bb22px\u00bb header_6_4_font_size_tablet=\u00bb22px\u00bb header_2_4_font_size_phone=\u00bb18px\u00bb header_3_4_font_size_phone=\u00bb18px\u00bb header_4_4_font_size_phone=\u00bb18px\u00bb header_5_4_font_size_phone=\u00bb18px\u00bb header_6_4_font_size_phone=\u00bb18px\u00bb header_2_4_font_size_last_edited=\u00bbon|phone\u00bb header_3_4_font_size_last_edited=\u00bbon|phone\u00bb header_4_4_font_size_last_edited=\u00bbon|phone\u00bb header_5_4_font_size_last_edited=\u00bbon|phone\u00bb header_6_4_font_size_last_edited=\u00bbon|phone\u00bb header_2_5_font_size_phone=\u00bb16px\u00bb header_3_5_font_size_phone=\u00bb16px\u00bb header_4_5_font_size_phone=\u00bb16px\u00bb header_5_5_font_size_phone=\u00bb16px\u00bb header_6_5_font_size_phone=\u00bb16px\u00bb header_2_5_font_size_last_edited=\u00bbon|tablet\u00bb header_3_5_font_size_last_edited=\u00bbon|tablet\u00bb header_4_5_font_size_last_edited=\u00bbon|tablet\u00bb header_5_5_font_size_last_edited=\u00bbon|tablet\u00bb header_6_5_font_size_last_edited=\u00bbon|tablet\u00bb]<\/p>\n<h4><span style=\"font-weight: 400;\">Las vacaciones so\u00f1adas comienzan con una cuidadosa planificaci\u00f3n. Si est\u00e1s pensando en cuando viajar a Mallorca, has llegado al lugar adecuado. Aqu\u00ed te guiaremos a trav\u00e9s de los aspectos clave para asegurarte de que tu viaje a esta joya del Mediterr\u00e1neo sea memorable.<\/span><\/h4>\n<p>[\/et_pb_text][et_pb_text _builder_version=\u00bb4.27.3&#8243; text_font=\u00bb||||||||\u00bb text_font_size=\u00bb16px\u00bb text_line_height=\u00bb2em\u00bb text_orientation=\u00bbjustified\u00bb custom_margin=\u00bb||61px|||\u00bb text_font_size_tablet=\u00bb15px\u00bb text_font_size_phone=\u00bb14px\u00bb text_font_size_last_edited=\u00bbon|phone\u00bb locked=\u00bboff\u00bb global_colors_info=\u00bb{}\u00bb]<\/p>\n<p>Mallorca, la mayor de las Islas Baleares, es un destino que combina playas espectaculares, paisajes de ensue\u00f1o y una rica herencia cultural.<\/p>\n<p>Conocida por su belleza natural y su vibrante vida local, esta isla mediterr\u00e1nea atrae a millones de visitantes cada a\u00f1o, desde familias y aventureros hasta viajeros en busca de relax.<\/p>\n<p>Su diversidad de actividades y su clima agradable la convierten en un lugar ideal para visitar durante casi cualquier \u00e9poca del a\u00f1o.<\/p>\n<p>[\/et_pb_text][et_pb_image src=\u00bbhttps:\/\/surmasterprojects.com\/wp-content\/uploads\/2024\/02\/mujer-playa-e1707164275836.jpeg\u00bb title_text=\u00bbmujer-playa\u00bb _builder_version=\u00bb4.24.0&#8243; _module_preset=\u00bbdefault\u00bb global_colors_info=\u00bb{}\u00bb][\/et_pb_image][et_pb_text _builder_version=\u00bb4.27.3&#8243; text_font=\u00bb||||||||\u00bb text_font_size=\u00bb16px\u00bb text_line_height=\u00bb2em\u00bb text_orientation=\u00bbjustified\u00bb custom_margin=\u00bb||-3px|||\u00bb text_font_size_tablet=\u00bb15px\u00bb text_font_size_phone=\u00bb14px\u00bb text_font_size_last_edited=\u00bbon|phone\u00bb locked=\u00bboff\u00bb global_colors_info=\u00bb{}\u00bb]<\/p>\n<p>Mallorca es un destino ideal durante todo el a\u00f1o, combinando naturaleza, cultura y actividades \u00fanicas en cada estaci\u00f3n. En invierno y primavera, la tranquilidad y festividades tradicionales como San Sebasti\u00e1n o la floraci\u00f3n de los almendros invitan a explorar su lado m\u00e1s aut\u00e9ntico.<\/p>\n<p>El verano destaca por sus playas vibrantes, actividades acu\u00e1ticas y eventos como la Noche de San Juan, mientras que el oto\u00f1o ofrece un equilibrio perfecto entre clima agradable y menos multitudes, ideal para disfrutar de ferias locales.Sea cual sea la \u00e9poca, Mallorca garantiza experiencias inolvidables con su mezcla de paisajes, cultura y gastronom\u00eda.<\/p>\n<p>[\/et_pb_text][\/et_pb_column][et_pb_column type=\u00bb1_2&#8243; _builder_version=\u00bb4.16&#8243; global_colors_info=\u00bb{}\u00bb][et_pb_text _builder_version=\u00bb4.27.3&#8243; text_font=\u00bb||||||||\u00bb text_font_size=\u00bb16px\u00bb text_line_height=\u00bb2em\u00bb header_2_line_height=\u00bb1.4em\u00bb text_orientation=\u00bbjustified\u00bb text_font_size_tablet=\u00bb15px\u00bb text_font_size_phone=\u00bb14px\u00bb text_font_size_last_edited=\u00bbon|phone\u00bb locked=\u00bboff\u00bb global_colors_info=\u00bb{}\u00bb]<\/p>\n<h2><strong>Mejor temporada para viajar a Mallorca<\/strong><\/h2>\n<p>Mallorca disfruta de un clima mediterr\u00e1neo, caracterizado por inviernos suaves y veranos c\u00e1lidos y soleados. Esto significa que, pr\u00e1cticamente en cualquier momento del a\u00f1o, los visitantes pueden encontrar actividades y paisajes para disfrutar.<\/p>\n<ul>\n<li><strong>Veranos (junio a agosto):<\/strong> C\u00e1lidos y soleados, con temperaturas promedio entre 25 y 35 \u00b0C. Perfectos para quienes buscan disfrutar del mar y las actividades al aire libre.<\/li>\n<li><strong>Inviernos (diciembre a febrero):<\/strong> Frescos pero agradables, con temperaturas que rara vez bajan de los 10 \u00b0C, ideales para quienes prefieren tranquilidad y explorar pueblos con menos turistas.<\/li>\n<li><strong>Primavera (marzo a mayo) y Oto\u00f1o (septiembre a noviembre):<\/strong> \u00c9pocas intermedias con temperaturas moderadas entre 15 y 28 \u00b0C, perfectas para actividades como senderismo, ciclismo y visitas culturales.<\/li>\n<\/ul>\n<h3><strong>Primavera: Mallorca en Plena Floraci\u00f3n<\/strong><\/h3>\n<p><span style=\"font-weight: 400;\">La primavera en Mallorca es un deleite para los sentidos. Con temperaturas suaves y la exuberancia de la floraci\u00f3n, esta temporada es ideal para quienes buscan disfrutar de la isla en su m\u00e1xima expresi\u00f3n natural. Los paisajes se llenan de colores vibrantes, creando un ambiente encantador para explorar las maravillas de Mallorca.<\/span><\/p>\n<h3><strong>Verano: Sol, Playa y Diversi\u00f3n Infinita<\/strong><\/h3>\n<p><span style=\"font-weight: 400;\">El verano atrae a los amantes del sol y la playa. Con d\u00edas soleados y aguas c\u00e1lidas, Mallorca se convierte en un para\u00edso para aquellos que buscan relajarse en las playas de arena blanca y disfrutar de la animada escena veraniega. Es la temporada perfecta para actividades acu\u00e1ticas y eventos culturales.<\/span><\/p>\n<h3><strong>Oto\u00f1o: Encanto Tranquilo y Menos Multitudes<\/strong><\/h3>\n<p><span style=\"font-weight: 400;\">Si prefieres explorar Mallorca con menos multitudes, el oto\u00f1o ofrece un encanto tranquilo. Las temperaturas siguen siendo agradables, y la isla se calma despu\u00e9s de la temporada alta. Es el momento perfecto para disfrutar de excursiones sin aglomeraciones y apreciar la autenticidad de los lugares locales.<\/span><\/p>\n<h3><strong>Invierno: La Belleza Serena de Mallorca<\/strong><\/h3>\n<p><span style=\"font-weight: 400;\">Aunque Mallorca es conocida por su clima c\u00e1lido, el invierno tambi\u00e9n tiene su encanto. Las temperaturas suaves permiten explorar la isla sin el calor del verano, y los paisajes asumen una serenidad especial. Descubre la Mallorca invernal, donde la calma y la autenticidad te esperan lejos de las multitudes.<\/span><\/p>\n<p>[\/et_pb_text][\/et_pb_column][\/et_pb_row][et_pb_row _builder_version=\u00bb4.27.3&#8243; custom_padding=\u00bb58px||0px|||\u00bb global_colors_info=\u00bb{}\u00bb][et_pb_column type=\u00bb4_4&#8243; _builder_version=\u00bb4.16&#8243; global_colors_info=\u00bb{}\u00bb][et_pb_text _builder_version=\u00bb4.27.3&#8243; text_font=\u00bb||||||||\u00bb text_font_size=\u00bb16px\u00bb text_line_height=\u00bb2em\u00bb header_2_line_height=\u00bb1.4em\u00bb text_orientation=\u00bbjustified\u00bb text_font_size_tablet=\u00bb15px\u00bb text_font_size_phone=\u00bb14px\u00bb text_font_size_last_edited=\u00bbon|phone\u00bb locked=\u00bboff\u00bb global_colors_info=\u00bb{}\u00bb]<\/p>\n<h2><strong>Clima y temperatura de Mallorca<\/strong><\/h2>\n<p>Durante los meses de invierno (enero y febrero), la temperatura promedio del aire ronda los <strong>10-11\u00b0C<\/strong>, proporcionando d\u00edas frescos y agradables. En primavera, las temperaturas comienzan a subir, alcanzando los <strong>15\u00b0C en abril<\/strong> y los <strong>18,5\u00b0C en mayo<\/strong>.<\/p>\n<p>El verano es c\u00e1lido y seco, con temperaturas m\u00e1ximas promedio de <strong>27,2\u00b0C en julio<\/strong>. Agosto, aunque ligeramente m\u00e1s fresco con <strong>25,9\u00b0C<\/strong>, sigue siendo un mes ideal para disfrutar de actividades al aire libre. En oto\u00f1o, los term\u00f3metros descienden gradualmente, con una media de <strong>20,9\u00b0C en octubre<\/strong> y <strong>15\u00b0C en noviembre<\/strong>. Finalmente, diciembre retoma las condiciones frescas del invierno con <strong>12,3\u00b0C<\/strong>.<\/p>\n<p>[\/et_pb_text][et_pb_image src=\u00bbhttps:\/\/surmasterprojects.com\/wp-content\/uploads\/2024\/11\/temperature-average-mallorca-year.png\u00bb title_text=\u00bbtemperature-average-mallorca-year\u00bb align=\u00bbcenter\u00bb _builder_version=\u00bb4.27.3&#8243; _module_preset=\u00bbdefault\u00bb width=\u00bb100%\u00bb hover_enabled=\u00bb0&#8243; global_colors_info=\u00bb{}\u00bb sticky_enabled=\u00bb0&#8243;][\/et_pb_image][et_pb_text _builder_version=\u00bb4.27.3&#8243; text_font=\u00bb||||||||\u00bb text_font_size=\u00bb16px\u00bb text_line_height=\u00bb2em\u00bb header_2_line_height=\u00bb1.4em\u00bb text_orientation=\u00bbjustified\u00bb text_font_size_tablet=\u00bb15px\u00bb text_font_size_phone=\u00bb14px\u00bb text_font_size_last_edited=\u00bbon|phone\u00bb locked=\u00bboff\u00bb global_colors_info=\u00bb{}\u00bb]<\/p>\n<p><strong>Invierno (diciembre a febrero):<\/strong> Estos meses son los m\u00e1s fr\u00edos del a\u00f1o, con m\u00ednimas absolutas que pueden llegar a 0 \u00b0C en enero y m\u00e1ximas moderadas que rondan los 20-21 \u00b0C. Aunque es una \u00e9poca tranquila, las ma\u00f1anas y noches suelen ser frescas, ideales para quienes buscan una experiencia m\u00e1s relajada y menos tur\u00edstica.<\/p>\n<p><strong>Primavera (marzo a mayo):<\/strong> La temperatura comienza a templarse, con m\u00ednimas que van de los 3 \u00b0C en marzo a los 9 \u00b0C en mayo. Las m\u00e1ximas alcanzan valores agradables, situ\u00e1ndose entre 23 \u00b0C en marzo y 28 \u00b0C en mayo. Es un momento perfecto para disfrutar de actividades como el senderismo o visitar los pueblos de la isla sin el calor del verano.<\/p>\n<p><strong>Verano (junio a agosto):<\/strong> El verano es la \u00e9poca m\u00e1s calurosa, con m\u00e1ximas que pueden superar los 35 \u00b0C en junio y llegar a los 43.9 \u00b0C en julio, el mes m\u00e1s caluroso del a\u00f1o. Las m\u00ednimas se mantienen c\u00e1lidas, alrededor de los 18-19 \u00b0C, ofreciendo noches agradables para disfrutar de la animada vida nocturna o cenas al aire libre.<\/p>\n<p><strong>Oto\u00f1o (septiembre a noviembre):<\/strong> El clima comienza a suavizarse con la llegada del oto\u00f1o. En septiembre, las m\u00e1ximas rondan los 34 \u00b0C, pero bajan progresivamente hasta los 24 \u00b0C en noviembre. Las m\u00ednimas oscilan entre 16 \u00b0C en septiembre y 8 \u00b0C en noviembre, creando una atm\u00f3sfera fresca pero agradable, ideal para quienes prefieren un turismo m\u00e1s relajado.<\/p>\n<p>&nbsp;<\/p>\n<h3><strong>Temperatura Media del Mar<\/strong><\/h3>\n<p>La temperatura del mar en Mallorca tambi\u00e9n var\u00eda considerablemente. Si tu intenci\u00f3n es ba\u00f1arte en mallorca durante tu viaje, debes saber que durante los meses de invierno, el agua permanece fresca con <strong>15,1\u00b0C en enero<\/strong> y desciende ligeramente en febrero a <strong>14,2\u00b0C<\/strong>, el valor m\u00e1s bajo del a\u00f1o.<\/p>\n<p>Con la llegada de la primavera, el agua comienza a calentarse, alcanzando los <strong>18,5\u00b0C en mayo<\/strong>. En verano, el Mediterr\u00e1neo ofrece temperaturas ideales para nadar, alcanzando su punto m\u00e1ximo en agosto con <strong>26,7\u00b0C<\/strong>. Incluso en septiembre, el mar se mantiene c\u00e1lido con <strong>25,6\u00b0C<\/strong>.<\/p>\n<p>En oto\u00f1o, las temperaturas del agua descienden gradualmente desde <strong>23\u00b0C en octubre<\/strong> hasta <strong>16,7\u00b0C en diciembre<\/strong>, ofreciendo un final de a\u00f1o moderado para los amantes del mar.<\/p>\n<p>[\/et_pb_text][et_pb_divider color=\u00bb#f75e00&#8243; divider_weight=\u00bb4px\u00bb _builder_version=\u00bb4.21.0&#8243; _module_preset=\u00bbdefault\u00bb width=\u00bb40%\u00bb module_alignment=\u00bbcenter\u00bb global_colors_info=\u00bb{}\u00bb custom_padding=\u00bb||17px|||\u00bb][\/et_pb_divider][\/et_pb_column][\/et_pb_row][et_pb_row column_structure=\u00bb1_2,1_2&#8243; _builder_version=\u00bb4.21.0&#8243; custom_padding=\u00bb8px||0px|||\u00bb global_colors_info=\u00bb{}\u00bb][et_pb_column type=\u00bb1_2&#8243; _builder_version=\u00bb4.16&#8243; global_colors_info=\u00bb{}\u00bb][et_pb_text _builder_version=\u00bb4.27.3&#8243; text_font=\u00bb||||||||\u00bb text_font_size=\u00bb16px\u00bb text_line_height=\u00bb2em\u00bb header_2_line_height=\u00bb1.4em\u00bb text_orientation=\u00bbjustified\u00bb text_font_size_tablet=\u00bb15px\u00bb text_font_size_phone=\u00bb14px\u00bb text_font_size_last_edited=\u00bbon|phone\u00bb locked=\u00bboff\u00bb global_colors_info=\u00bb{}\u00bb]<\/p>\n<h2><strong>Factores Clave para Decidir Cu\u00e1ndo Visitar Mallorca<\/strong><\/h2>\n<p>Elegir la mejor \u00e9poca para viajar a Mallorca implica considerar diversos factores que pueden influir en la experiencia del viaje. Aqu\u00ed est\u00e1n los m\u00e1s relevantes:<\/p>\n<h3><strong>1. Clima: Adaptarse a las Estaciones<\/strong><\/h3>\n<p>El clima define en gran medida qu\u00e9 actividades se pueden disfrutar. Si tu prioridad es pasar tiempo en la playa, el verano es ideal. En cambio, si prefieres explorar sin el calor intenso, elige primavera u oto\u00f1o. Para quienes buscan tranquilidad, invierno es la \u00e9poca perfecta.<\/p>\n<h3><strong>2. Presupuesto y gastos<\/strong><\/h3>\n<p>El presupuesto es un factor determinante, especialmente si planeas viajar en temporada alta:<\/p>\n<ul>\n<li><strong>Temporada alta (junio-agosto)<\/strong>: Durante el verano, la alta demanda hace que los precios de vuelos, alojamientos y actividades aumenten significativamente. Si viajas en esta \u00e9poca, reserva con antelaci\u00f3n para encontrar mejores ofertas.<\/li>\n<li><strong>Temporada baja (noviembre-marzo)<\/strong>: Los meses de invierno son los m\u00e1s econ\u00f3micos, con precios reducidos en hoteles y vuelos. Adem\u00e1s, podr\u00e1s encontrar alojamientos de lujo a precios m\u00e1s accesibles. Sin embargo, algunos servicios tur\u00edsticos, como excursiones organizadas o actividades acu\u00e1ticas, pueden estar limitados.<\/li>\n<li><strong>Temporada media (abril-mayo y septiembre-octubre)<\/strong>: Durante la primavera y el oto\u00f1o, los precios son m\u00e1s razonables que en verano, pero la oferta de actividades sigue siendo amplia. Esta es una opci\u00f3n equilibrada para quienes buscan ahorrar sin sacrificar experiencias.<\/li>\n<\/ul>\n<p>Planificar tu viaje fuera de la temporada alta no solo reducir\u00e1 gastos, sino que tambi\u00e9n te permitir\u00e1 disfrutar de una Mallorca m\u00e1s tranquila y aut\u00e9ntica.<\/p>\n<p>[\/et_pb_text][\/et_pb_column][et_pb_column type=\u00bb1_2&#8243; _builder_version=\u00bb4.16&#8243; global_colors_info=\u00bb{}\u00bb][et_pb_image src=\u00bbhttps:\/\/surmasterprojects.com\/wp-content\/uploads\/2024\/02\/playa-turquesa-scaled.jpg\u00bb title_text=\u00bbplaya-turquesa\u00bb _builder_version=\u00bb4.24.0&#8243; _module_preset=\u00bbdefault\u00bb global_colors_info=\u00bb{}\u00bb][\/et_pb_image][et_pb_text _builder_version=\u00bb4.27.3&#8243; text_font=\u00bb||||||||\u00bb text_font_size=\u00bb16px\u00bb text_line_height=\u00bb2em\u00bb header_2_line_height=\u00bb1.4em\u00bb text_orientation=\u00bbjustified\u00bb text_font_size_tablet=\u00bb15px\u00bb text_font_size_phone=\u00bb14px\u00bb text_font_size_last_edited=\u00bbon|phone\u00bb locked=\u00bboff\u00bb global_colors_info=\u00bb{}\u00bb]<\/p>\n<div class=\"et_pb_text_inner\">\n<div data-shortcode-id=\"0.3.0.0-1732178076606\" data-quickaccess-editable=\"yes\" class=\"et-fb-popover-tinymce\">\n<div class=\"mce-content-body\" contenteditable=\"true\" style=\"position: relative;\">\n<h3><strong>3. Eventos y Festividades<\/strong><\/h3>\n<p>Mallorca tiene un calendario cultural y festivo muy rico. En verano destacan las <strong>Fiestas de Sant Joan<\/strong> y los mercados nocturnos, mientras que en invierno y oto\u00f1o se celebran festivales tradicionales como Sant Antoni o ferias gastron\u00f3micas, ideales para quienes quieren conocer la esencia local.<\/p>\n<h3><strong><\/strong><\/h3>\n<h3><strong>4. Intereses y Estilo de Viaje<\/strong><\/h3>\n<\/div>\n<\/div>\n<\/div>\n<p>Tu estilo de viaje y tus intereses personales son claves para decidir cu\u00e1ndo visitar Mallorca. La isla tiene algo para cada tipo de viajero, pero elegir la \u00e9poca adecuada puede marcar la diferencia:<\/p>\n<ul>\n<li><strong>Para los amantes de la playa<\/strong>: El verano es ideal, con aguas c\u00e1lidas y un ambiente animado en las zonas costeras.<\/li>\n<li><strong>Para exploradores culturales<\/strong>: Primavera, oto\u00f1o e invierno son perfectos para descubrir la historia, los museos y los pueblos encantadores de la isla sin multitudes.<\/li>\n<li><strong>Para los aventureros<\/strong>: Si disfrutas del senderismo, el ciclismo o el barranquismo, elige la primavera o el oto\u00f1o, cuando las temperaturas son m\u00e1s agradables para actividades f\u00edsicas.<\/li>\n<li><strong>Para quienes buscan tranquilidad<\/strong>: El invierno ofrece una Mallorca relajada, con menos turistas y un ambiente m\u00e1s local.<\/li>\n<\/ul>\n<p>[\/et_pb_text][\/et_pb_column][\/et_pb_row][et_pb_row _builder_version=\u00bb4.21.0&#8243; _module_preset=\u00bbdefault\u00bb custom_margin=\u00bb11px|auto||auto||\u00bb custom_padding=\u00bb||11px|||\u00bb global_colors_info=\u00bb{}\u00bb][et_pb_column type=\u00bb4_4&#8243; _builder_version=\u00bb4.21.0&#8243; _module_preset=\u00bbdefault\u00bb global_colors_info=\u00bb{}\u00bb][et_pb_divider color=\u00bb#f75e00&#8243; divider_weight=\u00bb4px\u00bb _builder_version=\u00bb4.21.0&#8243; _module_preset=\u00bbdefault\u00bb width=\u00bb40%\u00bb module_alignment=\u00bbcenter\u00bb global_colors_info=\u00bb{}\u00bb][\/et_pb_divider][\/et_pb_column][\/et_pb_row][et_pb_row column_structure=\u00bb1_2,1_2&#8243; _builder_version=\u00bb4.21.0&#8243; custom_padding=\u00bb||0px|||\u00bb global_colors_info=\u00bb{}\u00bb][et_pb_column type=\u00bb1_2&#8243; _builder_version=\u00bb4.16&#8243; global_colors_info=\u00bb{}\u00bb][et_pb_text _builder_version=\u00bb4.27.3&#8243; text_font=\u00bb||||||||\u00bb text_font_size=\u00bb16px\u00bb text_line_height=\u00bb2em\u00bb header_2_line_height=\u00bb1.4em\u00bb text_orientation=\u00bbjustified\u00bb text_font_size_tablet=\u00bb15px\u00bb text_font_size_phone=\u00bb14px\u00bb text_font_size_last_edited=\u00bbon|phone\u00bb locked=\u00bboff\u00bb global_colors_info=\u00bb{}\u00bb]<\/p>\n<h2><strong>\u00bfC\u00faal es el mejor mes para viajar a Mallorca?<\/strong><\/h2>\n<p><strong><\/strong><\/p>\n<h3><strong>Enero<\/strong><\/h3>\n<p>Mallorca en enero ofrece una experiencia tranquila y aut\u00e9ntica, ideal para quienes buscan conectar con la cultura local. Las temperaturas frescas permiten explorar la isla sin las multitudes t\u00edpicas del verano. Es un momento propicio para participar en festividades locales, como las celebraciones en honor a San Sebasti\u00e1n, patr\u00f3n de Palma, que incluyen conciertos, correfocs y actividades culturales. Si quieres m\u00e1s informaci\u00f3n no te pierdas nuestro art\u00edculo sobre\u00a0<a href=\"https:\/\/surmasterprojects.com\/es\/blog\/viajar-a-mallorca-en-enero-consejos-para-planificar-tu-viaje\/\"><span><\/span><span><\/span><span><\/span><span>viajar<\/span><span> a<\/span><span> Mallorca<\/span><span> en<\/span><span> enero<\/span><\/a>.<\/p>\n<p>[\/et_pb_text][et_pb_text _builder_version=\u00bb4.27.3&#8243; text_font=\u00bb||||||||\u00bb text_font_size=\u00bb16px\u00bb text_line_height=\u00bb2em\u00bb header_2_line_height=\u00bb1.4em\u00bb text_orientation=\u00bbjustified\u00bb text_font_size_tablet=\u00bb15px\u00bb text_font_size_phone=\u00bb14px\u00bb text_font_size_last_edited=\u00bbon|phone\u00bb locked=\u00bboff\u00bb global_colors_info=\u00bb{}\u00bb]<\/p>\n<h3><strong>Febrero<\/strong><\/h3>\n<p>En febrero, la isla muestra su encanto invernal con temperaturas suaves que oscilan entre 9\u00b0C y 16\u00b0C. Es la \u00e9poca de la floraci\u00f3n de los almendros, pintando el paisaje de tonos rosados y blancos. Actividades como el senderismo en la Serra de Tramuntana y visitas a bodegas locales para degustar vinos mallorquines son altamente recomendadas. Si quieres saber m\u00e1s te comendamos nuestro art\u00edculo <a href=\"https:\/\/surmasterprojects.com\/es\/blog\/viajar-a-mallorca-en-febrero\/\"><span><\/span><span>viajar<\/span><span> a<\/span><span> Mallorca<\/span><span> en<\/span><span> febrero<\/span><\/a>.<\/p>\n<p>[\/et_pb_text][\/et_pb_column][et_pb_column type=\u00bb1_2&#8243; _builder_version=\u00bb4.16&#8243; global_colors_info=\u00bb{}\u00bb][et_pb_image src=\u00bbhttps:\/\/surmasterprojects.com\/wp-content\/uploads\/2024\/11\/palma-de-mallorca-puerto-scaled.jpg\u00bb title_text=\u00bbpalma-de-mallorca-puerto\u00bb _builder_version=\u00bb4.27.3&#8243; _module_preset=\u00bbdefault\u00bb global_colors_info=\u00bb{}\u00bb][\/et_pb_image][et_pb_text _builder_version=\u00bb4.27.3&#8243; text_font=\u00bb||||||||\u00bb text_font_size=\u00bb16px\u00bb text_line_height=\u00bb2em\u00bb header_2_line_height=\u00bb1.4em\u00bb text_orientation=\u00bbjustified\u00bb text_font_size_tablet=\u00bb15px\u00bb text_font_size_phone=\u00bb14px\u00bb text_font_size_last_edited=\u00bbon|phone\u00bb locked=\u00bboff\u00bb global_colors_info=\u00bb{}\u00bb]<\/p>\n<h3><strong>Marzo<\/strong><\/h3>\n<p>Marzo marca el inicio de la primavera en Mallorca, con temperaturas m\u00e1s c\u00e1lidas y d\u00edas m\u00e1s largos. Es un mes ideal para disfrutar de eventos como la Mallorca Sailing Center Regatta y la Feria del Ram, una feria tradicional con atracciones y actividades para todas las edades. La isla comienza a llenarse de vida y color, ofreciendo una experiencia vibrante a los visitantes. <a href=\"https:\/\/surmasterprojects.com\/es\/blog\/viajar-a-mallorca-en-marzo\/\"><span>Lee<\/span><span> nuestro<\/span><span> art\u00edculo<\/span><span> sobre<\/span><span> viajar<\/span><span> a<\/span><span> Mallorca<\/span><span> en<\/span><span> marzo<\/span><\/a>.<\/p>\n<p>[\/et_pb_text][\/et_pb_column][\/et_pb_row][et_pb_row column_structure=\u00bb1_2,1_2&#8243; _builder_version=\u00bb4.21.0&#8243; custom_padding=\u00bb||0px|||\u00bb global_colors_info=\u00bb{}\u00bb][et_pb_column type=\u00bb1_2&#8243; _builder_version=\u00bb4.16&#8243; global_colors_info=\u00bb{}\u00bb][et_pb_text _builder_version=\u00bb4.27.3&#8243; text_font=\u00bb||||||||\u00bb text_font_size=\u00bb16px\u00bb text_line_height=\u00bb2em\u00bb header_2_line_height=\u00bb1.4em\u00bb text_orientation=\u00bbjustified\u00bb text_font_size_tablet=\u00bb15px\u00bb text_font_size_phone=\u00bb14px\u00bb text_font_size_last_edited=\u00bbon|phone\u00bb locked=\u00bboff\u00bb global_colors_info=\u00bb{}\u00bb]<\/p>\n<h3><strong>Abril<\/strong><\/h3>\n<p>Abril es un mes perfecto para explorar la naturaleza de Mallorca, con temperaturas agradables y una vegetaci\u00f3n exuberante. Las rutas de senderismo y ciclismo son especialmente atractivas en esta \u00e9poca. Adem\u00e1s, se celebran festividades como la Semana Santa, con procesiones y eventos culturales en diversos pueblos de la isla. Para m\u00e1s informaci\u00f3n te comendamos nuestro art\u00edculo <a href=\"https:\/\/surmasterprojects.com\/es\/blog\/viajar-a-mallorca-en-abril\/\"><span><\/span><span><\/span><span><\/span><span>viajar<\/span><span> a<\/span><span> Mallorca<\/span><span> en<\/span><span> abril<\/span><\/a>.<\/p>\n<p>[\/et_pb_text][\/et_pb_column][et_pb_column type=\u00bb1_2&#8243; _builder_version=\u00bb4.16&#8243; global_colors_info=\u00bb{}\u00bb][et_pb_text _builder_version=\u00bb4.27.3&#8243; text_font=\u00bb||||||||\u00bb text_font_size=\u00bb16px\u00bb text_line_height=\u00bb2em\u00bb header_2_line_height=\u00bb1.4em\u00bb text_orientation=\u00bbjustified\u00bb text_font_size_tablet=\u00bb15px\u00bb text_font_size_phone=\u00bb14px\u00bb text_font_size_last_edited=\u00bbon|phone\u00bb locked=\u00bboff\u00bb global_colors_info=\u00bb{}\u00bb]<\/p>\n<h3><strong>Mayo<\/strong><\/h3>\n<p>En mayo, Mallorca ofrece un clima c\u00e1lido pero a\u00fan sin el calor intenso del verano, ideal para disfrutar de las playas y actividades al aire libre. Es un mes propicio para explorar mercados locales, participar en festivales de m\u00fasica y degustar la gastronom\u00eda mallorquina en terrazas al aire libre. <a href=\"https:\/\/surmasterprojects.com\/es\/blog\/viajar-a-mallorca-en-mayo\/\"><span>Lee<\/span><span> nuestro<\/span><span> art\u00edculo<\/span><span> sobre<\/span><span> viajar<\/span><span> a<\/span><span> Mallorca<\/span><span> en<\/span><span> mayo<\/span><\/a>.<\/p>\n<p>[\/et_pb_text][\/et_pb_column][\/et_pb_row][et_pb_row column_structure=\u00bb1_2,1_2&#8243; _builder_version=\u00bb4.21.0&#8243; custom_padding=\u00bb||0px|||\u00bb global_colors_info=\u00bb{}\u00bb][et_pb_column type=\u00bb1_2&#8243; _builder_version=\u00bb4.16&#8243; global_colors_info=\u00bb{}\u00bb][et_pb_text _builder_version=\u00bb4.27.3&#8243; text_font=\u00bb||||||||\u00bb text_font_size=\u00bb16px\u00bb text_line_height=\u00bb2em\u00bb header_2_line_height=\u00bb1.4em\u00bb text_orientation=\u00bbjustified\u00bb text_font_size_tablet=\u00bb15px\u00bb text_font_size_phone=\u00bb14px\u00bb text_font_size_last_edited=\u00bbon|phone\u00bb locked=\u00bboff\u00bb global_colors_info=\u00bb{}\u00bb]<\/p>\n<h3><strong>Junio<\/strong><\/h3>\n<p>Junio marca el inicio del verano en Mallorca, con temperaturas que invitan a disfrutar plenamente de la costa. Las playas de aguas cristalinas y las actividades acu\u00e1ticas, como el snorkel y la navegaci\u00f3n, son protagonistas. Adem\u00e1s, la isla celebra eventos como la Noche de San Juan, con hogueras y fiestas en la playa. <a href=\"https:\/\/surmasterprojects.com\/es\/blog\/viajar-a-mallorca-en-junio\/\"><span>Lee<\/span><span> nuestro<\/span><span> art\u00edculo<\/span><span> sobre<\/span><span> viajar<\/span><span> a<\/span><span> Mallorca<\/span><span> en<\/span><span> junio<\/span><\/a>.<\/p>\n<p>[\/et_pb_text][\/et_pb_column][et_pb_column type=\u00bb1_2&#8243; _builder_version=\u00bb4.16&#8243; global_colors_info=\u00bb{}\u00bb][et_pb_text _builder_version=\u00bb4.27.3&#8243; text_font=\u00bb||||||||\u00bb text_font_size=\u00bb16px\u00bb text_line_height=\u00bb2em\u00bb header_2_line_height=\u00bb1.4em\u00bb text_orientation=\u00bbjustified\u00bb text_font_size_tablet=\u00bb15px\u00bb text_font_size_phone=\u00bb14px\u00bb text_font_size_last_edited=\u00bbon|phone\u00bb locked=\u00bboff\u00bb global_colors_info=\u00bb{}\u00bb]<\/p>\n<h3><strong>Julio<\/strong><\/h3>\n<p>Julio es uno de los meses m\u00e1s calurosos y concurridos en Mallorca. Las playas y zonas tur\u00edsticas est\u00e1n en su apogeo, ofreciendo una amplia gama de actividades y eventos. Es recomendable planificar con antelaci\u00f3n y explorar tambi\u00e9n zonas menos conocidas para evitar las multitudes. Si quieres saber m\u00e1s lee nuestro art\u00edculo <a href=\"https:\/\/surmasterprojects.com\/es\/blog\/viajar-a-mallorca-en-julio\/\"><span><\/span><span><\/span><span><\/span><span><\/span><span>viajar<\/span><span> a<\/span><span> Mallorca<\/span><span> en<\/span><span> julio<\/span><\/a>.<\/p>\n<p>[\/et_pb_text][\/et_pb_column][\/et_pb_row][et_pb_row column_structure=\u00bb1_2,1_2&#8243; _builder_version=\u00bb4.21.0&#8243; custom_padding=\u00bb||0px|||\u00bb global_colors_info=\u00bb{}\u00bb][et_pb_column type=\u00bb1_2&#8243; _builder_version=\u00bb4.16&#8243; global_colors_info=\u00bb{}\u00bb][et_pb_text _builder_version=\u00bb4.27.3&#8243; text_font=\u00bb||||||||\u00bb text_font_size=\u00bb16px\u00bb text_line_height=\u00bb2em\u00bb header_2_line_height=\u00bb1.4em\u00bb text_orientation=\u00bbjustified\u00bb text_font_size_tablet=\u00bb15px\u00bb text_font_size_phone=\u00bb14px\u00bb text_font_size_last_edited=\u00bbon|phone\u00bb locked=\u00bboff\u00bb global_colors_info=\u00bb{}\u00bb]<\/p>\n<h3><strong>Agosto<\/strong><\/h3>\n<p>Agosto es el mes pico del verano en Mallorca, con temperaturas elevadas y una gran afluencia de turistas. Es el momento ideal para disfrutar de las playas, la vibrante vida nocturna y festivales como la Copa del Rey de Vela. Se recomienda reservar alojamiento y actividades con anticipaci\u00f3n debido a la alta demanda. Si quieres saber m\u00e1s no te pierdas nuestro at\u00edculo <a href=\"https:\/\/surmasterprojects.com\/es\/blog\/viajar-a-mallorca-en-agosto\/\"><span><\/span><span><\/span><span><\/span><span>viajar<\/span><span> a<\/span><span> Mallorca<\/span><span> en<\/span><span> agosto<\/span><\/a>.<\/p>\n<p>[\/et_pb_text][\/et_pb_column][et_pb_column type=\u00bb1_2&#8243; _builder_version=\u00bb4.16&#8243; global_colors_info=\u00bb{}\u00bb][et_pb_text _builder_version=\u00bb4.27.3&#8243; text_font=\u00bb||||||||\u00bb text_font_size=\u00bb16px\u00bb text_line_height=\u00bb2em\u00bb header_2_line_height=\u00bb1.4em\u00bb text_orientation=\u00bbjustified\u00bb text_font_size_tablet=\u00bb15px\u00bb text_font_size_phone=\u00bb14px\u00bb text_font_size_last_edited=\u00bbon|phone\u00bb locked=\u00bboff\u00bb global_colors_info=\u00bb{}\u00bb]<\/p>\n<h3><strong>Septiembre<\/strong><\/h3>\n<p>En septiembre, la isla comienza a recuperar la tranquilidad tras la temporada alta. Las temperaturas siguen siendo agradables, y es un mes ideal para disfrutar de las playas sin las aglomeraciones veraniegas. Eventos como las Festes de la Mare de D\u00e9u de la Salut en Palma ofrecen una inmersi\u00f3n en la cultura local. Si quieres saber m\u00e1s te recomendamos el art\u00edculo <a href=\"https:\/\/surmasterprojects.com\/es\/blog\/viajar-a-mallorca-en-septiembre\/\"><span><\/span><span><\/span><span><\/span><span>viajar<\/span><span> a<\/span><span> Mallorca<\/span><span> en<\/span><span> septiembre<\/span><\/a>.<\/p>\n<p>[\/et_pb_text][\/et_pb_column][\/et_pb_row][et_pb_row column_structure=\u00bb1_2,1_2&#8243; _builder_version=\u00bb4.21.0&#8243; custom_padding=\u00bb||0px|||\u00bb global_colors_info=\u00bb{}\u00bb][et_pb_column type=\u00bb1_2&#8243; _builder_version=\u00bb4.16&#8243; global_colors_info=\u00bb{}\u00bb][et_pb_text _builder_version=\u00bb4.27.3&#8243; text_font=\u00bb||||||||\u00bb text_font_size=\u00bb16px\u00bb text_line_height=\u00bb2em\u00bb header_2_line_height=\u00bb1.4em\u00bb text_orientation=\u00bbjustified\u00bb text_font_size_tablet=\u00bb15px\u00bb text_font_size_phone=\u00bb14px\u00bb text_font_size_last_edited=\u00bbon|phone\u00bb locked=\u00bboff\u00bb global_colors_info=\u00bb{}\u00bb]<\/p>\n<h3><strong>Octubre<\/strong><\/h3>\n<p>Octubre trae consigo temperaturas m\u00e1s frescas y un ambiente m\u00e1s relajado. Es un mes perfecto para actividades al aire libre como el senderismo y el ciclismo. La isla celebra diversas ferias y festivales, brindando a los visitantes una experiencia cultural enriquecedora. <a href=\"https:\/\/surmasterprojects.com\/es\/blog\/viajar-a-mallorca-en-octubre\/\"><span>Lee<\/span><span> nuestro<\/span><span> art\u00edculo<\/span><span> sobre<\/span><span> viajar<\/span><span> a<\/span><span> Mallorca<\/span><span> en<\/span><span> octubre<\/span><\/a>.<\/p>\n<p>[\/et_pb_text][\/et_pb_column][et_pb_column type=\u00bb1_2&#8243; _builder_version=\u00bb4.16&#8243; global_colors_info=\u00bb{}\u00bb][et_pb_text _builder_version=\u00bb4.27.3&#8243; text_font=\u00bb||||||||\u00bb text_font_size=\u00bb16px\u00bb text_line_height=\u00bb2em\u00bb header_2_line_height=\u00bb1.4em\u00bb text_orientation=\u00bbjustified\u00bb text_font_size_tablet=\u00bb15px\u00bb text_font_size_phone=\u00bb14px\u00bb text_font_size_last_edited=\u00bbon|phone\u00bb locked=\u00bboff\u00bb global_colors_info=\u00bb{}\u00bb]<\/p>\n<h3><strong>Noviembre<\/strong><\/h3>\n<p>Noviembre en Mallorca ofrece un clima suave, con temperaturas que rondan los 13 a 19 grados Celsius. Es una \u00e9poca ideal para explorar la isla sin las multitudes, disfrutar de la gastronom\u00eda local y participar en eventos como el Dijous Bo en Inca, una de las ferias m\u00e1s importantes de la isla. <a href=\"https:\/\/surmasterprojects.com\/es\/blog\/viajar-a-mallorca-en-noviembre\/\"><span>Lee<\/span><span> nuestro<\/span><span> art\u00edculo<\/span><span> sobre<\/span><span> viajar<\/span><span> a<\/span><span> Mallorca<\/span><span> en<\/span><span> noviembre<\/span><\/a>.<\/p>\n<p>[\/et_pb_text][\/et_pb_column][\/et_pb_row][et_pb_row column_structure=\u00bb1_2,1_2&#8243; _builder_version=\u00bb4.21.0&#8243; custom_padding=\u00bb27px||0px|||\u00bb global_colors_info=\u00bb{}\u00bb][et_pb_column type=\u00bb1_2&#8243; _builder_version=\u00bb4.16&#8243; global_colors_info=\u00bb{}\u00bb][et_pb_image src=\u00bbhttps:\/\/surmasterprojects.com\/wp-content\/uploads\/2024\/11\/valldemossa-mallorca.png\u00bb title_text=\u00bbvalldemossa-mallorca\u00bb _builder_version=\u00bb4.27.3&#8243; _module_preset=\u00bbdefault\u00bb custom_margin=\u00bb-7px|||||\u00bb global_colors_info=\u00bb{}\u00bb][\/et_pb_image][\/et_pb_column][et_pb_column type=\u00bb1_2&#8243; _builder_version=\u00bb4.16&#8243; global_colors_info=\u00bb{}\u00bb][et_pb_text _builder_version=\u00bb4.27.3&#8243; text_font=\u00bb||||||||\u00bb text_font_size=\u00bb16px\u00bb text_line_height=\u00bb2em\u00bb header_2_line_height=\u00bb1.4em\u00bb text_orientation=\u00bbjustified\u00bb text_font_size_tablet=\u00bb15px\u00bb text_font_size_phone=\u00bb14px\u00bb text_font_size_last_edited=\u00bbon|phone\u00bb locked=\u00bboff\u00bb global_colors_info=\u00bb{}\u00bb]<\/p>\n<h3><strong>Diciembre<\/strong><\/h3>\n<p>Diciembre transforma Mallorca en un destino festivo, con mercados navide\u00f1os en Palma y otros pueblos. Las temperaturas suaves permiten disfrutar de actividades al aire libre, y la isla se llena de luces y decoraciones que crean un ambiente m\u00e1gico. Es un mes perfecto para sumergirse en las tradiciones navide\u00f1as mallorquinas y disfrutar de la gastronom\u00eda t\u00edpica de la temporada. <a href=\"https:\/\/surmasterprojects.com\/es\/blog\/viajar-a-mallorca-en-diciembre\/\"><span>Lee<\/span><span> nuestro<\/span><span> art\u00edculo<\/span><span> sobre<\/span><span> viajar<\/span><span> a<\/span><span> Mallorca<\/span><span> en<\/span><span> diciembre<\/span><\/a>.<\/p>\n<p>[\/et_pb_text][\/et_pb_column][\/et_pb_row][et_pb_row _builder_version=\u00bb4.21.0&#8243; _module_preset=\u00bbdefault\u00bb custom_margin=\u00bb11px|auto||auto||\u00bb custom_padding=\u00bb||11px|||\u00bb global_colors_info=\u00bb{}\u00bb][et_pb_column type=\u00bb4_4&#8243; _builder_version=\u00bb4.21.0&#8243; _module_preset=\u00bbdefault\u00bb global_colors_info=\u00bb{}\u00bb][et_pb_divider color=\u00bb#f75e00&#8243; divider_weight=\u00bb4px\u00bb _builder_version=\u00bb4.21.0&#8243; _module_preset=\u00bbdefault\u00bb width=\u00bb40%\u00bb module_alignment=\u00bbcenter\u00bb global_colors_info=\u00bb{}\u00bb][\/et_pb_divider][\/et_pb_column][\/et_pb_row][et_pb_row column_structure=\u00bb1_2,1_2&#8243; _builder_version=\u00bb4.21.0&#8243; custom_padding=\u00bb||0px|||\u00bb global_colors_info=\u00bb{}\u00bb][et_pb_column type=\u00bb1_2&#8243; _builder_version=\u00bb4.16&#8243; global_colors_info=\u00bb{}\u00bb][et_pb_text _builder_version=\u00bb4.27.3&#8243; text_font=\u00bb||||||||\u00bb text_font_size=\u00bb16px\u00bb text_line_height=\u00bb2em\u00bb header_2_line_height=\u00bb1.4em\u00bb text_orientation=\u00bbjustified\u00bb text_font_size_tablet=\u00bb15px\u00bb text_font_size_phone=\u00bb14px\u00bb text_font_size_last_edited=\u00bbon|phone\u00bb locked=\u00bboff\u00bb global_colors_info=\u00bb{}\u00bb]<\/p>\n<h2><strong>La Magia de Mallorca: Naturaleza, Cultura y Estilo de Vida<\/strong><\/h2>\n<h3><\/h3>\n<h3><strong>Playas de Ensue\u00f1o y Paisajes Variados<\/strong><\/h3>\n<p>Mallorca es sin\u00f3nimo de playas de arena dorada y aguas cristalinas. Desde calas escondidas como Cala Mitjana y Cal\u00f3 des Moro hasta largas extensiones de arena como Playa de Muro, la isla ofrece algo para todos los gustos.<\/p>\n<h3><strong>Rica Herencia Cultural<\/strong><\/h3>\n<p>La historia de Mallorca est\u00e1 impregnada de influencias romanas, \u00e1rabes y medievales, que se reflejan en su arquitectura y tradiciones.<\/p>\n<p>Ciudades como Palma, con su imponente catedral g\u00f3tica La Seu, o pueblos encantadores como Valldemossa y S\u00f3ller, invitan a los viajeros a explorar su pasado y disfrutar de su atm\u00f3sfera \u00fanica.<\/p>\n<p>Adem\u00e1s, Mallorca cuenta con una rica tradici\u00f3n gastron\u00f3mica, desde su emblem\u00e1tica ensaimada hasta platos locales como el tumbet y la sobrasada.<\/p>\n<h3><strong>Un Estilo de Vida Mediterr\u00e1neo \u00danico<\/strong><\/h3>\n<p>M\u00e1s all\u00e1 de sus atractivos tur\u00edsticos, lo que realmente enamora de Mallorca es su estilo de vida relajado.<\/p>\n<p>Los mercados locales, las terrazas junto al mar y las festividades tradicionales ofrecen una experiencia aut\u00e9ntica para quienes buscan conectarse con la esencia de la isla.<\/p>\n<p>[\/et_pb_text][\/et_pb_column][et_pb_column type=\u00bb1_2&#8243; _builder_version=\u00bb4.16&#8243; global_colors_info=\u00bb{}\u00bb][et_pb_image src=\u00bbhttps:\/\/surmasterprojects.com\/wp-content\/uploads\/2024\/04\/architecture-house-town-building-palace-city-779565-pxhere.com_.jpg\u00bb title_text=\u00bbarchitecture-house-town-building-palace-city-779565-pxhere.com\u00bb _builder_version=\u00bb4.27.3&#8243; _module_preset=\u00bbdefault\u00bb global_colors_info=\u00bb{}\u00bb][\/et_pb_image][et_pb_text _builder_version=\u00bb4.27.3&#8243; text_font=\u00bb||||||||\u00bb text_font_size=\u00bb16px\u00bb text_line_height=\u00bb2em\u00bb header_2_line_height=\u00bb1.4em\u00bb text_orientation=\u00bbjustified\u00bb text_font_size_tablet=\u00bb15px\u00bb text_font_size_phone=\u00bb14px\u00bb text_font_size_last_edited=\u00bbon|phone\u00bb locked=\u00bboff\u00bb global_colors_info=\u00bb{}\u00bb]<\/p>\n<p><span style=\"font-weight: 400;\">Mallorca, con su combinaci\u00f3n \u00fanica de playas paradis\u00edacas y paisajes monta\u00f1osos impresionantes, as\u00ed como sus pueblos encantadores dispersos por toda la isla, se presenta como un destino incomparable que espera ser explorado.\u00a0<\/span><span style=\"font-weight: 400;\"> Pero Mallorca no es solo playa: su interior alberga la majestuosa Sierra de Tramontana, declarada Patrimonio de la Humanidad por la UNESCO, con paisajes ideales para los amantes del senderismo y el ciclismo.<\/span><\/p>\n<p><span style=\"font-weight: 400;\">Sum\u00e9rgete en la diversidad de la isla, aprovechando al m\u00e1ximo cada rinc\u00f3n de esta isla mediterr\u00e1nea durante tu visita. Explora las orillas de sus playas, contempla la majestuosidad de sus monta\u00f1as y disfruta de la riqueza cultural en sus pintorescos pueblos, creando as\u00ed una experiencia inolvidable llena de descubrimientos y aventuras.<\/span><\/p>\n<p>[\/et_pb_text][\/et_pb_column][\/et_pb_row][et_pb_row _builder_version=\u00bb4.21.0&#8243; _module_preset=\u00bbdefault\u00bb custom_margin=\u00bb11px|auto||auto||\u00bb custom_padding=\u00bb||11px|||\u00bb global_colors_info=\u00bb{}\u00bb][et_pb_column type=\u00bb4_4&#8243; _builder_version=\u00bb4.21.0&#8243; _module_preset=\u00bbdefault\u00bb global_colors_info=\u00bb{}\u00bb][et_pb_divider color=\u00bb#f75e00&#8243; divider_weight=\u00bb4px\u00bb _builder_version=\u00bb4.21.0&#8243; _module_preset=\u00bbdefault\u00bb width=\u00bb40%\u00bb module_alignment=\u00bbcenter\u00bb global_colors_info=\u00bb{}\u00bb][\/et_pb_divider][\/et_pb_column][\/et_pb_row][et_pb_row column_structure=\u00bb1_2,1_2&#8243; _builder_version=\u00bb4.21.0&#8243; custom_padding=\u00bb||0px|||\u00bb global_colors_info=\u00bb{}\u00bb][et_pb_column type=\u00bb1_2&#8243; _builder_version=\u00bb4.16&#8243; global_colors_info=\u00bb{}\u00bb][et_pb_text _builder_version=\u00bb4.27.3&#8243; text_font=\u00bb||||||||\u00bb text_font_size=\u00bb16px\u00bb text_line_height=\u00bb2em\u00bb header_2_line_height=\u00bb1.4em\u00bb text_orientation=\u00bbjustified\u00bb text_font_size_tablet=\u00bb15px\u00bb text_font_size_phone=\u00bb14px\u00bb text_font_size_last_edited=\u00bbon|phone\u00bb locked=\u00bboff\u00bb global_colors_info=\u00bb{}\u00bb]<\/p>\n<h2><strong>Ocio en Mallorca durante el a\u00f1o<\/strong><\/h2>\n<h3><strong>Ocio para los Amantes de la Naturaleza<\/strong><\/h3>\n<p><strong><\/strong><\/p>\n<h4><strong>Sierra de Tramontana<\/strong><\/h4>\n<p>La Sierra de Tramontana, declarada Patrimonio de la Humanidad por la UNESCO, es un lugar excepcional para quienes disfrutan del senderismo, el ciclismo y la escalada. Sus rutas brindan paisajes espectaculares de monta\u00f1as, acantilados y vistas al mar. Algunas actividades recomendadas son:<\/p>\n<ul>\n<li><strong>Rutas de senderismo<\/strong>: Caminos como el Barranco de Biniaraix o el ascenso al Puig de Massanella son ideales para conectar con la naturaleza.<\/li>\n<li><strong>Ciclismo<\/strong>: Las carreteras panor\u00e1micas, como la que une S\u00f3ller con Sa Calobra, convierten la isla en un destino de referencia para ciclistas de todos los niveles.<\/li>\n<li><strong>Escalada y barranquismo<\/strong>: Los acantilados y barrancos ofrecen retos emocionantes para los m\u00e1s aventureros.<\/li>\n<\/ul>\n<h4><strong><\/strong><\/h4>\n<h4><strong>Parques Naturales<\/strong><\/h4>\n<p>Mallorca cuenta con espacios protegidos ideales para disfrutar de su flora y fauna:<\/p>\n<ul>\n<li><strong>Parque Natural de Mondrag\u00f3<\/strong>: Perfecto para paseos tranquilos entre playas y zonas boscosas.<\/li>\n<li><strong>Parque Natural de S\u2019Albufera<\/strong>: Un lugar excepcional para observar aves y relajarse en un entorno natural.<\/li>\n<\/ul>\n<p>[\/et_pb_text][\/et_pb_column][et_pb_column type=\u00bb1_2&#8243; _builder_version=\u00bb4.16&#8243; global_colors_info=\u00bb{}\u00bb][et_pb_image src=\u00bbhttps:\/\/surmasterprojects.com\/wp-content\/uploads\/2024\/11\/puig-major-serra-tramuntana.png\u00bb title_text=\u00bbpuig-major-serra-tramuntana\u00bb _builder_version=\u00bb4.27.3&#8243; _module_preset=\u00bbdefault\u00bb global_colors_info=\u00bb{}\u00bb][\/et_pb_image][et_pb_text _builder_version=\u00bb4.27.3&#8243; text_font=\u00bb||||||||\u00bb text_font_size=\u00bb16px\u00bb text_line_height=\u00bb2em\u00bb header_2_line_height=\u00bb1.4em\u00bb text_orientation=\u00bbjustified\u00bb text_font_size_tablet=\u00bb15px\u00bb text_font_size_phone=\u00bb14px\u00bb text_font_size_last_edited=\u00bbon|phone\u00bb locked=\u00bboff\u00bb global_colors_info=\u00bb{}\u00bb]<\/p>\n<h3><strong>Ocio Deportivo: De la Tierra al Mar<\/strong><\/h3>\n<h4><strong>Deportes Acu\u00e1ticos<\/strong><\/h4>\n<p>La isla, con su extensa costa, es un destino destacado para los deportes acu\u00e1ticos. Las opciones se adaptan tanto a principiantes como a expertos:<\/p>\n<ul>\n<li><strong>Snorkel y buceo<\/strong>: Lugares como Cala Sant Vicen\u00e7 o Cabrera son perfectos para conocer la riqueza marina de Mallorca.<\/li>\n<li><strong>Paddle surf y kayak<\/strong>: Actividades ideales para recorrer calas escondidas y disfrutar del mar.<\/li>\n<li><strong>Vela y navegaci\u00f3n<\/strong>: Con condiciones excelentes para navegar, Mallorca ofrece numerosas empresas que alquilan barcos o realizan excursiones.<\/li>\n<\/ul>\n<p>[\/et_pb_text][\/et_pb_column][\/et_pb_row][et_pb_row column_structure=\u00bb1_2,1_2&#8243; _builder_version=\u00bb4.27.3&#8243; custom_padding=\u00bb||0px|||\u00bb global_colors_info=\u00bb{}\u00bb][et_pb_column type=\u00bb1_2&#8243; _builder_version=\u00bb4.16&#8243; global_colors_info=\u00bb{}\u00bb][et_pb_image src=\u00bbhttps:\/\/surmasterprojects.com\/wp-content\/uploads\/2024\/03\/palma-de-mallorca-torres-scaled-e1709562688204.jpg\u00bb title_text=\u00bbpalma-mallorca-torres\u00bb _builder_version=\u00bb4.27.3&#8243; _module_preset=\u00bbdefault\u00bb global_colors_info=\u00bb{}\u00bb][\/et_pb_image][\/et_pb_column][et_pb_column type=\u00bb1_2&#8243; _builder_version=\u00bb4.16&#8243; global_colors_info=\u00bb{}\u00bb][et_pb_text _builder_version=\u00bb4.27.3&#8243; text_font=\u00bb||||||||\u00bb text_font_size=\u00bb16px\u00bb text_line_height=\u00bb2em\u00bb header_2_line_height=\u00bb1.4em\u00bb text_orientation=\u00bbjustified\u00bb text_font_size_tablet=\u00bb15px\u00bb text_font_size_phone=\u00bb14px\u00bb text_font_size_last_edited=\u00bbon|phone\u00bb locked=\u00bboff\u00bb global_colors_info=\u00bb{}\u00bb]<\/p>\n<h3><strong>Ocio Cultural: Historia, Arte y Tradiciones<\/strong><\/h3>\n<h4><strong>La Historia de Palma<\/strong><\/h4>\n<p>La capital de la isla, Palma, es un n\u00facleo cultural e hist\u00f3rico que merece ser conocido en profundidad. Entre sus lugares m\u00e1s emblem\u00e1ticos destacan:<\/p>\n<ul>\n<li><strong>La Catedral de Palma (La Seu)<\/strong>: Una joya de la arquitectura g\u00f3tica.<\/li>\n<li><strong>El Castillo de Bellver<\/strong>: Un castillo \u00fanico por su forma circular, con unas vistas privilegiadas.<\/li>\n<li><strong>Casco antiguo de Palma<\/strong>: Con calles estrechas, patios interiores y edificios hist\u00f3ricos, invita a disfrutar de paseos llenos de encanto.<\/li>\n<\/ul>\n<p>[\/et_pb_text][\/et_pb_column][\/et_pb_row][et_pb_row column_structure=\u00bb1_2,1_2&#8243; _builder_version=\u00bb4.27.3&#8243; custom_padding=\u00bb||0px|||\u00bb global_colors_info=\u00bb{}\u00bb][et_pb_column type=\u00bb1_2&#8243; _builder_version=\u00bb4.16&#8243; global_colors_info=\u00bb{}\u00bb][et_pb_text _builder_version=\u00bb4.27.3&#8243; text_font=\u00bb||||||||\u00bb text_font_size=\u00bb16px\u00bb text_line_height=\u00bb2em\u00bb header_2_line_height=\u00bb1.4em\u00bb text_orientation=\u00bbjustified\u00bb text_font_size_tablet=\u00bb15px\u00bb text_font_size_phone=\u00bb14px\u00bb text_font_size_last_edited=\u00bbon|phone\u00bb locked=\u00bboff\u00bb global_colors_info=\u00bb{}\u00bb]<\/p>\n<h4><strong>Pueblos con Encanto<\/strong><\/h4>\n<p>Mallorca est\u00e1 salpicada de pueblos que conservan su esencia tradicional. Entre los m\u00e1s destacados est\u00e1n:<\/p>\n<ul>\n<li><strong>Valldemossa<\/strong>: Conocido por su monasterio y su v\u00ednculo con Fr\u00e9d\u00e9ric Chopin.<\/li>\n<li><strong>S\u00f3ller<\/strong>: Accesible desde Palma mediante un pintoresco tren hist\u00f3rico.<\/li>\n<li><strong>Alc\u00fadia<\/strong>: Famoso por su casco antiguo amurallado y sus mercados locales.<\/li>\n<\/ul>\n<h4><strong>Museos y Arte<\/strong><\/h4>\n<p>La isla ofrece espacios culturales como:<\/p>\n<ul>\n<li><strong>Fundaci\u00f3n Pilar y Joan Mir\u00f3<\/strong>: Dedicado al arte de este c\u00e9lebre pintor.<\/li>\n<li><strong>Museo Es Baluard<\/strong>: Especializado en arte moderno y contempor\u00e1neo, situado en un basti\u00f3n hist\u00f3rico.<\/li>\n<\/ul>\n<p>[\/et_pb_text][\/et_pb_column][et_pb_column type=\u00bb1_2&#8243; _builder_version=\u00bb4.16&#8243; global_colors_info=\u00bb{}\u00bb][et_pb_image src=\u00bbhttps:\/\/surmasterprojects.com\/wp-content\/uploads\/2024\/05\/train-soller.png\u00bb title_text=\u00bbtrain-soller\u00bb _builder_version=\u00bb4.27.3&#8243; _module_preset=\u00bbdefault\u00bb global_colors_info=\u00bb{}\u00bb][\/et_pb_image][\/et_pb_column][\/et_pb_row][et_pb_row column_structure=\u00bb1_2,1_2&#8243; _builder_version=\u00bb4.27.3&#8243; custom_padding=\u00bb||0px|||\u00bb global_colors_info=\u00bb{}\u00bb][et_pb_column type=\u00bb1_2&#8243; _builder_version=\u00bb4.16&#8243; global_colors_info=\u00bb{}\u00bb][et_pb_text _builder_version=\u00bb4.27.3&#8243; text_font=\u00bb||||||||\u00bb text_font_size=\u00bb16px\u00bb text_line_height=\u00bb2em\u00bb header_2_line_height=\u00bb1.4em\u00bb text_orientation=\u00bbjustified\u00bb text_font_size_tablet=\u00bb15px\u00bb text_font_size_phone=\u00bb14px\u00bb text_font_size_last_edited=\u00bbon|phone\u00bb locked=\u00bboff\u00bb global_colors_info=\u00bb{}\u00bb]<\/p>\n<h3><strong>Ocio Familiar: Diversi\u00f3n para Todos<\/strong><\/h3>\n<h4><strong>Parques Tem\u00e1ticos y Acu\u00e1ticos<\/strong><\/h4>\n<p>Mallorca es perfecta para familias, con opciones dise\u00f1adas para todas las edades:<\/p>\n<ul>\n<li><strong>Katmandu Park<\/strong>: Un parque tem\u00e1tico interactivo con actividades variadas.<\/li>\n<li><strong>Aqualand El Arenal y Western Water Park<\/strong>: Parques acu\u00e1ticos con toboganes y atracciones ideales para los meses de verano.<\/li>\n<\/ul>\n<h4><strong>Actividades Educativas<\/strong><\/h4>\n<ul>\n<li><strong>Palma Aquarium<\/strong>: Una oportunidad para conocer la vida marina a trav\u00e9s de exhibiciones interactivas.<\/li>\n<li><strong>Cuevas del Drach<\/strong>: Un espect\u00e1culo natural que incluye un concierto en un lago subterr\u00e1neo.<\/li>\n<\/ul>\n<p>[\/et_pb_text][\/et_pb_column][et_pb_column type=\u00bb1_2&#8243; _builder_version=\u00bb4.16&#8243; global_colors_info=\u00bb{}\u00bb][et_pb_text _builder_version=\u00bb4.27.3&#8243; text_font=\u00bb||||||||\u00bb text_font_size=\u00bb16px\u00bb text_line_height=\u00bb2em\u00bb header_2_line_height=\u00bb1.4em\u00bb text_orientation=\u00bbjustified\u00bb text_font_size_tablet=\u00bb15px\u00bb text_font_size_phone=\u00bb14px\u00bb text_font_size_last_edited=\u00bbon|phone\u00bb locked=\u00bboff\u00bb global_colors_info=\u00bb{}\u00bb]<\/p>\n<h3><strong>Ocio Gastron\u00f3mico: Sabores de Mallorca<\/strong><\/h3>\n<h4><strong>Mercados Locales<\/strong><\/h4>\n<p>Los mercados mallorquines son una excelente forma de disfrutar de la gastronom\u00eda local. Entre los m\u00e1s destacados est\u00e1n:<\/p>\n<ul>\n<li><strong>Mercat de l\u2019Olivar (Palma)<\/strong>: Ideal para probar productos frescos y tapas.<\/li>\n<li><strong>Mercado de Sineu<\/strong>: Uno de los m\u00e1s antiguos, con una gran oferta de productos locales y artesan\u00edas.<\/li>\n<\/ul>\n<h4><strong>Rutas Gastron\u00f3micas<\/strong><\/h4>\n<p>La cocina mallorquina es variada y deliciosa. En la regi\u00f3n de Binissalem se pueden realizar catas de vinos locales, mientras que restaurantes tradicionales en Palma y otros pueblos sirven platos emblem\u00e1ticos como el tumbet, el frito mallorqu\u00edn y las ensaimadas.<\/p>\n<p>[\/et_pb_text][\/et_pb_column][\/et_pb_row][et_pb_row column_structure=\u00bb1_2,1_2&#8243; _builder_version=\u00bb4.27.3&#8243; custom_padding=\u00bb||0px|||\u00bb global_colors_info=\u00bb{}\u00bb][et_pb_column type=\u00bb1_2&#8243; _builder_version=\u00bb4.16&#8243; global_colors_info=\u00bb{}\u00bb][et_pb_text _builder_version=\u00bb4.27.3&#8243; text_font=\u00bb||||||||\u00bb text_font_size=\u00bb16px\u00bb text_line_height=\u00bb2em\u00bb header_2_line_height=\u00bb1.4em\u00bb text_orientation=\u00bbjustified\u00bb text_font_size_tablet=\u00bb15px\u00bb text_font_size_phone=\u00bb14px\u00bb text_font_size_last_edited=\u00bbon|phone\u00bb locked=\u00bboff\u00bb global_colors_info=\u00bb{}\u00bb]<\/p>\n<h3><strong><\/strong><\/h3>\n<h3><strong>Ocio Nocturno en Mallorca<\/strong><\/h3>\n<p>La vida nocturna en Mallorca es vibrante y variada, ofreciendo opciones para quienes buscan bailar hasta el amanecer o disfrutar de una copa en un ambiente m\u00e1s relajado.<\/p>\n<p>Las principales zonas de ocio nocturno, como Magaluf y el Paseo Mar\u00edtimo de Palma, albergan locales ic\u00f3nicos que siguen marcando tendencia.<\/p>\n<p>&nbsp;<\/p>\n<h4><strong>Clubs y Discotecas<\/strong><\/h4>\n<ul>\n<li><strong>BCM Planet Dance<\/strong>: Situada en Magaluf, es una de las discotecas m\u00e1s grandes y destacadas de Europa. Tras una reciente renovaci\u00f3n, ha reabierto con una oferta de m\u00fasica electr\u00f3nica de alta calidad, atrayendo a algunos de los mejores DJs del mundo. Su amplia capacidad y sus espect\u00e1culos de luces y sonido la convierten en un referente imprescindible para los amantes de las grandes fiestas.<\/li>\n<li><strong>Social Club Mallorca<\/strong>: Localizado en el Paseo Mar\u00edtimo de Palma, este club combina un ambiente sofisticado con una programaci\u00f3n de m\u00fasica electr\u00f3nica y house. Es conocido por sus vistas al puerto y su p\u00fablico cosmopolita, siendo una opci\u00f3n ideal para quienes buscan una experiencia nocturna de calidad en un entorno exclusivo.<\/li>\n<li><strong>Kaelum Club<\/strong>: Tambi\u00e9n en Palma, este club es uno de los favoritos entre los j\u00f3venes locales y turistas. Ofrece una variada oferta musical que incluye desde m\u00fasica comercial hasta sesiones de DJ de estilo electr\u00f3nico, garantizando una noche animada y llena de energ\u00eda.\u00a0<\/li>\n<\/ul>\n<ul>\n<li>\n<p>Mallorca ofrece una amplia gama de opciones para disfrutar de su vida nocturna, desde grandes discotecas como <strong>BCM Planet Dance<\/strong> hasta elegantes beach clubs como <strong>Purobeach Palma<\/strong>. Tanto si buscas una noche de baile desenfrenado como un plan m\u00e1s relajado junto al mar, la isla tiene algo para cada estilo y preferencia.<\/p>\n<\/li>\n<\/ul>\n<p>[\/et_pb_text][\/et_pb_column][et_pb_column type=\u00bb1_2&#8243; _builder_version=\u00bb4.16&#8243; global_colors_info=\u00bb{}\u00bb][et_pb_image src=\u00bbhttps:\/\/surmasterprojects.com\/wp-content\/uploads\/2024\/07\/500x500blue.jpg\u00bb title_text=\u00bb500x500blue\u00bb _builder_version=\u00bb4.27.3&#8243; _module_preset=\u00bbdefault\u00bb global_colors_info=\u00bb{}\u00bb][\/et_pb_image][et_pb_text _builder_version=\u00bb4.27.3&#8243; text_font=\u00bb||||||||\u00bb text_font_size=\u00bb16px\u00bb text_line_height=\u00bb2em\u00bb header_2_line_height=\u00bb1.4em\u00bb text_orientation=\u00bbjustified\u00bb text_font_size_tablet=\u00bb15px\u00bb text_font_size_phone=\u00bb14px\u00bb text_font_size_last_edited=\u00bbon|phone\u00bb locked=\u00bboff\u00bb global_colors_info=\u00bb{}\u00bb]<\/p>\n<h4><strong>Bares de Playa y Terrazas<\/strong><\/h4>\n<p>Para quienes prefieren un ambiente m\u00e1s relajado, los beach clubs en Mallorca son una excelente opci\u00f3n. Estos locales ofrecen m\u00fasica en vivo, c\u00f3cteles de autor y vistas espectaculares al mar:<\/p>\n<ul>\n<li>\n<p><strong>Nikki Beach Mallorca<\/strong>: Situado en Calvi\u00e0, este ic\u00f3nico beach club es sin\u00f3nimo de lujo y exclusividad. Sus eventos tem\u00e1ticos, su exquisita oferta gastron\u00f3mica y su ambiente selecto lo convierten en un lugar perfecto para disfrutar de las noches de verano.<\/p>\n<\/li>\n<li>\n<p><strong>Purobeach Palma<\/strong>: Localizado en Can Pastilla, Purobeach combina una atm\u00f3sfera tranquila con m\u00fasica en vivo y una carta que destaca por su creatividad. Es ideal para quienes buscan relajarse mientras disfrutan de un atardecer inolvidable junto al mar.<\/p>\n<\/li>\n<li>\n<p><strong>Assaona Gastrobeach Club<\/strong>: En Palma, este club se distingue por su propuesta gastron\u00f3mica de alto nivel y su dise\u00f1o elegante, siendo perfecto para quienes desean una experiencia m\u00e1s sofisticada junto a la playa.<\/p>\n<\/li>\n<\/ul>\n<p>[\/et_pb_text][\/et_pb_column][\/et_pb_row][et_pb_row _builder_version=\u00bb4.21.0&#8243; _module_preset=\u00bbdefault\u00bb custom_margin=\u00bb11px|auto||auto||\u00bb custom_padding=\u00bb||11px|||\u00bb global_colors_info=\u00bb{}\u00bb][et_pb_column type=\u00bb4_4&#8243; _builder_version=\u00bb4.21.0&#8243; _module_preset=\u00bbdefault\u00bb global_colors_info=\u00bb{}\u00bb][et_pb_divider color=\u00bb#f75e00&#8243; divider_weight=\u00bb4px\u00bb _builder_version=\u00bb4.21.0&#8243; _module_preset=\u00bbdefault\u00bb width=\u00bb40%\u00bb module_alignment=\u00bbcenter\u00bb global_colors_info=\u00bb{}\u00bb][\/et_pb_divider][\/et_pb_column][\/et_pb_row][et_pb_row column_structure=\u00bb1_2,1_2&#8243; _builder_version=\u00bb4.21.0&#8243; custom_padding=\u00bb||0px|||\u00bb global_colors_info=\u00bb{}\u00bb][et_pb_column type=\u00bb1_2&#8243; _builder_version=\u00bb4.16&#8243; global_colors_info=\u00bb{}\u00bb][et_pb_text _builder_version=\u00bb4.27.3&#8243; text_font=\u00bb||||||||\u00bb text_font_size=\u00bb16px\u00bb text_line_height=\u00bb2em\u00bb header_2_line_height=\u00bb1.4em\u00bb text_orientation=\u00bbjustified\u00bb text_font_size_tablet=\u00bb15px\u00bb text_font_size_phone=\u00bb14px\u00bb text_font_size_last_edited=\u00bbon|phone\u00bb locked=\u00bboff\u00bb global_colors_info=\u00bb{}\u00bb]<\/p>\n<h2><strong>Las playas de Mallorca<\/strong><\/h2>\n<p><span style=\"font-weight: 400;\">Mallorca, con su combinaci\u00f3n \u00fanica de playas paradis\u00edacas y paisajes monta\u00f1osos impresionantes, as\u00ed como sus pueblos encantadores dispersos por toda la isla, se presenta como un destino incomparable que espera ser explorado. Descubre y sum\u00e9rgete en la diversidad de Mallorca, aprovechando al m\u00e1ximo cada rinc\u00f3n de esta isla mediterr\u00e1nea durante tu visita. Explora las orillas de sus playas, contempla la majestuosidad de sus monta\u00f1as y disfruta de la riqueza cultural en sus pintorescos pueblos, creando as\u00ed una experiencia inolvidable llena de descubrimientos y aventuras.<\/span><\/p>\n<p>[\/et_pb_text][\/et_pb_column][et_pb_column type=\u00bb1_2&#8243; _builder_version=\u00bb4.16&#8243; global_colors_info=\u00bb{}\u00bb][et_pb_image src=\u00bbhttps:\/\/surmasterprojects.com\/wp-content\/uploads\/2023\/12\/27887895469_875c4e447a_k.jpg\u00bb title_text=\u00bbMost-beautiful-beach-of-Mallorca-Cala-Llombards\u00bb _builder_version=\u00bb4.27.3&#8243; _module_preset=\u00bbdefault\u00bb global_colors_info=\u00bb{}\u00bb][\/et_pb_image][\/et_pb_column][\/et_pb_row][et_pb_row _builder_version=\u00bb4.24.0&#8243; _module_preset=\u00bbdefault\u00bb custom_padding=\u00bb14px||0px|||\u00bb global_colors_info=\u00bb{}\u00bb][et_pb_column type=\u00bb4_4&#8243; _builder_version=\u00bb4.24.0&#8243; _module_preset=\u00bbdefault\u00bb global_colors_info=\u00bb{}\u00bb][et_pb_text _builder_version=\u00bb4.27.3&#8243; text_font=\u00bb||||||||\u00bb text_font_size=\u00bb16px\u00bb text_line_height=\u00bb2em\u00bb header_2_line_height=\u00bb1.4em\u00bb text_orientation=\u00bbjustified\u00bb custom_margin=\u00bb||33px|||\u00bb text_font_size_tablet=\u00bb15px\u00bb text_font_size_phone=\u00bb14px\u00bb text_font_size_last_edited=\u00bbon|phone\u00bb locked=\u00bboff\u00bb global_colors_info=\u00bb{}\u00bb]<\/p>\n<h2><strong>La Ruta Costera de Mallorca<\/strong><\/h2>\n<p><span style=\"font-weight: 400;\">En tu b\u00fasqueda de cuando viajar a Mallorca, no puedes perderte la impresionante ruta costera. Desde calas escondidas hasta playas de aguas cristalinas, te revelaremos los tesoros ocultos que este recorrido tiene para ofrecer. Sum\u00e9rgete en la serenidad de calas apartadas, donde las aguas turquesas acarician suavemente la costa. Descubrir\u00e1s lugares secretos donde la arena blanca se encuentra con el azul intenso del Mediterr\u00e1neo, creando paisajes de ensue\u00f1o que querr\u00e1s capturar en cada foto.<\/span><\/p>\n<h2><strong>Excursiones a la Monta\u00f1a<\/strong><\/h2>\n<p><span style=\"font-weight: 400;\">Si buscas alejarte de la costa, las monta\u00f1as de Mallorca son una opci\u00f3n fascinante. Descubre c\u00f3mo explorar senderos panor\u00e1micos, pueblos pintorescos y la aut\u00e9ntica vida rural mallorquina. Las excursiones a la monta\u00f1a te llevar\u00e1n a paisajes espectaculares donde la brisa fresca de las alturas se mezcla con la fragancia de los pinos. Explora la rica historia de los pueblos de monta\u00f1a, donde la arquitectura tradicional se combina con vistas panor\u00e1micas que te dejar\u00e1n sin aliento.<\/span><\/p>\n<p>[\/et_pb_text][et_pb_divider color=\u00bb#f75e00&#8243; divider_weight=\u00bb4px\u00bb _builder_version=\u00bb4.21.0&#8243; _module_preset=\u00bbdefault\u00bb width=\u00bb40%\u00bb module_alignment=\u00bbcenter\u00bb global_colors_info=\u00bb{}\u00bb][\/et_pb_divider][\/et_pb_column][\/et_pb_row][et_pb_row column_structure=\u00bb1_2,1_2&#8243; _builder_version=\u00bb4.16&#8243; custom_padding=\u00bb42px||0px|||\u00bb global_colors_info=\u00bb{}\u00bb][et_pb_column type=\u00bb1_2&#8243; _builder_version=\u00bb4.16&#8243; global_colors_info=\u00bb{}\u00bb][et_pb_image src=\u00bbhttps:\/\/surmasterprojects.com\/wp-content\/uploads\/2024\/02\/mallorca-local-scaled-e1707164774811.jpg\u00bb title_text=\u00bbmallorca-local\u00bb _builder_version=\u00bb4.24.0&#8243; _module_preset=\u00bbdefault\u00bb global_colors_info=\u00bb{}\u00bb][\/et_pb_image][\/et_pb_column][et_pb_column type=\u00bb1_2&#8243; _builder_version=\u00bb4.16&#8243; global_colors_info=\u00bb{}\u00bb][et_pb_text _builder_version=\u00bb4.27.3&#8243; text_font=\u00bb||||||||\u00bb text_font_size=\u00bb16px\u00bb text_line_height=\u00bb2em\u00bb header_2_line_height=\u00bb1.4em\u00bb text_orientation=\u00bbjustified\u00bb text_font_size_tablet=\u00bb15px\u00bb text_font_size_phone=\u00bb14px\u00bb text_font_size_last_edited=\u00bbon|phone\u00bb locked=\u00bboff\u00bb global_colors_info=\u00bb{}\u00bb]<\/p>\n<h2><strong>Gastronom\u00eda Mallorquina<\/strong><\/h2>\n<p>La gastronom\u00eda mallorquina es un reflejo de su rica tradici\u00f3n mediterr\u00e1nea, con platos que combinan ingredientes locales frescos y sabores aut\u00e9nticos. Entre sus especialidades destacan el <strong>tumbet<\/strong>, un guiso de verduras similar a la ratatouille, y el <strong>frito mallorqu\u00edn<\/strong>, elaborado con carne, patatas y hierbas arom\u00e1ticas. No puede faltar la <strong>sobrasada<\/strong>, un embutido t\u00edpico de la isla, perfecto para untar en pan o cocinar.<\/p>\n<p>En el apartado dulce, la <strong>ensaimada<\/strong> es el emblema de la reposter\u00eda mallorquina, ya sea sola o rellena de cabello de \u00e1ngel o crema. Adem\u00e1s, los vinos de la regi\u00f3n de Binissalem y las bodegas locales completan una experiencia gastron\u00f3mica \u00fanica, ideal para los amantes de la buena mesa. Mallorca es un destino que deleita tanto al paladar como al alma.<\/p>\n<p>[\/et_pb_text][\/et_pb_column][\/et_pb_row][et_pb_row _builder_version=\u00bb4.21.0&#8243; custom_padding=\u00bb53px||0px|||\u00bb global_colors_info=\u00bb{}\u00bb][et_pb_column type=\u00bb4_4&#8243; _builder_version=\u00bb4.16&#8243; global_colors_info=\u00bb{}\u00bb][et_pb_text _builder_version=\u00bb4.27.3&#8243; text_font=\u00bb||||||||\u00bb text_font_size=\u00bb16px\u00bb text_line_height=\u00bb2em\u00bb header_2_line_height=\u00bb1.4em\u00bb text_orientation=\u00bbjustified\u00bb custom_margin=\u00bb||77px|||\u00bb text_font_size_tablet=\u00bb15px\u00bb text_font_size_phone=\u00bb14px\u00bb text_font_size_last_edited=\u00bbon|phone\u00bb locked=\u00bboff\u00bb global_colors_info=\u00bb{}\u00bb]<\/p>\n<h3><strong>Alojamientos en Mallorca<\/strong><\/h3>\n<p><span style=\"font-weight: 400;\">\u00bfBuscas un lugar acogedor para descansar despu\u00e9s de un d\u00eda de exploraci\u00f3n? Te presentamos las opciones de alojamiento que har\u00e1n que te sientas como en casa mientras exploras la isla. Desde encantadores bed and breakfasts en el coraz\u00f3n de los pueblos hasta hoteles boutique con vistas impresionantes al mar, Mallorca ofrece una amplia gama de alojamientos que se adaptan a todos los gustos y presupuestos. Entre las opciones disponibles, el Hostal Portocolom se destaca como una excelente elecci\u00f3n para aquellos que buscan sumergirse en la autenticidad de Mallorca. Esta joya escondida se convierte as\u00ed en tu hogar temporal, complementando perfectamente tu experiencia en la isla.<\/span><\/p>\n<p>[\/et_pb_text][et_pb_text quote_border_color=\u00bb#E09900&#8243; _builder_version=\u00bb4.27.3&#8243; text_font=\u00bb||||||||\u00bb text_font_size=\u00bb16px\u00bb text_line_height=\u00bb2em\u00bb quote_text_color=\u00bb#FFFFFF\u00bb header_2_line_height=\u00bb1.4em\u00bb text_orientation=\u00bbjustified\u00bb custom_margin=\u00bb||42px|||\u00bb text_font_size_tablet=\u00bb15px\u00bb text_font_size_phone=\u00bb14px\u00bb text_font_size_last_edited=\u00bbon|phone\u00bb locked=\u00bboff\u00bb global_colors_info=\u00bb{}\u00bb]<\/p>\n<blockquote>\n<h2><strong>Preguntas Frecuentes sobre Cuando Viajar a Mallorca<\/strong><\/h2>\n<\/blockquote>\n<h3><\/h3>\n<h3><strong>\u00bfQu\u00e9 mes es mejor para ir a Mallorca?<\/strong><\/h3>\n<p>Mayo, junio y septiembre son meses ideales para viajar a Mallorca. En estos momentos, el clima es c\u00e1lido y agradable, perfecto para disfrutar de las playas y actividades al aire libre, pero sin las aglomeraciones del verano m\u00e1s intenso, como ocurre en julio y agosto.<\/p>\n<h3><strong>\u00bfCu\u00e1ndo empieza la temporada baja en Mallorca?<\/strong><\/h3>\n<p>La temporada baja en Mallorca comienza en noviembre y se prolonga hasta marzo. Durante estos meses, la isla est\u00e1 mucho m\u00e1s tranquila, los precios son m\u00e1s econ\u00f3micos y algunos servicios tur\u00edsticos, especialmente en zonas rurales o costeras, pueden reducir su actividad.<\/p>\n<h3><strong>\u00bfCu\u00e1ntos d\u00edas son suficientes para visitar Mallorca?<\/strong><\/h3>\n<p>Una estancia de entre 5 y 7 d\u00edas es perfecta para disfrutar de las principales atracciones de Mallorca. Este tiempo te permitir\u00e1 recorrer sus playas, descubrir pueblos como Valldemossa o S\u00f3ller, recorrer rutas de senderismo en la Sierra de Tramontana y visitar la capital, Palma, con calma.<\/p>\n<h3><strong>\u00bfCu\u00e1ndo hay menos turismo en Mallorca?<\/strong><\/h3>\n<p>Los meses con menor afluencia de turistas son enero, febrero, marzo, noviembre y diciembre. Es el momento ideal para quienes buscan una experiencia m\u00e1s tranquila y aut\u00e9ntica, disfrutando de la isla sin las multitudes del verano. Adem\u00e1s, es una oportunidad perfecta para centrarse en la cultura, la gastronom\u00eda y los paisajes interiores.<\/p>\n<h3><strong>\u00bfEs Necesario Alquilar un Coche en Mallorca?<\/strong><\/h3>\n<p><span style=\"font-weight: 400;\">Si bien la isla tiene un excelente transporte p\u00fablico, alquilar un coche puede ofrecer una mayor flexibilidad para explorar lugares remotos y pintorescos. Conducir por las serpenteantes carreteras de la isla te brinda la libertad de descubrir rincones ocultos y disfrutar de vistas panor\u00e1micas que de otra manera podr\u00edan pasar desapercibidas.<\/span><\/p>\n<p>[\/et_pb_text][\/et_pb_column][\/et_pb_row][\/et_pb_section]<\/p>\n","protected":false},"excerpt":{"rendered":"<p>CUANDO VIAJAR A MALLORCA Cuando Viajar a Mallorca: Gu\u00eda CompletaLas vacaciones so\u00f1adas comienzan con una cuidadosa planificaci\u00f3n. Si est\u00e1s pensando en cuando viajar a Mallorca, has llegado al lugar adecuado. Aqu\u00ed te guiaremos a trav\u00e9s de los aspectos clave para asegurarte de que tu viaje a esta joya del Mediterr\u00e1neo sea memorable.Mallorca, la mayor de [&hellip;]<\/p>\n","protected":false},"author":1,"featured_media":8147,"comment_status":"open","ping_status":"open","sticky":false,"template":"","format":"standard","meta":{"_et_pb_use_builder":"on","_et_pb_old_content":"","_et_gb_content_width":"1080","footnotes":""},"categories":[19],"tags":[],"class_list":["post-9035","post","type-post","status-publish","format-standard","has-post-thumbnail","hentry","category-guia-viaje-mallorca"],"yoast_head":"<!-- This site is optimized with the Yoast SEO plugin v27.4 - https:\/\/yoast.com\/product\/yoast-seo-wordpress\/ -->\n<title>Surmaster Projects<\/title>\n<meta name=\"robots\" content=\"index, follow, max-snippet:-1, max-image-preview:large, max-video-preview:-1\" \/>\n<link rel=\"canonical\" href=\"https:\/\/surmasterprojects.com\/es\/blog\/cuando-viajar-a-mallorca\/\" \/>\n<meta property=\"og:locale\" content=\"es_ES\" \/>\n<meta property=\"og:type\" content=\"article\" \/>\n<meta property=\"og:description\" content=\"CUANDO VIAJAR A MALLORCA Cuando Viajar a Mallorca: Gu\u00eda CompletaLas vacaciones so\u00f1adas comienzan con una cuidadosa planificaci\u00f3n. Si est\u00e1s pensando en cuando viajar a Mallorca, has llegado al lugar adecuado. Aqu\u00ed te guiaremos a trav\u00e9s de los aspectos clave para asegurarte de que tu viaje a esta joya del Mediterr\u00e1neo sea memorable.Mallorca, la mayor de [&hellip;]\" \/>\n<meta property=\"og:url\" content=\"https:\/\/surmasterprojects.com\/es\/blog\/cuando-viajar-a-mallorca\/\" \/>\n<meta property=\"og:site_name\" content=\"Surmaster Projects\" \/>\n<meta property=\"article:published_time\" content=\"2024-11-21T11:06:17+00:00\" \/>\n<meta property=\"article:modified_time\" content=\"2024-11-22T09:13:34+00:00\" \/>\n<meta property=\"og:image\" content=\"https:\/\/surmasterprojects.com\/wp-content\/uploads\/2024\/02\/catedral-mallorca.jpeg\" \/>\n\t<meta property=\"og:image:width\" content=\"1127\" \/>\n\t<meta property=\"og:image:height\" content=\"750\" \/>\n\t<meta property=\"og:image:type\" content=\"image\/jpeg\" \/>\n<meta name=\"author\" content=\"admin\" \/>\n<meta name=\"twitter:card\" content=\"summary_large_image\" \/>\n<meta name=\"twitter:label1\" content=\"Escrito por\" \/>\n\t<meta name=\"twitter:data1\" content=\"admin\" \/>\n\t<meta name=\"twitter:label2\" content=\"Tiempo de lectura\" \/>\n\t<meta name=\"twitter:data2\" content=\"23 minutos\" \/>\n<script type=\"application\/ld+json\" class=\"yoast-schema-graph\">{\"@context\":\"https:\\\/\\\/schema.org\",\"@graph\":[{\"@type\":\"Article\",\"@id\":\"https:\\\/\\\/surmasterprojects.com\\\/blog\\\/cuando-viajar-a-mallorca\\\/#article\",\"isPartOf\":{\"@id\":\"https:\\\/\\\/surmasterprojects.com\\\/blog\\\/cuando-viajar-a-mallorca\\\/\"},\"author\":{\"name\":\"admin\",\"@id\":\"https:\\\/\\\/surmasterprojects.com\\\/es\\\/#\\\/schema\\\/person\\\/e91face8d14f85c1a1e8281796c8dc8f\"},\"headline\":\"Cuando Viajar a Mallorca\",\"datePublished\":\"2024-11-21T11:06:17+00:00\",\"dateModified\":\"2024-11-22T09:13:34+00:00\",\"mainEntityOfPage\":{\"@id\":\"https:\\\/\\\/surmasterprojects.com\\\/blog\\\/cuando-viajar-a-mallorca\\\/\"},\"wordCount\":8560,\"commentCount\":0,\"publisher\":{\"@id\":\"https:\\\/\\\/surmasterprojects.com\\\/es\\\/#organization\"},\"image\":{\"@id\":\"https:\\\/\\\/surmasterprojects.com\\\/blog\\\/cuando-viajar-a-mallorca\\\/#primaryimage\"},\"thumbnailUrl\":\"https:\\\/\\\/surmasterprojects.com\\\/wp-content\\\/uploads\\\/2024\\\/02\\\/catedral-mallorca.jpeg\",\"articleSection\":[\"Mallorca (Baleares): Gu\u00eda completa\"],\"inLanguage\":\"es\",\"potentialAction\":[{\"@type\":\"CommentAction\",\"name\":\"Comment\",\"target\":[\"https:\\\/\\\/surmasterprojects.com\\\/blog\\\/cuando-viajar-a-mallorca\\\/#respond\"]}]},{\"@type\":\"WebPage\",\"@id\":\"https:\\\/\\\/surmasterprojects.com\\\/blog\\\/cuando-viajar-a-mallorca\\\/\",\"url\":\"https:\\\/\\\/surmasterprojects.com\\\/blog\\\/cuando-viajar-a-mallorca\\\/\",\"name\":\"\",\"isPartOf\":{\"@id\":\"https:\\\/\\\/surmasterprojects.com\\\/es\\\/#website\"},\"primaryImageOfPage\":{\"@id\":\"https:\\\/\\\/surmasterprojects.com\\\/blog\\\/cuando-viajar-a-mallorca\\\/#primaryimage\"},\"image\":{\"@id\":\"https:\\\/\\\/surmasterprojects.com\\\/blog\\\/cuando-viajar-a-mallorca\\\/#primaryimage\"},\"thumbnailUrl\":\"https:\\\/\\\/surmasterprojects.com\\\/wp-content\\\/uploads\\\/2024\\\/02\\\/catedral-mallorca.jpeg\",\"datePublished\":\"2024-11-21T11:06:17+00:00\",\"dateModified\":\"2024-11-22T09:13:34+00:00\",\"breadcrumb\":{\"@id\":\"https:\\\/\\\/surmasterprojects.com\\\/blog\\\/cuando-viajar-a-mallorca\\\/#breadcrumb\"},\"inLanguage\":\"es\",\"potentialAction\":[{\"@type\":\"ReadAction\",\"target\":[\"https:\\\/\\\/surmasterprojects.com\\\/blog\\\/cuando-viajar-a-mallorca\\\/\"]}]},{\"@type\":\"ImageObject\",\"inLanguage\":\"es\",\"@id\":\"https:\\\/\\\/surmasterprojects.com\\\/blog\\\/cuando-viajar-a-mallorca\\\/#primaryimage\",\"url\":\"https:\\\/\\\/surmasterprojects.com\\\/wp-content\\\/uploads\\\/2024\\\/02\\\/catedral-mallorca.jpeg\",\"contentUrl\":\"https:\\\/\\\/surmasterprojects.com\\\/wp-content\\\/uploads\\\/2024\\\/02\\\/catedral-mallorca.jpeg\",\"width\":1127,\"height\":750},{\"@type\":\"BreadcrumbList\",\"@id\":\"https:\\\/\\\/surmasterprojects.com\\\/blog\\\/cuando-viajar-a-mallorca\\\/#breadcrumb\",\"itemListElement\":[{\"@type\":\"ListItem\",\"position\":1,\"name\":\"Portada\",\"item\":\"https:\\\/\\\/surmasterprojects.com\\\/es\\\/\"},{\"@type\":\"ListItem\",\"position\":2,\"name\":\"Cuando Viajar a Mallorca\"}]},{\"@type\":\"WebSite\",\"@id\":\"https:\\\/\\\/surmasterprojects.com\\\/es\\\/#website\",\"url\":\"https:\\\/\\\/surmasterprojects.com\\\/es\\\/\",\"name\":\"Surmaster Projects\",\"description\":\"\",\"publisher\":{\"@id\":\"https:\\\/\\\/surmasterprojects.com\\\/es\\\/#organization\"},\"potentialAction\":[{\"@type\":\"SearchAction\",\"target\":{\"@type\":\"EntryPoint\",\"urlTemplate\":\"https:\\\/\\\/surmasterprojects.com\\\/es\\\/?s={search_term_string}\"},\"query-input\":{\"@type\":\"PropertyValueSpecification\",\"valueRequired\":true,\"valueName\":\"search_term_string\"}}],\"inLanguage\":\"es\"},{\"@type\":\"Organization\",\"@id\":\"https:\\\/\\\/surmasterprojects.com\\\/es\\\/#organization\",\"name\":\"Surmaster Projects\",\"url\":\"https:\\\/\\\/surmasterprojects.com\\\/es\\\/\",\"logo\":{\"@type\":\"ImageObject\",\"inLanguage\":\"es\",\"@id\":\"https:\\\/\\\/surmasterprojects.com\\\/es\\\/#\\\/schema\\\/logo\\\/image\\\/\",\"url\":\"https:\\\/\\\/surmasterprojects.com\\\/wp-content\\\/uploads\\\/2022\\\/04\\\/cropped-Logo_GrupoSurmaster_negativo.png\",\"contentUrl\":\"https:\\\/\\\/surmasterprojects.com\\\/wp-content\\\/uploads\\\/2022\\\/04\\\/cropped-Logo_GrupoSurmaster_negativo.png\",\"width\":512,\"height\":512,\"caption\":\"Surmaster Projects\"},\"image\":{\"@id\":\"https:\\\/\\\/surmasterprojects.com\\\/es\\\/#\\\/schema\\\/logo\\\/image\\\/\"}},{\"@type\":\"Person\",\"@id\":\"https:\\\/\\\/surmasterprojects.com\\\/es\\\/#\\\/schema\\\/person\\\/e91face8d14f85c1a1e8281796c8dc8f\",\"name\":\"admin\",\"image\":{\"@type\":\"ImageObject\",\"inLanguage\":\"es\",\"@id\":\"https:\\\/\\\/surmasterprojects.com\\\/wp-content\\\/litespeed\\\/avatar\\\/891d1cd506ea39e67ffae4cde18491f4.jpg?ver=1776813681\",\"url\":\"https:\\\/\\\/surmasterprojects.com\\\/wp-content\\\/litespeed\\\/avatar\\\/891d1cd506ea39e67ffae4cde18491f4.jpg?ver=1776813681\",\"contentUrl\":\"https:\\\/\\\/surmasterprojects.com\\\/wp-content\\\/litespeed\\\/avatar\\\/891d1cd506ea39e67ffae4cde18491f4.jpg?ver=1776813681\",\"caption\":\"admin\"},\"sameAs\":[\"http:\\\/\\\/surmasterprojects.com\"]}]}<\/script>\n<!-- \/ Yoast SEO plugin. -->","yoast_head_json":{"title":"Surmaster Projects","robots":{"index":"index","follow":"follow","max-snippet":"max-snippet:-1","max-image-preview":"max-image-preview:large","max-video-preview":"max-video-preview:-1"},"canonical":"https:\/\/surmasterprojects.com\/es\/blog\/cuando-viajar-a-mallorca\/","og_locale":"es_ES","og_type":"article","og_description":"CUANDO VIAJAR A MALLORCA Cuando Viajar a Mallorca: Gu\u00eda CompletaLas vacaciones so\u00f1adas comienzan con una cuidadosa planificaci\u00f3n. Si est\u00e1s pensando en cuando viajar a Mallorca, has llegado al lugar adecuado. Aqu\u00ed te guiaremos a trav\u00e9s de los aspectos clave para asegurarte de que tu viaje a esta joya del Mediterr\u00e1neo sea memorable.Mallorca, la mayor de [&hellip;]","og_url":"https:\/\/surmasterprojects.com\/es\/blog\/cuando-viajar-a-mallorca\/","og_site_name":"Surmaster Projects","article_published_time":"2024-11-21T11:06:17+00:00","article_modified_time":"2024-11-22T09:13:34+00:00","og_image":[{"width":1127,"height":750,"url":"https:\/\/surmasterprojects.com\/wp-content\/uploads\/2024\/02\/catedral-mallorca.jpeg","type":"image\/jpeg"}],"author":"admin","twitter_card":"summary_large_image","twitter_misc":{"Escrito por":"admin","Tiempo de lectura":"23 minutos"},"schema":{"@context":"https:\/\/schema.org","@graph":[{"@type":"Article","@id":"https:\/\/surmasterprojects.com\/blog\/cuando-viajar-a-mallorca\/#article","isPartOf":{"@id":"https:\/\/surmasterprojects.com\/blog\/cuando-viajar-a-mallorca\/"},"author":{"name":"admin","@id":"https:\/\/surmasterprojects.com\/es\/#\/schema\/person\/e91face8d14f85c1a1e8281796c8dc8f"},"headline":"Cuando Viajar a Mallorca","datePublished":"2024-11-21T11:06:17+00:00","dateModified":"2024-11-22T09:13:34+00:00","mainEntityOfPage":{"@id":"https:\/\/surmasterprojects.com\/blog\/cuando-viajar-a-mallorca\/"},"wordCount":8560,"commentCount":0,"publisher":{"@id":"https:\/\/surmasterprojects.com\/es\/#organization"},"image":{"@id":"https:\/\/surmasterprojects.com\/blog\/cuando-viajar-a-mallorca\/#primaryimage"},"thumbnailUrl":"https:\/\/surmasterprojects.com\/wp-content\/uploads\/2024\/02\/catedral-mallorca.jpeg","articleSection":["Mallorca (Baleares): Gu\u00eda completa"],"inLanguage":"es","potentialAction":[{"@type":"CommentAction","name":"Comment","target":["https:\/\/surmasterprojects.com\/blog\/cuando-viajar-a-mallorca\/#respond"]}]},{"@type":"WebPage","@id":"https:\/\/surmasterprojects.com\/blog\/cuando-viajar-a-mallorca\/","url":"https:\/\/surmasterprojects.com\/blog\/cuando-viajar-a-mallorca\/","name":"","isPartOf":{"@id":"https:\/\/surmasterprojects.com\/es\/#website"},"primaryImageOfPage":{"@id":"https:\/\/surmasterprojects.com\/blog\/cuando-viajar-a-mallorca\/#primaryimage"},"image":{"@id":"https:\/\/surmasterprojects.com\/blog\/cuando-viajar-a-mallorca\/#primaryimage"},"thumbnailUrl":"https:\/\/surmasterprojects.com\/wp-content\/uploads\/2024\/02\/catedral-mallorca.jpeg","datePublished":"2024-11-21T11:06:17+00:00","dateModified":"2024-11-22T09:13:34+00:00","breadcrumb":{"@id":"https:\/\/surmasterprojects.com\/blog\/cuando-viajar-a-mallorca\/#breadcrumb"},"inLanguage":"es","potentialAction":[{"@type":"ReadAction","target":["https:\/\/surmasterprojects.com\/blog\/cuando-viajar-a-mallorca\/"]}]},{"@type":"ImageObject","inLanguage":"es","@id":"https:\/\/surmasterprojects.com\/blog\/cuando-viajar-a-mallorca\/#primaryimage","url":"https:\/\/surmasterprojects.com\/wp-content\/uploads\/2024\/02\/catedral-mallorca.jpeg","contentUrl":"https:\/\/surmasterprojects.com\/wp-content\/uploads\/2024\/02\/catedral-mallorca.jpeg","width":1127,"height":750},{"@type":"BreadcrumbList","@id":"https:\/\/surmasterprojects.com\/blog\/cuando-viajar-a-mallorca\/#breadcrumb","itemListElement":[{"@type":"ListItem","position":1,"name":"Portada","item":"https:\/\/surmasterprojects.com\/es\/"},{"@type":"ListItem","position":2,"name":"Cuando Viajar a Mallorca"}]},{"@type":"WebSite","@id":"https:\/\/surmasterprojects.com\/es\/#website","url":"https:\/\/surmasterprojects.com\/es\/","name":"Surmaster Projects","description":"","publisher":{"@id":"https:\/\/surmasterprojects.com\/es\/#organization"},"potentialAction":[{"@type":"SearchAction","target":{"@type":"EntryPoint","urlTemplate":"https:\/\/surmasterprojects.com\/es\/?s={search_term_string}"},"query-input":{"@type":"PropertyValueSpecification","valueRequired":true,"valueName":"search_term_string"}}],"inLanguage":"es"},{"@type":"Organization","@id":"https:\/\/surmasterprojects.com\/es\/#organization","name":"Surmaster Projects","url":"https:\/\/surmasterprojects.com\/es\/","logo":{"@type":"ImageObject","inLanguage":"es","@id":"https:\/\/surmasterprojects.com\/es\/#\/schema\/logo\/image\/","url":"https:\/\/surmasterprojects.com\/wp-content\/uploads\/2022\/04\/cropped-Logo_GrupoSurmaster_negativo.png","contentUrl":"https:\/\/surmasterprojects.com\/wp-content\/uploads\/2022\/04\/cropped-Logo_GrupoSurmaster_negativo.png","width":512,"height":512,"caption":"Surmaster Projects"},"image":{"@id":"https:\/\/surmasterprojects.com\/es\/#\/schema\/logo\/image\/"}},{"@type":"Person","@id":"https:\/\/surmasterprojects.com\/es\/#\/schema\/person\/e91face8d14f85c1a1e8281796c8dc8f","name":"admin","image":{"@type":"ImageObject","inLanguage":"es","@id":"https:\/\/surmasterprojects.com\/wp-content\/litespeed\/avatar\/891d1cd506ea39e67ffae4cde18491f4.jpg?ver=1776813681","url":"https:\/\/surmasterprojects.com\/wp-content\/litespeed\/avatar\/891d1cd506ea39e67ffae4cde18491f4.jpg?ver=1776813681","contentUrl":"https:\/\/surmasterprojects.com\/wp-content\/litespeed\/avatar\/891d1cd506ea39e67ffae4cde18491f4.jpg?ver=1776813681","caption":"admin"},"sameAs":["http:\/\/surmasterprojects.com"]}]}},"_links":{"self":[{"href":"https:\/\/surmasterprojects.com\/es\/wp-json\/wp\/v2\/posts\/9035","targetHints":{"allow":["GET"]}}],"collection":[{"href":"https:\/\/surmasterprojects.com\/es\/wp-json\/wp\/v2\/posts"}],"about":[{"href":"https:\/\/surmasterprojects.com\/es\/wp-json\/wp\/v2\/types\/post"}],"author":[{"embeddable":true,"href":"https:\/\/surmasterprojects.com\/es\/wp-json\/wp\/v2\/users\/1"}],"replies":[{"embeddable":true,"href":"https:\/\/surmasterprojects.com\/es\/wp-json\/wp\/v2\/comments?post=9035"}],"version-history":[{"count":7,"href":"https:\/\/surmasterprojects.com\/es\/wp-json\/wp\/v2\/posts\/9035\/revisions"}],"predecessor-version":[{"id":9047,"href":"https:\/\/surmasterprojects.com\/es\/wp-json\/wp\/v2\/posts\/9035\/revisions\/9047"}],"wp:featuredmedia":[{"embeddable":true,"href":"https:\/\/surmasterprojects.com\/es\/wp-json\/wp\/v2\/media\/8147"}],"wp:attachment":[{"href":"https:\/\/surmasterprojects.com\/es\/wp-json\/wp\/v2\/media?parent=9035"}],"wp:term":[{"taxonomy":"category","embeddable":true,"href":"https:\/\/surmasterprojects.com\/es\/wp-json\/wp\/v2\/categories?post=9035"},{"taxonomy":"post_tag","embeddable":true,"href":"https:\/\/surmasterprojects.com\/es\/wp-json\/wp\/v2\/tags?post=9035"}],"curies":[{"name":"wp","href":"https:\/\/api.w.org\/{rel}","templated":true}]}}