{"id":9424,"date":"2026-03-03T10:50:22","date_gmt":"2026-03-03T10:50:22","guid":{"rendered":"https:\/\/surmasterprojects.com\/?p=9424"},"modified":"2026-03-03T10:57:23","modified_gmt":"2026-03-03T10:57:23","slug":"guia-de-viaje-portocolom","status":"publish","type":"post","link":"https:\/\/surmasterprojects.com\/es\/blog\/guia-de-viaje-portocolom\/","title":{"rendered":"Guia de Viaje Portocolom"},"content":{"rendered":"\n<h1 class=\"wp-block-heading\">Gu\u00eda de Viaje Portocolom<\/h1>\n\n\n\n<p>Si hay un rinc\u00f3n en Mallorca que todav\u00eda conserva ese aire de pueblo marinero aut\u00e9ntico, sin grandes complejos hoteleros ni turismo masificado, ese es Portocolom. Aqu\u00ed el ritmo es otro: las ma\u00f1anas huelen a sal y caf\u00e9 reci\u00e9n hecho frente al puerto, las tardes se alargan entre ba\u00f1os en calas de agua transparente y las noches invitan a pasear sin prisas junto al mar.<\/p>\n\n\n\n<p>Portocolom no es un destino de \u201cver y tachar\u201d. Es un lugar para quedarse, para observar c\u00f3mo los lla\u00fcts tradicionales descansan sobre el agua y para disfrutar de una Mallorca m\u00e1s tranquila y cercana. En esta gu\u00eda encontrar\u00e1s todo lo necesario para organizar tu viaje con calma y aprovecharlo al m\u00e1ximo.<\/p>\n\n\n\n<h2 class=\"wp-block-heading\">D\u00f3nde est\u00e1 Portocolom y c\u00f3mo llegar<\/h2>\n\n\n\n<h3 class=\"wp-block-heading\">Ubicaci\u00f3n de Portocolom en Mallorca<\/h3>\n\n\n\n<p>Portocolom pertenece al municipio de Felanitx y se sit\u00faa en la costa este de Mallorca. Su gran particularidad es su puerto natural, uno de los m\u00e1s amplios y mejor resguardados de la isla, lo que hist\u00f3ricamente lo convirti\u00f3 en un enclave pesquero estrat\u00e9gico. A diferencia de otras zonas del litoral mallorqu\u00edn, aqu\u00ed no encontrar\u00e1s grandes bloques de apartamentos dominando el paisaje. El n\u00facleo antiguo mantiene casas bajas de fachadas blancas y contraventanas de colores que miran al mar, creando una estampa muy reconocible.<\/p>\n\n\n\n<iframe src=\"https:\/\/www.google.com\/maps\/embed?pb=!1m18!1m12!1m3!1d27580.12566171361!2d3.219676515983543!3d39.4174358187951!2m3!1f0!2f0!3f0!3m2!1i1024!2i768!4f13.1!3m3!1m2!1s0x129650051da317ef%3A0xc34f102f1ba56704!2s07670%20Portocolom%2C%20Illes%20Balears!5e1!3m2!1ses!2ses!4v1772533951470!5m2!1ses!2ses\" width=\"1200\" height=\"550\" style=\"border:0;\" allowfullscreen=\"\" loading=\"lazy\" referrerpolicy=\"no-referrer-when-downgrade\"><\/iframe>\n\n\n\n<h3 class=\"wp-block-heading\">C\u00f3mo llegar desde Palma de Mallorca o el aeropuerto de Palma<\/h3>\n\n\n\n<p>Desde Palma de Mallorca el trayecto por carretera dura aproximadamente una hora. Lo m\u00e1s pr\u00e1ctico es alquilar coche en el aeropuerto, especialmente si quieres moverte con libertad por calas y pueblos cercanos.<\/p>\n\n\n\n<p>Tambi\u00e9n es posible llegar en autob\u00fas, aunque el trayecto es m\u00e1s largo y puede requerir transbordo en Felanitx. Si viajas en temporada alta y con equipaje, un traslado privado puede resultar m\u00e1s c\u00f3modo.<\/p>\n\n\n\n<h2 class=\"wp-block-heading\">C\u00f3mo llegar a Portocolom desde Palma de Mallorca o el Aeropuerto<\/h2>\n\n\n\n<p>Si est\u00e1s organizando tu viaje a Portocolom, una de las primeras dudas habituales es c\u00f3mo llegar desde Palma o desde el aeropuerto. Aunque no est\u00e1 especialmente lejos, conviene conocer bien las opciones para elegir la que mejor se adapte a tu presupuesto, horario y tipo de viaje.<\/p>\n\n\n\n<p>A continuaci\u00f3n te explico en detalle todas las alternativas, con duraci\u00f3n aproximada, precios orientativos y consejos pr\u00e1cticos.<\/p>\n\n\n\n<h3 class=\"wp-block-heading\">Llegar en coche (la opci\u00f3n m\u00e1s recomendable)<\/h3>\n\n\n\n<p>Para la mayor\u00eda de viajeros, especialmente si quieren moverse por la isla, el coche es la opci\u00f3n m\u00e1s c\u00f3moda.<\/p>\n\n\n\n<p><strong>Distancia:<\/strong> aproximadamente 60\u201365 km<br><strong>Duraci\u00f3n:<\/strong> entre 50 y 60 minutos<br><strong>Ruta habitual:<\/strong> autopista Ma-19 direcci\u00f3n Campos \/ Santany\u00ed y desv\u00edo hacia Felanitx \u2013 Portocolom<\/p>\n\n\n\n<p>Desde el Aeropuerto de Palma, la salida es muy sencilla y est\u00e1 bien se\u00f1alizada. En menos de una hora estar\u00e1s en el puerto de Portocolom.<\/p>\n\n\n\n<p><strong>Costes aproximados:<\/strong><\/p>\n\n\n\n<ul class=\"wp-block-list\">\n<li>Gasolina para un trayecto: 8\u201315 \u20ac seg\u00fan veh\u00edculo.<\/li>\n\n\n\n<li>Alquiler de coche: desde 30\u201360 \u20ac por d\u00eda en temporada baja; en verano puede subir considerablemente.<\/li>\n<\/ul>\n\n\n\n<p><strong>Ventajas:<\/strong><\/p>\n\n\n\n<ul class=\"wp-block-list\">\n<li>Flexibilidad total.<\/li>\n\n\n\n<li>Posibilidad de visitar calas cercanas como Cala Sa Nau o Cala d\u2019Or.<\/li>\n\n\n\n<li>Ideal si te alojas varios d\u00edas.<\/li>\n<\/ul>\n\n\n\n<p>Si tu idea es explorar la zona este de Mallorca, el coche es pr\u00e1cticamente imprescindible.<\/p>\n\n\n\n<h3 class=\"wp-block-heading\">Taxi desde el aeropuerto o Palma<\/h3>\n\n\n\n<p>Si priorizas comodidad y no quieres preocuparte por conducir, el taxi es la forma m\u00e1s directa.<\/p>\n\n\n\n<p><strong>Duraci\u00f3n:<\/strong> 50\u201360 minutos<br><strong>Precio aproximado desde el aeropuerto:<\/strong> 100\u2013120 \u20ac<br><strong>Desde Palma ciudad:<\/strong> ligeramente menos, aunque similar.<\/p>\n\n\n\n<p>El precio puede variar seg\u00fan horario (nocturno o festivo), tr\u00e1fico y n\u00famero de maletas.<\/p>\n\n\n\n<p>Tambi\u00e9n existen servicios de traslado privado que puedes reservar online con precio cerrado. Si viaj\u00e1is 3 o 4 personas, el coste por persona puede resultar razonable comparado con el autob\u00fas.<\/p>\n\n\n\n<p><strong>Ventajas:<\/strong><\/p>\n\n\n\n<ul class=\"wp-block-list\">\n<li>Traslado puerta a puerta.<\/li>\n\n\n\n<li>Sin esperas ni transbordos.<\/li>\n\n\n\n<li>Buena opci\u00f3n si llegas tarde por la noche.<\/li>\n<\/ul>\n\n\n\n<h3 class=\"wp-block-heading\">Autob\u00fas (la opci\u00f3n m\u00e1s econ\u00f3mica)<\/h3>\n\n\n\n<p>El transporte p\u00fablico en Mallorca funciona correctamente, pero no hay conexi\u00f3n directa desde el aeropuerto a Portocolom.<\/p>\n\n\n\n<h4 class=\"wp-block-heading\">Desde el aeropuerto<\/h4>\n\n\n\n<ol class=\"wp-block-list\">\n<li>Autob\u00fas A1 hasta la Estaci\u00f3n Intermodal de Palma.\n<ul class=\"wp-block-list\">\n<li>Duraci\u00f3n: unos 20\u201330 minutos.<\/li>\n\n\n\n<li>Precio: aproximadamente 5 \u20ac.<br><\/li>\n<\/ul>\n<\/li>\n\n\n\n<li>Desde la Estaci\u00f3n Intermodal, autob\u00fas interurbano hacia Felanitx y luego conexi\u00f3n a Portocolom.<\/li>\n<\/ol>\n\n\n\n<p><strong>Duraci\u00f3n total:<\/strong> entre 1 h 45 min y 2 h 30 min (seg\u00fan esperas).<br><strong>Precio total estimado:<\/strong> entre 8 \u20ac y 12 \u20ac.<\/p>\n\n\n\n<p>En temporada alta suele haber m\u00e1s frecuencias, pero siempre conviene consultar horarios con antelaci\u00f3n, especialmente si viajas en domingo o festivo.<\/p>\n\n\n\n<p><strong>Ventajas:<\/strong><\/p>\n\n\n\n<ul class=\"wp-block-list\">\n<li>Es la alternativa m\u00e1s barata.<\/li>\n\n\n\n<li>Buena opci\u00f3n si viajas ligero y no tienes prisa.<\/li>\n<\/ul>\n\n\n\n<p><strong>Inconvenientes:<\/strong><\/p>\n\n\n\n<ul class=\"wp-block-list\">\n<li>Requiere transbordos.<\/li>\n\n\n\n<li>Menos c\u00f3modo con equipaje.<\/li>\n\n\n\n<li>Horarios limitados por la noche.<\/li>\n<\/ul>\n\n\n\n<h3 class=\"wp-block-heading\">Transfer privado o compartido<\/h3>\n\n\n\n<p>Otra alternativa intermedia es contratar un traslado privado o compartido.<\/p>\n\n\n\n<ul class=\"wp-block-list\">\n<li>Precio compartido: desde 25\u201340 \u20ac por persona.<\/li>\n\n\n\n<li>Precio privado completo: similar al taxi, dependiendo del veh\u00edculo.<\/li>\n<\/ul>\n\n\n\n<p>La principal ventaja es que el conductor te espera en llegadas y el precio est\u00e1 cerrado de antemano.<\/p>\n\n\n\n<h3 class=\"wp-block-heading\">\u00bfCu\u00e1l es la mejor opci\u00f3n de transporte a Portocolom?<\/h3>\n\n\n\n<p>Depende de tu tipo de viaje:<\/p>\n\n\n\n<ul class=\"wp-block-list\">\n<li><strong>Viaje en pareja o familia y quieres explorar la isla:<\/strong> alquilar coche.<\/li>\n\n\n\n<li><strong>Escapada corta sin intenci\u00f3n de moverte mucho:<\/strong> taxi o transfer.<\/li>\n\n\n\n<li><strong>Viaje econ\u00f3mico y sin prisas:<\/strong> autob\u00fas.<\/li>\n<\/ul>\n\n\n\n<p>En cualquier caso, la distancia no es larga y Portocolom est\u00e1 lo suficientemente bien conectado como para que el traslado no sea complicado. Lo importante es elegir la opci\u00f3n que mejor encaje con tu presupuesto y tu forma de viajar.<\/p>\n\n\n\n<h2 class=\"wp-block-heading\">Qu\u00e9 ver en Portocolom: lugares imprescindibles<\/h2>\n\n\n\n<figure class=\"wp-block-image size-large\"><img loading=\"lazy\" decoding=\"async\" width=\"1024\" height=\"683\" src=\"https:\/\/surmasterprojects.com\/wp-content\/uploads\/2025\/08\/image-Portocolom-Mallorca-Guia-de-Viaje-Completa-3-1024x683.jpg\" alt=\"\" class=\"wp-image-9260\" srcset=\"https:\/\/surmasterprojects.com\/wp-content\/uploads\/2025\/08\/image-Portocolom-Mallorca-Guia-de-Viaje-Completa-3-980x653.jpg 980w, https:\/\/surmasterprojects.com\/wp-content\/uploads\/2025\/08\/image-Portocolom-Mallorca-Guia-de-Viaje-Completa-3-480x320.jpg 480w\" sizes=\"(min-width: 0px) and (max-width: 480px) 480px, (min-width: 481px) and (max-width: 980px) 980px, (min-width: 981px) 1024px, 100vw\" \/><\/figure>\n\n\n\n<h3 class=\"wp-block-heading\">El casco antiguo y el puerto natural<\/h3>\n\n\n\n<p>El alma del pueblo est\u00e1 en su puerto. Pasear por la zona antigua es contemplar la esencia marinera de Mallorca: barcas tradicionales, redes de pesca, terrazas sencillas y vecinos que se saludan por su nombre. A primera hora de la ma\u00f1ana, cuando la luz es suave y el agua est\u00e1 completamente en calma, el paisaje parece una postal.<\/p>\n\n\n\n<p>Al caer la tarde, el paseo mar\u00edtimo se llena de vida tranquila. Es el momento perfecto para sentarse en una terraza y simplemente mirar el mar.<\/p>\n\n\n\n<h3 class=\"wp-block-heading\">Faro de Portocolom<\/h3>\n\n\n\n<p>Situado en la zona de Sa Punta, el faro ofrece una de las panor\u00e1micas m\u00e1s bonitas de la costa este. No es un faro monumental, pero el entorno lo compensa con creces: acantilados, mar abierto y una sensaci\u00f3n de amplitud dif\u00edcil de describir.<\/p>\n\n\n\n<figure class=\"wp-block-image size-large\"><img loading=\"lazy\" decoding=\"async\" width=\"1024\" height=\"681\" src=\"https:\/\/surmasterprojects.com\/wp-content\/uploads\/2026\/01\/1280px-Faro_de_Portocolom_-_Ponta_de_Ses_Crest_en_Mallorca-1024x681.jpg\" alt=\"\" class=\"wp-image-9395\" srcset=\"https:\/\/surmasterprojects.com\/wp-content\/uploads\/2026\/01\/1280px-Faro_de_Portocolom_-_Ponta_de_Ses_Crest_en_Mallorca-1024x681.jpg 1024w, https:\/\/surmasterprojects.com\/wp-content\/uploads\/2026\/01\/1280px-Faro_de_Portocolom_-_Ponta_de_Ses_Crest_en_Mallorca-980x652.jpg 980w, https:\/\/surmasterprojects.com\/wp-content\/uploads\/2026\/01\/1280px-Faro_de_Portocolom_-_Ponta_de_Ses_Crest_en_Mallorca-480x319.jpg 480w\" sizes=\"(min-width: 0px) and (max-width: 480px) 480px, (min-width: 481px) and (max-width: 980px) 980px, (min-width: 981px) 1024px, 100vw\" \/><\/figure>\n\n\n\n<p>Es especialmente recomendable acercarse al atardecer, cuando el cielo comienza a te\u00f1irse de tonos anaranjados. Si quieres saber m\u00e1s visita nuestro art\u00edculo sobre el <a href=\"https:\/\/surmasterprojects.com\/es\/blog\/faro-de-portocolom-origen-e-historia\/\">Faro de Portocolom<\/a>.<\/p>\n\n\n\n<h3 class=\"wp-block-heading\">Iglesia de la Mare de D\u00e9u del Carme<\/h3>\n\n\n\n<p>Peque\u00f1a y sencilla, esta iglesia est\u00e1 vinculada al pasado marinero del pueblo. Durante las fiestas del Carme, en julio, cobra especial protagonismo con celebraciones que incluyen procesiones mar\u00edtimas en honor a la patrona de los marineros.<\/p>\n\n\n\n<h3 class=\"wp-block-heading\">Cala Mar\u00e7al<\/h3>\n\n\n\n<p>Es la playa m\u00e1s accesible y conocida del municipio. De arena fina y aguas claras, suele ser la opci\u00f3n favorita de familias y viajeros que buscan comodidad. Cuenta con servicios, restaurantes cercanos y f\u00e1cil acceso.<\/p>\n\n\n\n<p>En verano tiene ambiente, pero fuera de temporada es un lugar perfecto para pasear junto al mar y disfrutar del sonido de las olas sin aglomeraciones.<\/p>\n\n\n\n<h3 class=\"wp-block-heading\">Cala Sa Nau<\/h3>\n\n\n\n<p>Rodeada de pinos y acantilados bajos, Cala Sa Nau tiene ese car\u00e1cter m\u00e1s salvaje que muchos buscan en Mallorca. El contraste entre el verde de la vegetaci\u00f3n y el azul intenso del agua es espectacular.<\/p>\n\n\n\n<figure class=\"wp-block-image size-large\"><img loading=\"lazy\" decoding=\"async\" width=\"1024\" height=\"768\" src=\"https:\/\/surmasterprojects.com\/wp-content\/uploads\/2023\/08\/cala-sa-nau-cala-dor-1024x768.jpg\" alt=\"\" class=\"wp-image-7684\" srcset=\"https:\/\/surmasterprojects.com\/wp-content\/uploads\/2023\/08\/cala-sa-nau-cala-dor-1024x768.jpg 1024w, https:\/\/surmasterprojects.com\/wp-content\/uploads\/2023\/08\/cala-sa-nau-cala-dor-980x735.jpg 980w, https:\/\/surmasterprojects.com\/wp-content\/uploads\/2023\/08\/cala-sa-nau-cala-dor-480x360.jpg 480w\" sizes=\"(min-width: 0px) and (max-width: 480px) 480px, (min-width: 481px) and (max-width: 980px) 980px, (min-width: 981px) 1024px, 100vw\" \/><\/figure>\n\n\n\n<p>Es un lugar ideal para practicar snorkel, ya que la transparencia del agua permite observar peces con facilidad.<\/p>\n\n\n\n<p>Si quieres saber m\u00e1s sobre las <a href=\"https:\/\/surmasterprojects.com\/es\/blog\/portocolom-y-sus-maravillas-ocultas-un-encantador-rincon-mallorquin\/\">maravillas ocultas de Portocolom consulta nuestro art\u00edculo<\/a>.<\/p>\n\n\n\n<h2 class=\"wp-block-heading\">Las mejores playas y calas de Portocolom<\/h2>\n\n\n\n<h3 class=\"wp-block-heading\">Playas familiares<\/h3>\n\n\n\n<p>Cala Mar\u00e7al, S\u2019Arenal Gran y S\u2019Arenal Petit son opciones tranquilas, con aguas poco profundas y relativamente protegidas del viento. Resultan c\u00f3modas si viajas con ni\u00f1os o si prefieres tener servicios cerca.<\/p>\n\n\n\n<p>Adem\u00e1s, su f\u00e1cil acceso las convierte en buenas alternativas si no quieres caminar demasiado bajo el sol en pleno verano.<\/p>\n\n\n\n<h3 class=\"wp-block-heading\">Calas m\u00e1s tranquilas<\/h3>\n\n\n\n<p>Si te apetece algo m\u00e1s \u00edntimo, merece la pena explorar los alrededores en coche o a pie. En temporada baja, muchas calas pr\u00e1cticamente se vac\u00edan y ofrecen esa sensaci\u00f3n de para\u00edso privado que tanta fama ha dado a Mallorca.<\/p>\n\n\n\n<h2 class=\"wp-block-heading\">Qu\u00e9 hacer en Portocolom: actividades y experiencias<\/h2>\n\n\n\n<h3 class=\"wp-block-heading\">Excursiones en barco<\/h3>\n\n\n\n<p>Recorrer la costa desde el mar permite descubrir cuevas y formaciones rocosas que no se aprecian desde tierra. Hay opciones de medio d\u00eda o jornada completa, algunas con parada para ba\u00f1arse en alta mar.<\/p>\n\n\n\n<h3 class=\"wp-block-heading\">Snorkel y buceo<\/h3>\n\n\n\n<p>La claridad del agua y los fondos rocosos hacen que sea un lugar muy interesante para el snorkel. No hace falta ser experto: con unas gafas y tubo es suficiente para disfrutar observando la vida marina.<\/p>\n\n\n\n<h3 class=\"wp-block-heading\">Senderismo junto al mar<\/h3>\n\n\n\n<p>Los caminos costeros ofrecen rutas sencillas y muy agradables, ideales para caminar al amanecer o al atardecer. No son rutas de gran dificultad, pero s\u00ed muy panor\u00e1micas.<\/p>\n\n\n\n<h3 class=\"wp-block-heading\">Ciclismo<\/h3>\n\n\n\n<p>La zona interior, hacia Felanitx, combina carreteras secundarias tranquilas y paisaje rural. Es habitual ver ciclistas entrenando durante todo el a\u00f1o, aprovechando el clima suave de la isla.<\/p>\n\n\n\n<p>Si quieres saber m\u00e1s sobre <a href=\"https:\/\/surmasterprojects.com\/en\/blog\/excursiones-de-un-dia-desde-portocolom-explora-mallorca\/\">excursiones de un d\u00eda en Portocolom consulta nuestro art\u00edculo<\/a>.<\/p>\n\n\n\n<h2 class=\"wp-block-heading\">D\u00f3nde comer en Portocolom<\/h2>\n\n\n\n<p>La oferta gastron\u00f3mica no es excesivamente amplia, pero s\u00ed cuidada. Predomina la cocina mediterr\u00e1nea con protagonismo del pescado fresco y los productos locales.<\/p>\n\n\n\n<figure class=\"wp-block-image size-full\"><img loading=\"lazy\" decoding=\"async\" width=\"1024\" height=\"614\" src=\"https:\/\/surmasterprojects.com\/wp-content\/uploads\/2022\/04\/hpc_local1.jpg\" alt=\"\" class=\"wp-image-6001\" srcset=\"https:\/\/surmasterprojects.com\/wp-content\/uploads\/2022\/04\/hpc_local1.jpg 1024w, https:\/\/surmasterprojects.com\/wp-content\/uploads\/2022\/04\/hpc_local1-980x588.jpg 980w, https:\/\/surmasterprojects.com\/wp-content\/uploads\/2022\/04\/hpc_local1-480x288.jpg 480w\" sizes=\"(min-width: 0px) and (max-width: 480px) 480px, (min-width: 481px) and (max-width: 980px) 980px, (min-width: 981px) 1024px, 100vw\" \/><\/figure>\n\n\n\n<p>Sentarse en un restaurante junto al puerto, pedir un arroz o pescado del d\u00eda y acompa\u00f1arlo con un vino blanco de la tierra es uno de los grandes placeres del viaje. Tambi\u00e9n encontrar\u00e1s bares sencillos donde probar tapas, ensaladas frescas o una ensaimada con caf\u00e9 por la ma\u00f1ana.<\/p>\n\n\n\n<p>Si quieres saber m\u00e1s sobre <a href=\"https:\/\/surmasterprojects.com\/es\/blog\/donde-comer-en-portocolom-mallorca\/\">d\u00f3nde comer en Portocolom visita nuestro art\u00edculo<\/a>.<\/p>\n\n\n\n<h2 class=\"wp-block-heading\">D\u00f3nde alojarse en Portocolom<\/h2>\n\n\n\n<p>Portocolom no es un destino de grandes resorts, y precisamente ah\u00ed reside parte de su encanto. Aqu\u00ed predominan los alojamientos peque\u00f1os y tranquilos.<\/p>\n\n\n\n<p>Uno de los <a href=\"https:\/\/www.hostalportocolom.com\/\">alojamientos m\u00e1s destacados en Portocolom es el Hostal HPC Portocolom<\/a>, ubicado en el coraz\u00f3n del municipio para unas vacaciones perfectas en Portocolom.<\/p>\n\n\n\n<figure class=\"wp-block-image size-full\"><img loading=\"lazy\" decoding=\"async\" width=\"800\" height=\"600\" src=\"https:\/\/surmasterprojects.com\/wp-content\/uploads\/2024\/07\/hostal-1-600x800-1.jpg\" alt=\"\" class=\"wp-image-8792\" srcset=\"https:\/\/surmasterprojects.com\/wp-content\/uploads\/2024\/07\/hostal-1-600x800-1.jpg 800w, https:\/\/surmasterprojects.com\/wp-content\/uploads\/2024\/07\/hostal-1-600x800-1-480x360.jpg 480w\" sizes=\"(min-width: 0px) and (max-width: 480px) 480px, (min-width: 481px) 800px, 100vw\" \/><\/figure>\n\n\n\n<p>Hay hoteles con vistas al mar, apartamentos tur\u00edsticos bien equipados y casas vacacionales. Si prefieres algo m\u00e1s rural, en el interior del municipio encontrar\u00e1s agroturismos en antiguas fincas mallorquinas rodeadas de vi\u00f1edos y almendros.<\/p>\n\n\n\n<h2 class=\"wp-block-heading\">Portocolom con ni\u00f1os<\/h2>\n\n\n\n<p>Es un destino muy c\u00f3modo para viajar en familia. Las distancias son cortas, el ambiente es tranquilo y las playas principales tienen aguas poco profundas.<\/p>\n\n\n\n<p>Adem\u00e1s, el paseo junto al puerto es amplio y seguro, ideal para caminar al atardecer sin tr\u00e1fico intenso.<\/p>\n\n\n\n<h2 class=\"wp-block-heading\">Cu\u00e1ndo viajar a Portocolom<\/h2>\n\n\n\n<p>El clima mediterr\u00e1neo asegura muchos d\u00edas de sol al a\u00f1o. Los meses de mayo, junio y septiembre son probablemente los m\u00e1s equilibrados: buenas temperaturas y menos visitantes que en pleno verano.<\/p>\n\n\n\n<p>Julio y agosto tienen m\u00e1s ambiente y vida en terrazas, aunque tambi\u00e9n precios m\u00e1s altos. En primavera y oto\u00f1o, el entorno se disfruta especialmente si te gusta caminar o recorrer la isla en bicicleta.<\/p>\n\n\n\n<h2 class=\"wp-block-heading\">Fiestas, ocio y tradiciones<\/h2>\n\n\n\n<p>Las Fiestas del Carme, en julio, son el evento m\u00e1s destacado del a\u00f1o. La procesi\u00f3n mar\u00edtima, con embarcaciones engalanadas, refleja la fuerte vinculaci\u00f3n del pueblo con el mar. M\u00e1s all\u00e1 de estas fechas, Portocolom mantiene una vida tranquila durante todo el a\u00f1o, sin grandes eventos multitudinarios.<\/p>\n\n\n\n<p>Si buscas <a href=\"https:\/\/surmasterprojects.com\/es\/blog\/vida-nocturna-y-entretenimiento-en-mallorca\/\">ocio nocturno en Portocolom consulta nuestro art\u00edculo<\/a> para m\u00e1s informaci\u00f3n.<\/p>\n\n\n\n<h2 class=\"wp-block-heading\">Qu\u00e9 ver cerca de Portocolom<\/h2>\n\n\n\n<p>Si dispones de m\u00e1s d\u00edas, puedes visitar otros lugares interesantes de la zona este como Cala d\u2019Or, Santany\u00ed, las Cuevas del Drach o el Parque Natural de Mondrag\u00f3. Todos ellos se encuentran a poca distancia en coche y permiten complementar tu estancia con m\u00e1s playas, naturaleza y patrimonio.<\/p>\n\n\n\n<p>Para una primera visita, tres o cuatro d\u00edas son suficientes para conocer Portocolom y sus alrededores con calma. Si viajas en verano, conviene reservar alojamiento con antelaci\u00f3n.<\/p>\n\n\n\n<p>Lleva calzado c\u00f3modo para explorar caminos costeros y algo de efectivo para peque\u00f1os establecimientos. Y, sobre todo, no planifiques demasiado: parte del encanto de Portocolom est\u00e1 en dejarse llevar por el ritmo pausado del lugar.<\/p>\n\n\n\n<p>Si buscas una Mallorca m\u00e1s serena, menos bulliciosa y con identidad propia, la respuesta es s\u00ed. Portocolom no impresiona por grandes monumentos, sino por sensaciones: la luz sobre el agua, el sonido de las barcas al balancearse y la tranquilidad de un pueblo que vive de cara al mar. Es un destino que no necesita artificios. Y precisamente por eso, engancha.<\/p>\n","protected":false},"excerpt":{"rendered":"<p>Gu\u00eda de Viaje Portocolom Si hay un rinc\u00f3n en Mallorca que todav\u00eda conserva ese aire de pueblo marinero aut\u00e9ntico, sin grandes complejos hoteleros ni turismo masificado, ese es Portocolom. Aqu\u00ed el ritmo es otro: las ma\u00f1anas huelen a sal y caf\u00e9 reci\u00e9n hecho frente al puerto, las tardes se alargan entre ba\u00f1os en calas de [&hellip;]<\/p>\n","protected":false},"author":1,"featured_media":9389,"comment_status":"open","ping_status":"open","sticky":false,"template":"","format":"standard","meta":{"_et_pb_use_builder":"off","_et_pb_old_content":"","_et_gb_content_width":"1080","footnotes":""},"categories":[17],"tags":[],"class_list":["post-9424","post","type-post","status-publish","format-standard","has-post-thumbnail","hentry","category-portocolom"],"yoast_head":"<!-- This site is optimized with the Yoast SEO plugin v27.4 - https:\/\/yoast.com\/product\/yoast-seo-wordpress\/ -->\n<title>Surmaster Projects<\/title>\n<meta name=\"description\" content=\"Gu\u00eda tur\u00edstica de Portocolom con toda la informaci\u00f3n necesaria para visitar uno de los pueblos m\u00e1s bonitos de Mallorca.\" \/>\n<meta name=\"robots\" content=\"index, follow, max-snippet:-1, max-image-preview:large, max-video-preview:-1\" \/>\n<link rel=\"canonical\" href=\"https:\/\/surmasterprojects.com\/es\/blog\/guia-de-viaje-portocolom\/\" \/>\n<meta property=\"og:locale\" content=\"es_ES\" \/>\n<meta property=\"og:type\" content=\"article\" \/>\n<meta property=\"og:description\" content=\"Gu\u00eda tur\u00edstica de Portocolom con toda la informaci\u00f3n necesaria para visitar uno de los pueblos m\u00e1s bonitos de Mallorca.\" \/>\n<meta property=\"og:url\" content=\"https:\/\/surmasterprojects.com\/es\/blog\/guia-de-viaje-portocolom\/\" \/>\n<meta property=\"og:site_name\" content=\"Surmaster Projects\" \/>\n<meta property=\"article:published_time\" content=\"2026-03-03T10:50:22+00:00\" \/>\n<meta property=\"article:modified_time\" content=\"2026-03-03T10:57:23+00:00\" \/>\n<meta property=\"og:image\" content=\"https:\/\/surmasterprojects.com\/wp-content\/uploads\/2025\/12\/portocolom-plan-romantico-parejas-scaled.jpg\" \/>\n\t<meta property=\"og:image:width\" content=\"2560\" \/>\n\t<meta property=\"og:image:height\" content=\"1920\" \/>\n\t<meta property=\"og:image:type\" content=\"image\/jpeg\" \/>\n<meta name=\"author\" content=\"admin\" \/>\n<meta name=\"twitter:card\" content=\"summary_large_image\" \/>\n<meta name=\"twitter:label1\" content=\"Escrito por\" \/>\n\t<meta name=\"twitter:data1\" content=\"admin\" \/>\n\t<meta name=\"twitter:label2\" content=\"Tiempo de lectura\" \/>\n\t<meta name=\"twitter:data2\" content=\"11 minutos\" \/>\n<script type=\"application\/ld+json\" class=\"yoast-schema-graph\">{\"@context\":\"https:\\\/\\\/schema.org\",\"@graph\":[{\"@type\":\"Article\",\"@id\":\"https:\\\/\\\/surmasterprojects.com\\\/blog\\\/guia-de-viaje-portocolom\\\/#article\",\"isPartOf\":{\"@id\":\"https:\\\/\\\/surmasterprojects.com\\\/blog\\\/guia-de-viaje-portocolom\\\/\"},\"author\":{\"name\":\"admin\",\"@id\":\"https:\\\/\\\/surmasterprojects.com\\\/es\\\/#\\\/schema\\\/person\\\/e91face8d14f85c1a1e8281796c8dc8f\"},\"headline\":\"Guia de Viaje Portocolom\",\"datePublished\":\"2026-03-03T10:50:22+00:00\",\"dateModified\":\"2026-03-03T10:57:23+00:00\",\"mainEntityOfPage\":{\"@id\":\"https:\\\/\\\/surmasterprojects.com\\\/blog\\\/guia-de-viaje-portocolom\\\/\"},\"wordCount\":2146,\"commentCount\":0,\"publisher\":{\"@id\":\"https:\\\/\\\/surmasterprojects.com\\\/es\\\/#organization\"},\"image\":{\"@id\":\"https:\\\/\\\/surmasterprojects.com\\\/blog\\\/guia-de-viaje-portocolom\\\/#primaryimage\"},\"thumbnailUrl\":\"https:\\\/\\\/surmasterprojects.com\\\/wp-content\\\/uploads\\\/2025\\\/12\\\/portocolom-plan-romantico-parejas-scaled.jpg\",\"articleSection\":[\"Portocolom: Gu\u00eda completa\"],\"inLanguage\":\"es\",\"potentialAction\":[{\"@type\":\"CommentAction\",\"name\":\"Comment\",\"target\":[\"https:\\\/\\\/surmasterprojects.com\\\/blog\\\/guia-de-viaje-portocolom\\\/#respond\"]}]},{\"@type\":\"WebPage\",\"@id\":\"https:\\\/\\\/surmasterprojects.com\\\/blog\\\/guia-de-viaje-portocolom\\\/\",\"url\":\"https:\\\/\\\/surmasterprojects.com\\\/blog\\\/guia-de-viaje-portocolom\\\/\",\"name\":\"\",\"isPartOf\":{\"@id\":\"https:\\\/\\\/surmasterprojects.com\\\/es\\\/#website\"},\"primaryImageOfPage\":{\"@id\":\"https:\\\/\\\/surmasterprojects.com\\\/blog\\\/guia-de-viaje-portocolom\\\/#primaryimage\"},\"image\":{\"@id\":\"https:\\\/\\\/surmasterprojects.com\\\/blog\\\/guia-de-viaje-portocolom\\\/#primaryimage\"},\"thumbnailUrl\":\"https:\\\/\\\/surmasterprojects.com\\\/wp-content\\\/uploads\\\/2025\\\/12\\\/portocolom-plan-romantico-parejas-scaled.jpg\",\"datePublished\":\"2026-03-03T10:50:22+00:00\",\"dateModified\":\"2026-03-03T10:57:23+00:00\",\"description\":\"Gu\u00eda tur\u00edstica de Portocolom con toda la informaci\u00f3n necesaria para visitar uno de los pueblos m\u00e1s bonitos de Mallorca.\",\"breadcrumb\":{\"@id\":\"https:\\\/\\\/surmasterprojects.com\\\/blog\\\/guia-de-viaje-portocolom\\\/#breadcrumb\"},\"inLanguage\":\"es\",\"potentialAction\":[{\"@type\":\"ReadAction\",\"target\":[\"https:\\\/\\\/surmasterprojects.com\\\/blog\\\/guia-de-viaje-portocolom\\\/\"]}]},{\"@type\":\"ImageObject\",\"inLanguage\":\"es\",\"@id\":\"https:\\\/\\\/surmasterprojects.com\\\/blog\\\/guia-de-viaje-portocolom\\\/#primaryimage\",\"url\":\"https:\\\/\\\/surmasterprojects.com\\\/wp-content\\\/uploads\\\/2025\\\/12\\\/portocolom-plan-romantico-parejas-scaled.jpg\",\"contentUrl\":\"https:\\\/\\\/surmasterprojects.com\\\/wp-content\\\/uploads\\\/2025\\\/12\\\/portocolom-plan-romantico-parejas-scaled.jpg\",\"width\":2560,\"height\":1920},{\"@type\":\"BreadcrumbList\",\"@id\":\"https:\\\/\\\/surmasterprojects.com\\\/blog\\\/guia-de-viaje-portocolom\\\/#breadcrumb\",\"itemListElement\":[{\"@type\":\"ListItem\",\"position\":1,\"name\":\"Portada\",\"item\":\"https:\\\/\\\/surmasterprojects.com\\\/es\\\/\"},{\"@type\":\"ListItem\",\"position\":2,\"name\":\"Guia de Viaje Portocolom\"}]},{\"@type\":\"WebSite\",\"@id\":\"https:\\\/\\\/surmasterprojects.com\\\/es\\\/#website\",\"url\":\"https:\\\/\\\/surmasterprojects.com\\\/es\\\/\",\"name\":\"Surmaster Projects\",\"description\":\"\",\"publisher\":{\"@id\":\"https:\\\/\\\/surmasterprojects.com\\\/es\\\/#organization\"},\"potentialAction\":[{\"@type\":\"SearchAction\",\"target\":{\"@type\":\"EntryPoint\",\"urlTemplate\":\"https:\\\/\\\/surmasterprojects.com\\\/es\\\/?s={search_term_string}\"},\"query-input\":{\"@type\":\"PropertyValueSpecification\",\"valueRequired\":true,\"valueName\":\"search_term_string\"}}],\"inLanguage\":\"es\"},{\"@type\":\"Organization\",\"@id\":\"https:\\\/\\\/surmasterprojects.com\\\/es\\\/#organization\",\"name\":\"Surmaster Projects\",\"url\":\"https:\\\/\\\/surmasterprojects.com\\\/es\\\/\",\"logo\":{\"@type\":\"ImageObject\",\"inLanguage\":\"es\",\"@id\":\"https:\\\/\\\/surmasterprojects.com\\\/es\\\/#\\\/schema\\\/logo\\\/image\\\/\",\"url\":\"https:\\\/\\\/surmasterprojects.com\\\/wp-content\\\/uploads\\\/2022\\\/04\\\/cropped-Logo_GrupoSurmaster_negativo.png\",\"contentUrl\":\"https:\\\/\\\/surmasterprojects.com\\\/wp-content\\\/uploads\\\/2022\\\/04\\\/cropped-Logo_GrupoSurmaster_negativo.png\",\"width\":512,\"height\":512,\"caption\":\"Surmaster Projects\"},\"image\":{\"@id\":\"https:\\\/\\\/surmasterprojects.com\\\/es\\\/#\\\/schema\\\/logo\\\/image\\\/\"}},{\"@type\":\"Person\",\"@id\":\"https:\\\/\\\/surmasterprojects.com\\\/es\\\/#\\\/schema\\\/person\\\/e91face8d14f85c1a1e8281796c8dc8f\",\"name\":\"admin\",\"image\":{\"@type\":\"ImageObject\",\"inLanguage\":\"es\",\"@id\":\"https:\\\/\\\/surmasterprojects.com\\\/wp-content\\\/litespeed\\\/avatar\\\/891d1cd506ea39e67ffae4cde18491f4.jpg?ver=1776813681\",\"url\":\"https:\\\/\\\/surmasterprojects.com\\\/wp-content\\\/litespeed\\\/avatar\\\/891d1cd506ea39e67ffae4cde18491f4.jpg?ver=1776813681\",\"contentUrl\":\"https:\\\/\\\/surmasterprojects.com\\\/wp-content\\\/litespeed\\\/avatar\\\/891d1cd506ea39e67ffae4cde18491f4.jpg?ver=1776813681\",\"caption\":\"admin\"},\"sameAs\":[\"http:\\\/\\\/surmasterprojects.com\"]}]}<\/script>\n<!-- \/ Yoast SEO plugin. -->","yoast_head_json":{"title":"Surmaster Projects","description":"Gu\u00eda tur\u00edstica de Portocolom con toda la informaci\u00f3n necesaria para visitar uno de los pueblos m\u00e1s bonitos de Mallorca.","robots":{"index":"index","follow":"follow","max-snippet":"max-snippet:-1","max-image-preview":"max-image-preview:large","max-video-preview":"max-video-preview:-1"},"canonical":"https:\/\/surmasterprojects.com\/es\/blog\/guia-de-viaje-portocolom\/","og_locale":"es_ES","og_type":"article","og_description":"Gu\u00eda tur\u00edstica de Portocolom con toda la informaci\u00f3n necesaria para visitar uno de los pueblos m\u00e1s bonitos de Mallorca.","og_url":"https:\/\/surmasterprojects.com\/es\/blog\/guia-de-viaje-portocolom\/","og_site_name":"Surmaster Projects","article_published_time":"2026-03-03T10:50:22+00:00","article_modified_time":"2026-03-03T10:57:23+00:00","og_image":[{"width":2560,"height":1920,"url":"https:\/\/surmasterprojects.com\/wp-content\/uploads\/2025\/12\/portocolom-plan-romantico-parejas-scaled.jpg","type":"image\/jpeg"}],"author":"admin","twitter_card":"summary_large_image","twitter_misc":{"Escrito por":"admin","Tiempo de lectura":"11 minutos"},"schema":{"@context":"https:\/\/schema.org","@graph":[{"@type":"Article","@id":"https:\/\/surmasterprojects.com\/blog\/guia-de-viaje-portocolom\/#article","isPartOf":{"@id":"https:\/\/surmasterprojects.com\/blog\/guia-de-viaje-portocolom\/"},"author":{"name":"admin","@id":"https:\/\/surmasterprojects.com\/es\/#\/schema\/person\/e91face8d14f85c1a1e8281796c8dc8f"},"headline":"Guia de Viaje Portocolom","datePublished":"2026-03-03T10:50:22+00:00","dateModified":"2026-03-03T10:57:23+00:00","mainEntityOfPage":{"@id":"https:\/\/surmasterprojects.com\/blog\/guia-de-viaje-portocolom\/"},"wordCount":2146,"commentCount":0,"publisher":{"@id":"https:\/\/surmasterprojects.com\/es\/#organization"},"image":{"@id":"https:\/\/surmasterprojects.com\/blog\/guia-de-viaje-portocolom\/#primaryimage"},"thumbnailUrl":"https:\/\/surmasterprojects.com\/wp-content\/uploads\/2025\/12\/portocolom-plan-romantico-parejas-scaled.jpg","articleSection":["Portocolom: Gu\u00eda completa"],"inLanguage":"es","potentialAction":[{"@type":"CommentAction","name":"Comment","target":["https:\/\/surmasterprojects.com\/blog\/guia-de-viaje-portocolom\/#respond"]}]},{"@type":"WebPage","@id":"https:\/\/surmasterprojects.com\/blog\/guia-de-viaje-portocolom\/","url":"https:\/\/surmasterprojects.com\/blog\/guia-de-viaje-portocolom\/","name":"","isPartOf":{"@id":"https:\/\/surmasterprojects.com\/es\/#website"},"primaryImageOfPage":{"@id":"https:\/\/surmasterprojects.com\/blog\/guia-de-viaje-portocolom\/#primaryimage"},"image":{"@id":"https:\/\/surmasterprojects.com\/blog\/guia-de-viaje-portocolom\/#primaryimage"},"thumbnailUrl":"https:\/\/surmasterprojects.com\/wp-content\/uploads\/2025\/12\/portocolom-plan-romantico-parejas-scaled.jpg","datePublished":"2026-03-03T10:50:22+00:00","dateModified":"2026-03-03T10:57:23+00:00","description":"Gu\u00eda tur\u00edstica de Portocolom con toda la informaci\u00f3n necesaria para visitar uno de los pueblos m\u00e1s bonitos de Mallorca.","breadcrumb":{"@id":"https:\/\/surmasterprojects.com\/blog\/guia-de-viaje-portocolom\/#breadcrumb"},"inLanguage":"es","potentialAction":[{"@type":"ReadAction","target":["https:\/\/surmasterprojects.com\/blog\/guia-de-viaje-portocolom\/"]}]},{"@type":"ImageObject","inLanguage":"es","@id":"https:\/\/surmasterprojects.com\/blog\/guia-de-viaje-portocolom\/#primaryimage","url":"https:\/\/surmasterprojects.com\/wp-content\/uploads\/2025\/12\/portocolom-plan-romantico-parejas-scaled.jpg","contentUrl":"https:\/\/surmasterprojects.com\/wp-content\/uploads\/2025\/12\/portocolom-plan-romantico-parejas-scaled.jpg","width":2560,"height":1920},{"@type":"BreadcrumbList","@id":"https:\/\/surmasterprojects.com\/blog\/guia-de-viaje-portocolom\/#breadcrumb","itemListElement":[{"@type":"ListItem","position":1,"name":"Portada","item":"https:\/\/surmasterprojects.com\/es\/"},{"@type":"ListItem","position":2,"name":"Guia de Viaje Portocolom"}]},{"@type":"WebSite","@id":"https:\/\/surmasterprojects.com\/es\/#website","url":"https:\/\/surmasterprojects.com\/es\/","name":"Surmaster Projects","description":"","publisher":{"@id":"https:\/\/surmasterprojects.com\/es\/#organization"},"potentialAction":[{"@type":"SearchAction","target":{"@type":"EntryPoint","urlTemplate":"https:\/\/surmasterprojects.com\/es\/?s={search_term_string}"},"query-input":{"@type":"PropertyValueSpecification","valueRequired":true,"valueName":"search_term_string"}}],"inLanguage":"es"},{"@type":"Organization","@id":"https:\/\/surmasterprojects.com\/es\/#organization","name":"Surmaster Projects","url":"https:\/\/surmasterprojects.com\/es\/","logo":{"@type":"ImageObject","inLanguage":"es","@id":"https:\/\/surmasterprojects.com\/es\/#\/schema\/logo\/image\/","url":"https:\/\/surmasterprojects.com\/wp-content\/uploads\/2022\/04\/cropped-Logo_GrupoSurmaster_negativo.png","contentUrl":"https:\/\/surmasterprojects.com\/wp-content\/uploads\/2022\/04\/cropped-Logo_GrupoSurmaster_negativo.png","width":512,"height":512,"caption":"Surmaster Projects"},"image":{"@id":"https:\/\/surmasterprojects.com\/es\/#\/schema\/logo\/image\/"}},{"@type":"Person","@id":"https:\/\/surmasterprojects.com\/es\/#\/schema\/person\/e91face8d14f85c1a1e8281796c8dc8f","name":"admin","image":{"@type":"ImageObject","inLanguage":"es","@id":"https:\/\/surmasterprojects.com\/wp-content\/litespeed\/avatar\/891d1cd506ea39e67ffae4cde18491f4.jpg?ver=1776813681","url":"https:\/\/surmasterprojects.com\/wp-content\/litespeed\/avatar\/891d1cd506ea39e67ffae4cde18491f4.jpg?ver=1776813681","contentUrl":"https:\/\/surmasterprojects.com\/wp-content\/litespeed\/avatar\/891d1cd506ea39e67ffae4cde18491f4.jpg?ver=1776813681","caption":"admin"},"sameAs":["http:\/\/surmasterprojects.com"]}]}},"_links":{"self":[{"href":"https:\/\/surmasterprojects.com\/es\/wp-json\/wp\/v2\/posts\/9424","targetHints":{"allow":["GET"]}}],"collection":[{"href":"https:\/\/surmasterprojects.com\/es\/wp-json\/wp\/v2\/posts"}],"about":[{"href":"https:\/\/surmasterprojects.com\/es\/wp-json\/wp\/v2\/types\/post"}],"author":[{"embeddable":true,"href":"https:\/\/surmasterprojects.com\/es\/wp-json\/wp\/v2\/users\/1"}],"replies":[{"embeddable":true,"href":"https:\/\/surmasterprojects.com\/es\/wp-json\/wp\/v2\/comments?post=9424"}],"version-history":[{"count":5,"href":"https:\/\/surmasterprojects.com\/es\/wp-json\/wp\/v2\/posts\/9424\/revisions"}],"predecessor-version":[{"id":9431,"href":"https:\/\/surmasterprojects.com\/es\/wp-json\/wp\/v2\/posts\/9424\/revisions\/9431"}],"wp:featuredmedia":[{"embeddable":true,"href":"https:\/\/surmasterprojects.com\/es\/wp-json\/wp\/v2\/media\/9389"}],"wp:attachment":[{"href":"https:\/\/surmasterprojects.com\/es\/wp-json\/wp\/v2\/media?parent=9424"}],"wp:term":[{"taxonomy":"category","embeddable":true,"href":"https:\/\/surmasterprojects.com\/es\/wp-json\/wp\/v2\/categories?post=9424"},{"taxonomy":"post_tag","embeddable":true,"href":"https:\/\/surmasterprojects.com\/es\/wp-json\/wp\/v2\/tags?post=9424"}],"curies":[{"name":"wp","href":"https:\/\/api.w.org\/{rel}","templated":true}]}}